{"id":43570,"date":"2014-02-25T10:47:26","date_gmt":"2014-02-25T13:47:26","guid":{"rendered":"http:\/\/www.eltrabajo.cl\/portal\/?p=43570"},"modified":"2014-02-25T10:47:26","modified_gmt":"2014-02-25T13:47:26","slug":"menor-pierde-parte-de-un-dedo-tras-euforia-del-publico-en-carnaval-de-la-chaya","status":"publish","type":"post","link":"https:\/\/eltrabajo.cl\/portal\/menor-pierde-parte-de-un-dedo-tras-euforia-del-publico-en-carnaval-de-la-chaya\/","title":{"rendered":"Menor pierde parte de un dedo tras euforia del p\u00fablico en carnaval de la chaya"},"content":{"rendered":"<figure id=\"attachment_43571\" aria-describedby=\"caption-attachment-43571\" style=\"width: 423px\" class=\"wp-caption alignleft\"><a href=\"https:\/\/i0.wp.com\/www.eltrabajo.cl\/portal\/wp-content\/uploads\/2014\/02\/padres-menor-amputada.jpg\"><img data-recalc-dims=\"1\" loading=\"lazy\" decoding=\"async\" class=\" wp-image-43571 \" alt=\"Claudia Cataldo y Mario N\u00fa\u00f1ez, padres de la menor de 9 a\u00f1os que sufri\u00f3 el accidente.\" src=\"https:\/\/i0.wp.com\/www.eltrabajo.cl\/portal\/wp-content\/uploads\/2014\/02\/padres-menor-amputada.jpg?resize=423%2C321\" width=\"423\" height=\"321\" srcset=\"https:\/\/i0.wp.com\/eltrabajo.cl\/portal\/wp-content\/uploads\/2014\/02\/padres-menor-amputada.jpg?w=529&amp;ssl=1 529w, https:\/\/i0.wp.com\/eltrabajo.cl\/portal\/wp-content\/uploads\/2014\/02\/padres-menor-amputada.jpg?resize=197%2C150&amp;ssl=1 197w, https:\/\/i0.wp.com\/eltrabajo.cl\/portal\/wp-content\/uploads\/2014\/02\/padres-menor-amputada.jpg?resize=300%2C227&amp;ssl=1 300w, https:\/\/i0.wp.com\/eltrabajo.cl\/portal\/wp-content\/uploads\/2014\/02\/padres-menor-amputada.jpg?resize=150%2C113&amp;ssl=1 150w, https:\/\/i0.wp.com\/eltrabajo.cl\/portal\/wp-content\/uploads\/2014\/02\/padres-menor-amputada.jpg?resize=400%2C303&amp;ssl=1 400w\" sizes=\"auto, (max-width: 423px) 100vw, 423px\" \/><\/a><figcaption id=\"caption-attachment-43571\" class=\"wp-caption-text\">Claudia Cataldo y Mario N\u00fa\u00f1ez, padres de la menor de 9 a\u00f1os que sufri\u00f3 el accidente.<\/figcaption><\/figure>\n<p><strong style=\"font-size: 13px;\">PUTAENDO.<\/strong><span style=\"font-size: 13px;\">&#8211; Bastante preocupaci\u00f3n ha causado la noticia que adelant\u00e1ramos ayer respecto a una menor de 9 a\u00f1os de edad identificada con las iniciales A.N.C., quien sufri\u00f3 la amputaci\u00f3n parcial de su dedo medio de su mano izquierda, luego que colapsaran las barreras instaladas en la plaza de Putaendo frente al escenario en la \u00faltima jornada del Carnaval de la Chaya.<\/span><\/p>\n<p>Claudia Cataldo y Mario N\u00fa\u00f1ez, padres de la menor de 9 a\u00f1os, se\u00f1alaron a nuestro medio que su hija junto a una prima de 15 a\u00f1os acudieron hasta la plaza de Putaendo, pues so\u00f1aba con ver el show en vivo de Eycy &amp; Cody, para lo cual se instalaron frente al escenario, afirmadas de la valla papal a presenciar el espect\u00e1culo.<\/p>\n<p>&nbsp;<\/p>\n<figure id=\"attachment_43572\" aria-describedby=\"caption-attachment-43572\" style=\"width: 317px\" class=\"wp-caption alignright\"><a href=\"https:\/\/i0.wp.com\/www.eltrabajo.cl\/portal\/wp-content\/uploads\/2014\/02\/AlcaldeReyes-e1393271161599.jpg\"><img data-recalc-dims=\"1\" loading=\"lazy\" decoding=\"async\" class=\" wp-image-43572 \" alt=\"El Alcalde Guillermo Reyes lament\u00f3 lo ocurrido y se puso a disposici\u00f3n de la familia.\" src=\"https:\/\/i0.wp.com\/www.eltrabajo.cl\/portal\/wp-content\/uploads\/2014\/02\/AlcaldeReyes-e1393271161599.jpg?resize=317%2C249\" width=\"317\" height=\"249\" srcset=\"https:\/\/i0.wp.com\/eltrabajo.cl\/portal\/wp-content\/uploads\/2014\/02\/AlcaldeReyes-e1393271161599.jpg?w=529&amp;ssl=1 529w, https:\/\/i0.wp.com\/eltrabajo.cl\/portal\/wp-content\/uploads\/2014\/02\/AlcaldeReyes-e1393271161599.jpg?resize=191%2C150&amp;ssl=1 191w, https:\/\/i0.wp.com\/eltrabajo.cl\/portal\/wp-content\/uploads\/2014\/02\/AlcaldeReyes-e1393271161599.jpg?resize=300%2C235&amp;ssl=1 300w, https:\/\/i0.wp.com\/eltrabajo.cl\/portal\/wp-content\/uploads\/2014\/02\/AlcaldeReyes-e1393271161599.jpg?resize=150%2C117&amp;ssl=1 150w, https:\/\/i0.wp.com\/eltrabajo.cl\/portal\/wp-content\/uploads\/2014\/02\/AlcaldeReyes-e1393271161599.jpg?resize=400%2C313&amp;ssl=1 400w\" sizes=\"auto, (max-width: 317px) 100vw, 317px\" \/><\/a><figcaption id=\"caption-attachment-43572\" class=\"wp-caption-text\">El Alcalde Guillermo Reyes lament\u00f3 lo ocurrido y se puso a disposici\u00f3n de la familia.<\/figcaption><\/figure>\n<p>Los padres de la menor indicaron que cuando hizo el ingreso el grupo Eycy &amp; Cody, la gente comenz\u00f3 a empujar hacia adelante mientras que algunas personas desde el otro lado trataban de evitar que las vallas colapsaran, y fue en ese momento cuando la mano de su hija qued\u00f3 aprisionada entre la uni\u00f3n de dos barreras, y al producirse el ingreso de las personas hasta donde estaban ubicadas las sillas, sinti\u00f3 un fuerte tir\u00f3n y su prima se percat\u00f3 de la lesi\u00f3n que ten\u00eda en la mano y con empujones e incluso golpes se abri\u00f3 paso entre la multitud y dio aviso a familiares que trasladaron a la peque\u00f1a hasta el Hospital San Antonio, desde donde fue derivada hasta el Hospital San Camilo de San Felipe para ser intervenida quir\u00fargicamente, debiendo amputarle parte del dedo, adem\u00e1s de realizarle un injerto de tejido.<\/p>\n<p>La menor de edad permanece hospitalizada y sus padres indican que tiene lesiones de car\u00e1cter grave, adem\u00e1s aseguran que lo ocurrido en la \u00faltima noche del Carnaval de la Chaya se pudo haber transformado en una tragedia y no dudaron en responsabilizar a la Municipalidad de Putaendo por no tomar las medidas de seguridad necesarias, ante lo cual realizaron la denuncia ante Carabineros y analizar\u00e1n la presentaci\u00f3n de una querella en el Tribunal Mixto de Putaendo.<\/p>\n<p>Esta familia viaj\u00f3 desde el norte del pa\u00eds a visitar familiares con motivo del Carnaval de la Chaya y seg\u00fan se\u00f1alaron a nuestro medio, mientras atend\u00edan a su hija en el servicio de urgencia del Hospital San Antonio, a lo menos tres menores de edad y una persona embarazada tambi\u00e9n llegaron hasta el recinto de salud, luego de haber sido apretados e incluso pisados por la gran cantidad de p\u00fablico que hizo que las barreras de contenci\u00f3n cedieran ante la presi\u00f3n de quienes quer\u00edan acercarse al escenario central para presenciar el show de Eycy &amp; Cody.<\/p>\n<p>&nbsp;<\/p>\n<p><strong>Alcalde lamenta lo ocurrido<\/strong><\/p>\n<p>El alcalde Guillermo Reyes se refiri\u00f3 a la situaci\u00f3n que afecta a la menor, lamentando profundamente la situaci\u00f3n ocurrida y a nombre de la Municipalidad de Putaendo expres\u00f3 su sentimiento de adhesi\u00f3n y solidaridad hacia la familia de la peque\u00f1a ante los momentos dif\u00edciles que est\u00e1n viviendo.<\/p>\n<p>El edil se\u00f1al\u00f3 que en l\u00edneas generales el plan de emergencia que se ten\u00eda presupuestado funcion\u00f3 de acuerdo a lo establecido, pues se dio la orden de sacar todas las sillas desde la \u2018platea\u2019 y claramente era imposible seguir afirmando las vallas papales, porque las personas que estaban en la primera l\u00ednea estaban siendo aprisionadas producto de la cantidad de gente que los empujaba hacia adelante, por lo que \u00e9l pidi\u00f3 a los guardias y a los funcionarios municipales que comenzaran a abrir las rejas en forma gradual para que en su mayor\u00eda los j\u00f3venes ingresaran al lugar donde estaban ubicadas las sillas.<\/p>\n<p>Guillermo Reyes indic\u00f3 adem\u00e1s que la situaci\u00f3n se torn\u00f3 complicada, sobre todo cuando comenzaron a arrojar spray a los guardias, a los funcionarios municipales e incluso a \u00e9l mismo que se vio afectado en sus ojos con este producto que era arrojado por los asistentes para que el personal de seguridad soltara las vallas y ah\u00ed se gener\u00f3 que muchos ingresaron de mala forma pasando a llevar a personas y ni\u00f1os que estaban en el p\u00fablico.<\/p>\n<p>El Alcalde de Putaendo dijo que los guardias sacaron a dos peque\u00f1as que estaban solas y pegadas a la reja e incluso todos se dieron cuenta cuando fueron sacados dos coches por sobre las vallas y que de no haber actuado como se hizo por parte de la organizaci\u00f3n, incluso se pudo haber ocasionado una tragedia.<\/p>\n<p>En cuanto al accidente que afect\u00f3 a una menor de edad, el Alcalde Guillermo Reyes tom\u00f3 contacto telef\u00f3nico con el padre de la peque\u00f1a, con quien en las pr\u00f3ximas horas se reunir\u00e1 personalmente.<\/p>\n<p>Finalmente el edil dijo que la municipalidad se pone a disposici\u00f3n de la familia de la afectada, pues lamentan lo ocurrido y es su deber colaborar en lo que est\u00e9 a su alcance, adem\u00e1s indic\u00f3 que hoy conf\u00eda plenamente en lo que puedan hacer los m\u00e9dicos que est\u00e1n atendiendo a la menor que en este momento es lo m\u00e1s importante.<\/p>\n<p>Mario N\u00fa\u00f1ez, padre de la menor de edad accidentada en contacto telef\u00f3nico con nuestro medio, se\u00f1al\u00f3 que su hija se ha visto complicada en las \u00faltimas horas, aparentemente por un rechazo al injerto que se le realiz\u00f3 y que este martes ser\u00e1 trasladada hasta la Unidad de Traumatolog\u00eda del Hospital San Juan de Dios de Los Andes, donde eventualmente ser\u00eda intervenida quir\u00fargicamente una vez m\u00e1s, lo que se resolver\u00e1 una vez que sea atendida por los especialistas de ese recinto de salud.<\/p>\n<p>El padre de la menor indic\u00f3 adem\u00e1s que el temor que sienten es el da\u00f1o psicol\u00f3gico que pueda afectar a su hija tras el accidente, sin considerar las lesiones f\u00edsicas que puedan quedar de por vida en su mano.<\/p>\n<p>Patricio Gallardo M.<\/p>\n<p>&nbsp;<\/p>\n","protected":false},"excerpt":{"rendered":"<p>PUTAENDO.&#8211; Bastante preocupaci\u00f3n ha causado la noticia que adelant\u00e1ramos ayer respecto a una menor de 9 a\u00f1os de edad identificada con las iniciales A.N.C., quien sufri\u00f3 la amputaci\u00f3n parcial de su dedo&#8230;<\/p>\n","protected":false},"author":482,"featured_media":43571,"comment_status":"open","ping_status":"closed","sticky":false,"template":"","format":"standard","meta":{"advanced_seo_description":"","jetpack_seo_html_title":"","jetpack_seo_noindex":false,"_jetpack_memberships_contains_paid_content":false,"footnotes":""},"categories":[1],"tags":[],"class_list":["post-43570","post","type-post","status-publish","format-standard","has-post-thumbnail","hentry","category-cronica"],"jetpack_featured_media_url":"https:\/\/i0.wp.com\/eltrabajo.cl\/portal\/wp-content\/uploads\/2014\/02\/padres-menor-amputada.jpg?fit=529%2C401&ssl=1","jetpack_sharing_enabled":true,"jetpack_likes_enabled":true,"jetpack-related-posts":[],"_links":{"self":[{"href":"https:\/\/eltrabajo.cl\/portal\/wp-json\/wp\/v2\/posts\/43570","targetHints":{"allow":["GET"]}}],"collection":[{"href":"https:\/\/eltrabajo.cl\/portal\/wp-json\/wp\/v2\/posts"}],"about":[{"href":"https:\/\/eltrabajo.cl\/portal\/wp-json\/wp\/v2\/types\/post"}],"author":[{"embeddable":true,"href":"https:\/\/eltrabajo.cl\/portal\/wp-json\/wp\/v2\/users\/482"}],"replies":[{"embeddable":true,"href":"https:\/\/eltrabajo.cl\/portal\/wp-json\/wp\/v2\/comments?post=43570"}],"version-history":[{"count":0,"href":"https:\/\/eltrabajo.cl\/portal\/wp-json\/wp\/v2\/posts\/43570\/revisions"}],"wp:featuredmedia":[{"embeddable":true,"href":"https:\/\/eltrabajo.cl\/portal\/wp-json\/wp\/v2\/media\/43571"}],"wp:attachment":[{"href":"https:\/\/eltrabajo.cl\/portal\/wp-json\/wp\/v2\/media?parent=43570"}],"wp:term":[{"taxonomy":"category","embeddable":true,"href":"https:\/\/eltrabajo.cl\/portal\/wp-json\/wp\/v2\/categories?post=43570"},{"taxonomy":"post_tag","embeddable":true,"href":"https:\/\/eltrabajo.cl\/portal\/wp-json\/wp\/v2\/tags?post=43570"}],"curies":[{"name":"wp","href":"https:\/\/api.w.org\/{rel}","templated":true}]}}