{"id":43575,"date":"2014-02-25T10:51:33","date_gmt":"2014-02-25T13:51:33","guid":{"rendered":"http:\/\/www.eltrabajo.cl\/portal\/?p=43575"},"modified":"2014-02-25T10:51:33","modified_gmt":"2014-02-25T13:51:33","slug":"vecinos-molestos-porque-la-justicia-libera-a-detenidos-en-operativos","status":"publish","type":"post","link":"https:\/\/eltrabajo.cl\/portal\/vecinos-molestos-porque-la-justicia-libera-a-detenidos-en-operativos\/","title":{"rendered":"Vecinos molestos porque la Justicia libera a detenidos en operativos"},"content":{"rendered":"<p><span style=\"font-size: 13px;\">\u00a0<\/span><\/p>\n<figure id=\"attachment_43576\" aria-describedby=\"caption-attachment-43576\" style=\"width: 317px\" class=\"wp-caption alignleft\"><a href=\"https:\/\/i0.wp.com\/www.eltrabajo.cl\/portal\/wp-content\/uploads\/2014\/02\/Veronica-Mondaga.jpg\"><img data-recalc-dims=\"1\" loading=\"lazy\" decoding=\"async\" class=\" wp-image-43576 \" alt=\"VALENT\u00cdA.- Ver\u00f3nica Mondaga, Secretaria de la Junta Vecinal  Bueras y Duco.\" src=\"https:\/\/i0.wp.com\/www.eltrabajo.cl\/portal\/wp-content\/uploads\/2014\/02\/Veronica-Mondaga.jpg?resize=317%2C274\" width=\"317\" height=\"274\" srcset=\"https:\/\/i0.wp.com\/eltrabajo.cl\/portal\/wp-content\/uploads\/2014\/02\/Veronica-Mondaga.jpg?w=529&amp;ssl=1 529w, https:\/\/i0.wp.com\/eltrabajo.cl\/portal\/wp-content\/uploads\/2014\/02\/Veronica-Mondaga.jpg?resize=174%2C150&amp;ssl=1 174w, https:\/\/i0.wp.com\/eltrabajo.cl\/portal\/wp-content\/uploads\/2014\/02\/Veronica-Mondaga.jpg?resize=300%2C258&amp;ssl=1 300w, https:\/\/i0.wp.com\/eltrabajo.cl\/portal\/wp-content\/uploads\/2014\/02\/Veronica-Mondaga.jpg?resize=150%2C129&amp;ssl=1 150w, https:\/\/i0.wp.com\/eltrabajo.cl\/portal\/wp-content\/uploads\/2014\/02\/Veronica-Mondaga.jpg?resize=400%2C344&amp;ssl=1 400w\" sizes=\"auto, (max-width: 317px) 100vw, 317px\" \/><\/a><figcaption id=\"caption-attachment-43576\" class=\"wp-caption-text\">VALENT\u00cdA.- Ver\u00f3nica Mondaga, Secretaria de la Junta Vecinal Bueras y Duco.<\/figcaption><\/figure>\n<p>Tras varios meses de haberse desarrollado en Villa 250 A\u00f1os los violentos disturbios que le arrebataron la vida a Luis Jonathan Leiva Mallea en diciembre de 2013, y tras varias arremetidas policiales con miras a restablecer el control en esa poblaci\u00f3n sanfelipe\u00f1a, Diario El Trabajo habl\u00f3 este lunes con algunos vecinos de ese sector, con miras a conocer c\u00f3mo perciben ellos la problem\u00e1tica en la que sobreviven diariamente.<\/p>\n<p>&nbsp;<\/p>\n<p><strong>\u00abAQU\u00cd ESTAMOS\u00a0MUY ENOJADOS\u00bb<\/strong><\/p>\n<p>Aunque fueron varias las personas las que se\u00f1alaron a nuestro medio sus opiniones y reclamos sobre la inseguridad en la que viven, no todas ellas quisieron ser fotografiadas, sin embargo la Secretaria de la Junta Vecinal Bueras y Duco, aleda\u00f1a a Villa 250 A\u00f1os, Ver\u00f3nica Mondaga, quien valientemente expuso sus puntos de vista sobre lo que para ella se trata de una eterna lucha por vivir en paz.<\/p>\n<p><strong>&#8211; \u00bfSe ven mejoras en Villa 250 luego de los recientes operativos policiales?<\/strong><\/p>\n<p>&#8211; \u00abLos vecinos estamos muy enojados, pues aunque aqu\u00ed podemos percibir una leve mejor\u00eda sobre el factor seguridad, y si bien es cierto que Carabineros hace su pega para sacar a las personas violentas y problem\u00e1ticas de las calles, queda la embarrada, pues la justicia al tiro los deja en libertad\u00bb.<\/p>\n<p>&nbsp;<\/p>\n<figure id=\"attachment_43577\" aria-describedby=\"caption-attachment-43577\" style=\"width: 422px\" class=\"wp-caption alignright\"><a href=\"https:\/\/i0.wp.com\/www.eltrabajo.cl\/portal\/wp-content\/uploads\/2014\/02\/operativo21.jpg\"><img data-recalc-dims=\"1\" loading=\"lazy\" decoding=\"async\" class=\" wp-image-43577 \" alt=\"OPERATIVOS.- Si bien es cierto los operativos policiales contin\u00faan desarroll\u00e1ndose en los barrios m\u00e1s conflictivos de la provincia, algunos vecinos aseguran que todo este esfuerzo se desperdicia cuando la Justicia deja libre a los detenidos con cuentas pendientes.\" src=\"https:\/\/i0.wp.com\/www.eltrabajo.cl\/portal\/wp-content\/uploads\/2014\/02\/operativo21.jpg?resize=422%2C288\" width=\"422\" height=\"288\" srcset=\"https:\/\/i0.wp.com\/eltrabajo.cl\/portal\/wp-content\/uploads\/2014\/02\/operativo21.jpg?w=528&amp;ssl=1 528w, https:\/\/i0.wp.com\/eltrabajo.cl\/portal\/wp-content\/uploads\/2014\/02\/operativo21.jpg?resize=200%2C136&amp;ssl=1 200w, https:\/\/i0.wp.com\/eltrabajo.cl\/portal\/wp-content\/uploads\/2014\/02\/operativo21.jpg?resize=300%2C204&amp;ssl=1 300w, https:\/\/i0.wp.com\/eltrabajo.cl\/portal\/wp-content\/uploads\/2014\/02\/operativo21.jpg?resize=150%2C102&amp;ssl=1 150w, https:\/\/i0.wp.com\/eltrabajo.cl\/portal\/wp-content\/uploads\/2014\/02\/operativo21.jpg?resize=400%2C272&amp;ssl=1 400w\" sizes=\"auto, (max-width: 422px) 100vw, 422px\" \/><\/a><figcaption id=\"caption-attachment-43577\" class=\"wp-caption-text\">OPERATIVOS.- Si bien es cierto los operativos policiales contin\u00faan desarroll\u00e1ndose en los barrios m\u00e1s conflictivos de la provincia, algunos vecinos aseguran que todo este esfuerzo se desperdicia cuando la Justicia deja libre a los detenidos con cuentas pendientes.<\/figcaption><\/figure>\n<p><strong>&#8211; \u00bfAunque tras las revueltas hubo algunas detenciones?<\/strong><\/p>\n<p>&#8211; \u00abEs verdad que en diciembre sacaron de la calle a uno de los l\u00edderes negativos que generaba muchos problemas para nosotros los vecinos, pero igualmente sus c\u00f3mplices siguen libres, o sea, el problema lo han dejado a medias\u00bb.<\/p>\n<p><strong>&#8211; \u00bfQu\u00e9 otros problemas tienen en este sector los vecinos?<\/strong><\/p>\n<p>&#8211; \u00abAqu\u00ed hay una situaci\u00f3n compleja, porque nuestros problemas no s\u00f3lo tienen que ver con delincuencia, aqu\u00ed tenemos calles en mal estado, poca iluminaci\u00f3n en algunos sectores y aunque el Alcalde Freire ha tratado de dar soluciones en materia de seguridad para la escuela del sector, hay que reconocer que al dejar la Justicia libre a algunos delincuentes, \u00e9stos siguen azot\u00e1ndonos d\u00eda y noche\u00bb.<\/p>\n<p>Aunque esta vecina apenas ha rozado por encima la capa de sentires que pudieran ser expresados en las calles cercanas y en la propia Villa 250 A\u00f1os, la verdad del asunto es que mientras no se realice una purga exhaustiva al interior de algunas viviendas, poco ser\u00e1 el avance en seguridad ciudadana que se pueda obtener por parte de las fuerzas del orden.<\/p>\n<p>Roberto Gonz\u00e1lez Short<\/p>\n<p>rgonzalez@eltrabajo.cl<\/p>\n<p>&nbsp;<\/p>\n","protected":false},"excerpt":{"rendered":"<p>\u00a0 Tras varios meses de haberse desarrollado en Villa 250 A\u00f1os los violentos disturbios que le arrebataron la vida a Luis Jonathan Leiva Mallea en diciembre de 2013, y tras varias arremetidas&#8230;<\/p>\n","protected":false},"author":482,"featured_media":43576,"comment_status":"open","ping_status":"closed","sticky":false,"template":"","format":"standard","meta":{"advanced_seo_description":"","jetpack_seo_html_title":"","jetpack_seo_noindex":false,"_jetpack_memberships_contains_paid_content":false,"footnotes":""},"categories":[15],"tags":[],"class_list":["post-43575","post","type-post","status-publish","format-standard","has-post-thumbnail","hentry","category-comunidad"],"jetpack_featured_media_url":"https:\/\/i0.wp.com\/eltrabajo.cl\/portal\/wp-content\/uploads\/2014\/02\/Veronica-Mondaga.jpg?fit=529%2C456&ssl=1","jetpack_sharing_enabled":true,"jetpack_likes_enabled":true,"jetpack-related-posts":[],"_links":{"self":[{"href":"https:\/\/eltrabajo.cl\/portal\/wp-json\/wp\/v2\/posts\/43575","targetHints":{"allow":["GET"]}}],"collection":[{"href":"https:\/\/eltrabajo.cl\/portal\/wp-json\/wp\/v2\/posts"}],"about":[{"href":"https:\/\/eltrabajo.cl\/portal\/wp-json\/wp\/v2\/types\/post"}],"author":[{"embeddable":true,"href":"https:\/\/eltrabajo.cl\/portal\/wp-json\/wp\/v2\/users\/482"}],"replies":[{"embeddable":true,"href":"https:\/\/eltrabajo.cl\/portal\/wp-json\/wp\/v2\/comments?post=43575"}],"version-history":[{"count":0,"href":"https:\/\/eltrabajo.cl\/portal\/wp-json\/wp\/v2\/posts\/43575\/revisions"}],"wp:featuredmedia":[{"embeddable":true,"href":"https:\/\/eltrabajo.cl\/portal\/wp-json\/wp\/v2\/media\/43576"}],"wp:attachment":[{"href":"https:\/\/eltrabajo.cl\/portal\/wp-json\/wp\/v2\/media?parent=43575"}],"wp:term":[{"taxonomy":"category","embeddable":true,"href":"https:\/\/eltrabajo.cl\/portal\/wp-json\/wp\/v2\/categories?post=43575"},{"taxonomy":"post_tag","embeddable":true,"href":"https:\/\/eltrabajo.cl\/portal\/wp-json\/wp\/v2\/tags?post=43575"}],"curies":[{"name":"wp","href":"https:\/\/api.w.org\/{rel}","templated":true}]}}