{"id":43585,"date":"2014-02-26T09:45:55","date_gmt":"2014-02-26T12:45:55","guid":{"rendered":"http:\/\/www.eltrabajo.cl\/portal\/?p=43585"},"modified":"2014-02-26T10:32:39","modified_gmt":"2014-02-26T13:32:39","slug":"junta-de-vecinos-putaendo-urbano-pide-solucion-definitiva-a-malos-olores","status":"publish","type":"post","link":"https:\/\/eltrabajo.cl\/portal\/junta-de-vecinos-putaendo-urbano-pide-solucion-definitiva-a-malos-olores\/","title":{"rendered":"Junta de Vecinos Putaendo Urbano pide soluci\u00f3n definitiva a malos olores"},"content":{"rendered":"<figure id=\"attachment_43586\" aria-describedby=\"caption-attachment-43586\" style=\"width: 317px\" class=\"wp-caption alignleft\"><img data-recalc-dims=\"1\" loading=\"lazy\" decoding=\"async\" class=\" wp-image-43586 \" alt=\"Mar\u00eda Andrade, presidente de la Junta de Vecinos Putaendo Urbano, exigi\u00f3 una soluci\u00f3n definitiva para los vecinos de Calle Chacabuco.\" src=\"https:\/\/i0.wp.com\/www.eltrabajo.cl\/portal\/wp-content\/uploads\/2014\/02\/MARIA-ANDRADE-PDTA-JJVV-PUTAENDO-URBANO.jpg?resize=317%2C240\" width=\"317\" height=\"240\" srcset=\"https:\/\/i0.wp.com\/eltrabajo.cl\/portal\/wp-content\/uploads\/2014\/02\/MARIA-ANDRADE-PDTA-JJVV-PUTAENDO-URBANO.jpg?w=528&amp;ssl=1 528w, https:\/\/i0.wp.com\/eltrabajo.cl\/portal\/wp-content\/uploads\/2014\/02\/MARIA-ANDRADE-PDTA-JJVV-PUTAENDO-URBANO.jpg?resize=198%2C150&amp;ssl=1 198w, https:\/\/i0.wp.com\/eltrabajo.cl\/portal\/wp-content\/uploads\/2014\/02\/MARIA-ANDRADE-PDTA-JJVV-PUTAENDO-URBANO.jpg?resize=300%2C227&amp;ssl=1 300w, https:\/\/i0.wp.com\/eltrabajo.cl\/portal\/wp-content\/uploads\/2014\/02\/MARIA-ANDRADE-PDTA-JJVV-PUTAENDO-URBANO.jpg?resize=150%2C113&amp;ssl=1 150w, https:\/\/i0.wp.com\/eltrabajo.cl\/portal\/wp-content\/uploads\/2014\/02\/MARIA-ANDRADE-PDTA-JJVV-PUTAENDO-URBANO.jpg?resize=400%2C303&amp;ssl=1 400w\" sizes=\"auto, (max-width: 317px) 100vw, 317px\" \/><\/a><figcaption id=\"caption-attachment-43586\" class=\"wp-caption-text\">Mar\u00eda Andrade, presidente de la Junta de Vecinos Putaendo Urbano, exigi\u00f3 una soluci\u00f3n definitiva para los vecinos de Calle Chacabuco.<\/figcaption><\/figure>\n<p><strong>PUTAENDO.<\/strong>&#8211; La Junta de Vecinos Putaendo Urbano, representada por su presidenta Mar\u00eda Andrade, reiter\u00f3 su exigencia de una soluci\u00f3n definitiva para los vecinos de Calle Chacabuco que desde hace bastantes a\u00f1os deben soportar los malos olores que inundan el sector.<\/p>\n<p>La dirigente se\u00f1al\u00f3 que no es posible que vecinos que viven en Calle Chacabuco deban destinar parte importante de su presupuesto mensual a comprar desodorante ambiental, lo que es muy grave, pues esos art\u00edculos no son de primera necesidad y los vecinos deben obligadamente incurrir en este gasto para deshacerse de los malos olores que ingresan a sus viviendas, sin considerar que con las altas temperaturas que se registraron hace poco tiempo en Putaendo, la intensidad de los olores es a\u00fan mayor y durante todo este tiempo no se ha solucionado un problema que seg\u00fan Esval estar\u00eda al interior de la sala cuna que funciona en terrenos del Liceo Manuel Mar\u00edn Fritis, lo que la dirigente no comparte, por lo que exigi\u00f3 que de una vez por todas haya una soluci\u00f3n para los malos olores en Calle Chacabuco.<\/p>\n<p>Mar\u00eda Andrade indic\u00f3 que Esval hoy desv\u00eda el tema de los malos olores al municipio y el municipio lo devuelve a Esval, y entre ese \u2018pimponeo\u2019 no hay una soluci\u00f3n definitiva para los vecinos, por lo que junto a la Uni\u00f3n Comunal de Juntas de Vecinos Valle de Putaendo enviar\u00e1n una carta a la Superintendencia de Servicios Sanitarios para exigir una nueva fiscalizaci\u00f3n y que se obligue a la empresa Esval a otorgar una soluci\u00f3n concreta y definitiva.<\/p>\n<p>En este mismo sentido, la presidenta de la Junta de Vecinos Putaendo Urbano se\u00f1al\u00f3 que en Calle Bulnes esquina de Calle Prat Poniente, tambi\u00e9n se registraron fuertes emanaciones de gas desde el alcantarillado, por lo que insistentemente pidieron a Esval una limpieza, incluso asegur\u00f3 que el gerente zonal de Esval, Hern\u00e1n Berr\u00edos, le respondi\u00f3 de muy mala manera luego que ella le comentara que nadie lleg\u00f3 al lugar, lo que fue respaldado por el dirigente Claudio Tapia, quien manifest\u00f3 que luego que activaran el altavoz del celular de la dirigente escuch\u00f3 la prepotente respuesta de Hern\u00e1n Berr\u00edos hacia Mar\u00eda Andrade, a quien le indic\u00f3 que si acaso pretend\u00eda quedarse todo el d\u00eda ah\u00ed.<\/p>\n<p>Luego de la limpieza realizada por Esval, Mar\u00eda Andrade se\u00f1al\u00f3 que incluso encontraron un animal muerto que nadie se explica c\u00f3mo lleg\u00f3 ah\u00ed, adem\u00e1s de mucha basura y desechos provenientes de restaurantes, entre ellos huesos y restos de comida, lo que habr\u00eda generado el insoportable olor que sal\u00eda desde esa alcantarilla.<\/p>\n<p>Patricio Gallardo M.<\/p>\n","protected":false},"excerpt":{"rendered":"<p>PUTAENDO.&#8211; La Junta de Vecinos Putaendo Urbano, representada por su presidenta Mar\u00eda Andrade, reiter\u00f3 su exigencia de una soluci\u00f3n definitiva para los vecinos de Calle Chacabuco que desde hace bastantes a\u00f1os deben&#8230;<\/p>\n","protected":false},"author":482,"featured_media":43586,"comment_status":"open","ping_status":"closed","sticky":false,"template":"","format":"standard","meta":{"advanced_seo_description":"","jetpack_seo_html_title":"","jetpack_seo_noindex":false,"_jetpack_memberships_contains_paid_content":false,"footnotes":""},"categories":[15],"tags":[],"class_list":["post-43585","post","type-post","status-publish","format-standard","has-post-thumbnail","hentry","category-comunidad"],"jetpack_featured_media_url":"https:\/\/i0.wp.com\/eltrabajo.cl\/portal\/wp-content\/uploads\/2014\/02\/MARIA-ANDRADE-PDTA-JJVV-PUTAENDO-URBANO.jpg?fit=528%2C400&ssl=1","jetpack_sharing_enabled":true,"jetpack_likes_enabled":true,"jetpack-related-posts":[],"_links":{"self":[{"href":"https:\/\/eltrabajo.cl\/portal\/wp-json\/wp\/v2\/posts\/43585","targetHints":{"allow":["GET"]}}],"collection":[{"href":"https:\/\/eltrabajo.cl\/portal\/wp-json\/wp\/v2\/posts"}],"about":[{"href":"https:\/\/eltrabajo.cl\/portal\/wp-json\/wp\/v2\/types\/post"}],"author":[{"embeddable":true,"href":"https:\/\/eltrabajo.cl\/portal\/wp-json\/wp\/v2\/users\/482"}],"replies":[{"embeddable":true,"href":"https:\/\/eltrabajo.cl\/portal\/wp-json\/wp\/v2\/comments?post=43585"}],"version-history":[{"count":0,"href":"https:\/\/eltrabajo.cl\/portal\/wp-json\/wp\/v2\/posts\/43585\/revisions"}],"wp:featuredmedia":[{"embeddable":true,"href":"https:\/\/eltrabajo.cl\/portal\/wp-json\/wp\/v2\/media\/43586"}],"wp:attachment":[{"href":"https:\/\/eltrabajo.cl\/portal\/wp-json\/wp\/v2\/media?parent=43585"}],"wp:term":[{"taxonomy":"category","embeddable":true,"href":"https:\/\/eltrabajo.cl\/portal\/wp-json\/wp\/v2\/categories?post=43585"},{"taxonomy":"post_tag","embeddable":true,"href":"https:\/\/eltrabajo.cl\/portal\/wp-json\/wp\/v2\/tags?post=43585"}],"curies":[{"name":"wp","href":"https:\/\/api.w.org\/{rel}","templated":true}]}}