{"id":43588,"date":"2014-02-26T09:50:09","date_gmt":"2014-02-26T12:50:09","guid":{"rendered":"http:\/\/www.eltrabajo.cl\/portal\/?p=43588"},"modified":"2014-02-26T10:32:12","modified_gmt":"2014-02-26T13:32:12","slug":"multitudinaria-concurrencia-a-procesion-carmelitana-en-los-banos-del-parron","status":"publish","type":"post","link":"https:\/\/eltrabajo.cl\/portal\/multitudinaria-concurrencia-a-procesion-carmelitana-en-los-banos-del-parron\/","title":{"rendered":"Multitudinaria concurrencia a procesi\u00f3n carmelitana en los Ba\u00f1os del Parr\u00f3n"},"content":{"rendered":"<figure id=\"attachment_43589\" aria-describedby=\"caption-attachment-43589\" style=\"width: 529px\" class=\"wp-caption alignnone\"><img data-recalc-dims=\"1\" loading=\"lazy\" decoding=\"async\" class=\"size-full wp-image-43589\" alt=\"La Agrupaci\u00f3n \u2018Morenas de Aconcagua\u2019 anim\u00f3 a los servidores y seguidores de la Carmelita de la Ermita que la llevaban sobre sus hombros.\" src=\"https:\/\/i0.wp.com\/www.eltrabajo.cl\/portal\/wp-content\/uploads\/2014\/02\/PROCESION-CARMELITANA-2.jpg?resize=529%2C294\" width=\"529\" height=\"294\" srcset=\"https:\/\/i0.wp.com\/eltrabajo.cl\/portal\/wp-content\/uploads\/2014\/02\/PROCESION-CARMELITANA-2.jpg?w=529&amp;ssl=1 529w, https:\/\/i0.wp.com\/eltrabajo.cl\/portal\/wp-content\/uploads\/2014\/02\/PROCESION-CARMELITANA-2.jpg?resize=200%2C111&amp;ssl=1 200w, https:\/\/i0.wp.com\/eltrabajo.cl\/portal\/wp-content\/uploads\/2014\/02\/PROCESION-CARMELITANA-2.jpg?resize=300%2C166&amp;ssl=1 300w, https:\/\/i0.wp.com\/eltrabajo.cl\/portal\/wp-content\/uploads\/2014\/02\/PROCESION-CARMELITANA-2.jpg?resize=150%2C83&amp;ssl=1 150w, https:\/\/i0.wp.com\/eltrabajo.cl\/portal\/wp-content\/uploads\/2014\/02\/PROCESION-CARMELITANA-2.jpg?resize=400%2C222&amp;ssl=1 400w\" sizes=\"auto, (max-width: 529px) 100vw, 529px\" \/><\/a><figcaption id=\"caption-attachment-43589\" class=\"wp-caption-text\">La Agrupaci\u00f3n \u2018Morenas de Aconcagua\u2019 anim\u00f3 a los servidores y seguidores de la Carmelita de la Ermita que la llevaban sobre sus hombros.<\/figcaption><\/figure>\n<p><strong>PUTAENDO<\/strong>.- Este domingo 23 de febrero los peregrinos y fieles devotos de la centenaria Procesi\u00f3n en honor a la Virgen del Carmen de la Ermita Ba\u00f1os del Parr\u00f3n, se congregaron para celebrar una festividad especial a la Reina y Patrona de Chile.<\/p>\n<p>A los pies del Monte Orolonco, de donde fluyen los manantiales que alimentan el oasis conocido como Santuario Carmelitano Ermita Ba\u00f1os del Parr\u00f3n, se encuentra la Capilla que su creador y fundador, An\u00edbal Carvajal Aspee, pens\u00f3 para la veneraci\u00f3n y honra de la Virgen del Carmen. All\u00ed la imagen de madera policromada del a\u00f1o 1910 preside el peregrinar que se inici\u00f3 con la Eucarist\u00eda presidida por el actual P\u00e1rroco de la Parroquia de Rinconada de Silva, Padre Ricardo G\u00f3mez Herrera, quien motiv\u00f3 a los fieles peregrinos a continuar conservando esta tradici\u00f3n.<\/p>\n<p>Hasta de Jahuel y de la Ligua llegaron con fervor al santuario que se encontraba hermosamente preparado para celebrar.<\/p>\n<p>La tradici\u00f3n se inicia en 1904 y con la reconstrucci\u00f3n de la capilla en 1910 se entroniza la imagen que hasta estos d\u00edas tiene su morada en estos parajes naturales, que son cuidados por la parroquia, un cuidador, una familia de misioneros parroquiales y los voluntarios que cada fin de semana suben a regar y mantener la foresta de este maravilloso paraje de paz y reflexi\u00f3n.<\/p>\n<p>Diario El Trabajo fue el \u00fanico medio de comunicaci\u00f3n que cubri\u00f3 de comienzo a fin esta emblem\u00e1tica tradici\u00f3n de patrimonio religioso, pudiendo constatar la devoci\u00f3n, respeto, dedicaci\u00f3n y cari\u00f1o de los feligreses.<\/p>\n<p>En conversaci\u00f3n con la Sra. Noem\u00ed Silva, mujer propia del patrimonio humano y de la historia de Rinconada, que adem\u00e1s conoci\u00f3 a Monse\u00f1or An\u00edbal Carvajal, nos manifestaba: \u201cEstoy muy triste por todo lo que estamos viviendo, qu\u00e9 pensar\u00eda Monse\u00f1or An\u00edbal Carvajal, a quien conoc\u00ed y supe de su sue\u00f1o para esta ermita, si viera la divisi\u00f3n que los mismos rinconadinos est\u00e1n viviendo, las celebraciones ya no son como antes, este lugar era un lugar santo, donde todas las familias de la rinconada ven\u00edan a la novena y participaban de los oficios religiosos. Ya no se recuerda ni el nombre de los sacerdotes que hicieron de \u00e9ste un lugar de oraci\u00f3n y convivencia\u201d.<\/p>\n<p>La Agrupaci\u00f3n \u2018Morenas de Aconcagua\u2019, con su tradicional entusiasmo, logr\u00f3 animar el caminar que los servidores de la Carmelita de la Ermita llevaban en sus hombros a turno, en tanto que la Banda Carmelitana Fundada por el Sacerdote visionario de este Santuario, en varias estaciones homenaje\u00f3 y brind\u00f3 honores a la madre del Carmelo. Los decorados del camino a cargo de las familias que cada a\u00f1o se re\u00fanen a dar t\u00e9rmino al tiempo estival, orando y solicitando bendiciones para el resto del a\u00f1o laboral que se aproxima.<\/p>\n<p>Al final de las actividades religiosas, el Padre Ricardo G\u00f3mez Herrera manifest\u00f3 a nuestro medio los prop\u00f3sitos de este a\u00f1o 2014, en relaci\u00f3n a la Misi\u00f3n Territorial en la Parroquia y su deseo de que se logre un buen acuerdo provechoso para todos los rinconadinos.<\/p>\n<p>Patricio Gallardo M.<\/p>\n<div class=\"tiled-gallery type-rectangular tiled-gallery-unresized\" data-original-width=\"640\" data-carousel-extra='null' itemscope itemtype=\"http:\/\/schema.org\/ImageGallery\" > <div class=\"gallery-row\" style=\"width: 640px; height: 203px;\" data-original-width=\"640\" data-original-height=\"203\" > <div class=\"gallery-group images-1\" style=\"width: 309px; height: 203px;\" data-original-width=\"309\" data-original-height=\"203\" > <div class=\"tiled-gallery-item tiled-gallery-item-large\" itemprop=\"associatedMedia\" itemscope itemtype=\"http:\/\/schema.org\/ImageObject\"> <a href=\"https:\/\/eltrabajo.cl\/portal\/multitudinaria-concurrencia-a-procesion-carmelitana-en-los-banos-del-parron\/procesion-carmelitana-4\/\" border=\"0\" itemprop=\"url\"> <meta itemprop=\"width\" content=\"305\"> <meta itemprop=\"height\" content=\"199\"> <img decoding=\"async\" class=\"\" data-attachment-id=\"43591\" data-orig-file=\"https:\/\/eltrabajo.cl\/portal\/wp-content\/uploads\/2014\/02\/PROCESION-CARMELITANA-4.jpg\" data-orig-size=\"529,345\" data-comments-opened=\"1\" data-image-meta=\"{&quot;aperture&quot;:&quot;8&quot;,&quot;credit&quot;:&quot;&quot;,&quot;camera&quot;:&quot;Canon EOS REBEL T3&quot;,&quot;caption&quot;:&quot;&quot;,&quot;created_timestamp&quot;:&quot;1380390035&quot;,&quot;copyright&quot;:&quot;&quot;,&quot;focal_length&quot;:&quot;21&quot;,&quot;iso&quot;:&quot;100&quot;,&quot;shutter_speed&quot;:&quot;0.005&quot;,&quot;title&quot;:&quot;&quot;}\" data-image-title=\"PROCESION CARMELITANA (4)\" data-image-description=\"&lt;p&gt;El lento caminar de los servidores de la Carmelita de la Ermita sirvi\u00f3 una vez m\u00e1s para dar t\u00e9rmino al tiempo estival, orando y solicitando bendiciones para el resto del a\u00f1o laboral que se aproxima.&lt;\/p&gt; \" data-medium-file=\"https:\/\/i0.wp.com\/eltrabajo.cl\/portal\/wp-content\/uploads\/2014\/02\/PROCESION-CARMELITANA-4.jpg?fit=300%2C195&#038;ssl=1\" data-large-file=\"https:\/\/i0.wp.com\/eltrabajo.cl\/portal\/wp-content\/uploads\/2014\/02\/PROCESION-CARMELITANA-4.jpg?fit=529%2C345&#038;ssl=1\" src=\"https:\/\/i0.wp.com\/eltrabajo.cl\/portal\/wp-content\/uploads\/2014\/02\/PROCESION-CARMELITANA-4.jpg?w=305&#038;h=199&#038;ssl=1\" srcset=\"https:\/\/i0.wp.com\/eltrabajo.cl\/portal\/wp-content\/uploads\/2014\/02\/PROCESION-CARMELITANA-4.jpg?w=529&amp;ssl=1 529w, https:\/\/i0.wp.com\/eltrabajo.cl\/portal\/wp-content\/uploads\/2014\/02\/PROCESION-CARMELITANA-4.jpg?resize=200%2C130&amp;ssl=1 200w, https:\/\/i0.wp.com\/eltrabajo.cl\/portal\/wp-content\/uploads\/2014\/02\/PROCESION-CARMELITANA-4.jpg?resize=300%2C195&amp;ssl=1 300w, https:\/\/i0.wp.com\/eltrabajo.cl\/portal\/wp-content\/uploads\/2014\/02\/PROCESION-CARMELITANA-4.jpg?resize=150%2C97&amp;ssl=1 150w, https:\/\/i0.wp.com\/eltrabajo.cl\/portal\/wp-content\/uploads\/2014\/02\/PROCESION-CARMELITANA-4.jpg?resize=400%2C260&amp;ssl=1 400w\" width=\"305\" height=\"199\" loading=\"lazy\" data-original-width=\"305\" data-original-height=\"199\" itemprop=\"http:\/\/schema.org\/image\" title=\"PROCESION CARMELITANA (4)\" alt=\"El lento caminar de los servidores de la Carmelita de la Ermita sirvi\u00f3 una vez m\u00e1s para dar t\u00e9rmino al tiempo estival, orando y solicitando bendiciones para el resto del a\u00f1o laboral que se aproxima.\" style=\"width: 305px; height: 199px;\" \/> <\/a> <div class=\"tiled-gallery-caption\" itemprop=\"caption description\"> El lento caminar de los servidores de la Carmelita de la Ermita sirvi\u00f3 una vez m\u00e1s para dar t\u00e9rmino al tiempo estival, orando y solicitando bendiciones para el resto del a\u00f1o laboral que se aproxima. <\/div> <\/div> <\/div> <!-- close group --> <div class=\"gallery-group images-1\" style=\"width: 331px; height: 203px;\" data-original-width=\"331\" data-original-height=\"203\" > <div class=\"tiled-gallery-item tiled-gallery-item-large\" itemprop=\"associatedMedia\" itemscope itemtype=\"http:\/\/schema.org\/ImageObject\"> <a href=\"https:\/\/eltrabajo.cl\/portal\/multitudinaria-concurrencia-a-procesion-carmelitana-en-los-banos-del-parron\/procesion-carmelitana-3\/\" border=\"0\" itemprop=\"url\"> <meta itemprop=\"width\" content=\"327\"> <meta itemprop=\"height\" content=\"199\"> <img decoding=\"async\" class=\"\" data-attachment-id=\"43590\" data-orig-file=\"https:\/\/eltrabajo.cl\/portal\/wp-content\/uploads\/2014\/02\/PROCESION-CARMELITANA-3.jpg\" data-orig-size=\"529,321\" data-comments-opened=\"1\" data-image-meta=\"{&quot;aperture&quot;:&quot;8&quot;,&quot;credit&quot;:&quot;&quot;,&quot;camera&quot;:&quot;Canon EOS REBEL T3&quot;,&quot;caption&quot;:&quot;&quot;,&quot;created_timestamp&quot;:&quot;1380389308&quot;,&quot;copyright&quot;:&quot;&quot;,&quot;focal_length&quot;:&quot;28&quot;,&quot;iso&quot;:&quot;100&quot;,&quot;shutter_speed&quot;:&quot;0.005&quot;,&quot;title&quot;:&quot;&quot;}\" data-image-title=\"PROCESION CARMELITANA (3)\" data-image-description=\"&lt;p&gt;La Banda Carmelitana homenaje\u00f3 y brind\u00f3 honores a la madre del Carmelo en varias estaciones.&lt;\/p&gt; \" data-medium-file=\"https:\/\/i0.wp.com\/eltrabajo.cl\/portal\/wp-content\/uploads\/2014\/02\/PROCESION-CARMELITANA-3.jpg?fit=300%2C182&#038;ssl=1\" data-large-file=\"https:\/\/i0.wp.com\/eltrabajo.cl\/portal\/wp-content\/uploads\/2014\/02\/PROCESION-CARMELITANA-3.jpg?fit=529%2C321&#038;ssl=1\" src=\"https:\/\/i0.wp.com\/eltrabajo.cl\/portal\/wp-content\/uploads\/2014\/02\/PROCESION-CARMELITANA-3.jpg?w=327&#038;h=199&#038;ssl=1\" srcset=\"https:\/\/i0.wp.com\/eltrabajo.cl\/portal\/wp-content\/uploads\/2014\/02\/PROCESION-CARMELITANA-3.jpg?w=529&amp;ssl=1 529w, https:\/\/i0.wp.com\/eltrabajo.cl\/portal\/wp-content\/uploads\/2014\/02\/PROCESION-CARMELITANA-3.jpg?resize=200%2C121&amp;ssl=1 200w, https:\/\/i0.wp.com\/eltrabajo.cl\/portal\/wp-content\/uploads\/2014\/02\/PROCESION-CARMELITANA-3.jpg?resize=300%2C182&amp;ssl=1 300w, https:\/\/i0.wp.com\/eltrabajo.cl\/portal\/wp-content\/uploads\/2014\/02\/PROCESION-CARMELITANA-3.jpg?resize=150%2C91&amp;ssl=1 150w, https:\/\/i0.wp.com\/eltrabajo.cl\/portal\/wp-content\/uploads\/2014\/02\/PROCESION-CARMELITANA-3.jpg?resize=400%2C242&amp;ssl=1 400w\" width=\"327\" height=\"199\" loading=\"lazy\" data-original-width=\"327\" data-original-height=\"199\" itemprop=\"http:\/\/schema.org\/image\" title=\"PROCESION CARMELITANA (3)\" alt=\"La Banda Carmelitana homenaje\u00f3 y brind\u00f3 honores a la madre del Carmelo en varias estaciones.\" style=\"width: 327px; height: 199px;\" \/> <\/a> <div class=\"tiled-gallery-caption\" itemprop=\"caption description\"> La Banda Carmelitana homenaje\u00f3 y brind\u00f3 honores a la madre del Carmelo en varias estaciones. <\/div> <\/div> <\/div> <!-- close group --> <\/div> <!-- close row --> <\/div>\n<p>&nbsp;<\/p>\n","protected":false},"excerpt":{"rendered":"<p>PUTAENDO.- Este domingo 23 de febrero los peregrinos y fieles devotos de la centenaria Procesi\u00f3n en honor a la Virgen del Carmen de la Ermita Ba\u00f1os del Parr\u00f3n, se congregaron para celebrar&#8230;<\/p>\n","protected":false},"author":482,"featured_media":43589,"comment_status":"open","ping_status":"closed","sticky":false,"template":"","format":"standard","meta":{"advanced_seo_description":"","jetpack_seo_html_title":"","jetpack_seo_noindex":false,"_jetpack_memberships_contains_paid_content":false,"footnotes":""},"categories":[15],"tags":[],"class_list":["post-43588","post","type-post","status-publish","format-standard","has-post-thumbnail","hentry","category-comunidad"],"jetpack_featured_media_url":"https:\/\/i0.wp.com\/eltrabajo.cl\/portal\/wp-content\/uploads\/2014\/02\/PROCESION-CARMELITANA-2.jpg?fit=529%2C294&ssl=1","jetpack_sharing_enabled":true,"jetpack_likes_enabled":true,"jetpack-related-posts":[],"_links":{"self":[{"href":"https:\/\/eltrabajo.cl\/portal\/wp-json\/wp\/v2\/posts\/43588","targetHints":{"allow":["GET"]}}],"collection":[{"href":"https:\/\/eltrabajo.cl\/portal\/wp-json\/wp\/v2\/posts"}],"about":[{"href":"https:\/\/eltrabajo.cl\/portal\/wp-json\/wp\/v2\/types\/post"}],"author":[{"embeddable":true,"href":"https:\/\/eltrabajo.cl\/portal\/wp-json\/wp\/v2\/users\/482"}],"replies":[{"embeddable":true,"href":"https:\/\/eltrabajo.cl\/portal\/wp-json\/wp\/v2\/comments?post=43588"}],"version-history":[{"count":0,"href":"https:\/\/eltrabajo.cl\/portal\/wp-json\/wp\/v2\/posts\/43588\/revisions"}],"wp:featuredmedia":[{"embeddable":true,"href":"https:\/\/eltrabajo.cl\/portal\/wp-json\/wp\/v2\/media\/43589"}],"wp:attachment":[{"href":"https:\/\/eltrabajo.cl\/portal\/wp-json\/wp\/v2\/media?parent=43588"}],"wp:term":[{"taxonomy":"category","embeddable":true,"href":"https:\/\/eltrabajo.cl\/portal\/wp-json\/wp\/v2\/categories?post=43588"},{"taxonomy":"post_tag","embeddable":true,"href":"https:\/\/eltrabajo.cl\/portal\/wp-json\/wp\/v2\/tags?post=43588"}],"curies":[{"name":"wp","href":"https:\/\/api.w.org\/{rel}","templated":true}]}}