{"id":43596,"date":"2014-02-26T09:51:35","date_gmt":"2014-02-26T12:51:35","guid":{"rendered":"http:\/\/www.eltrabajo.cl\/portal\/?p=43596"},"modified":"2014-02-26T09:51:35","modified_gmt":"2014-02-26T12:51:35","slug":"pasaje-de-colectivos-subiria-en-50-pesos-en-las-proximas-semanas","status":"publish","type":"post","link":"https:\/\/eltrabajo.cl\/portal\/pasaje-de-colectivos-subiria-en-50-pesos-en-las-proximas-semanas\/","title":{"rendered":"Pasaje de Colectivos subir\u00eda en 50 pesos en las pr\u00f3ximas semanas"},"content":{"rendered":"<figure id=\"attachment_43597\" aria-describedby=\"caption-attachment-43597\" style=\"width: 528px\" class=\"wp-caption alignnone\"><a href=\"https:\/\/i0.wp.com\/www.eltrabajo.cl\/portal\/wp-content\/uploads\/2014\/02\/ataxcoa.jpg\"><img data-recalc-dims=\"1\" loading=\"lazy\" decoding=\"async\" class=\"size-full wp-image-43597\" alt=\"A diferencia de las l\u00edneas de colectivo local, Ataxcoa mantendr\u00e1 sus tarifas al menos hasta que la asamblea de socios decida su modificaci\u00f3n.\" src=\"https:\/\/i0.wp.com\/www.eltrabajo.cl\/portal\/wp-content\/uploads\/2014\/02\/ataxcoa.jpg?resize=528%2C291\" width=\"528\" height=\"291\" srcset=\"https:\/\/i0.wp.com\/eltrabajo.cl\/portal\/wp-content\/uploads\/2014\/02\/ataxcoa.jpg?w=528&amp;ssl=1 528w, https:\/\/i0.wp.com\/eltrabajo.cl\/portal\/wp-content\/uploads\/2014\/02\/ataxcoa.jpg?resize=200%2C110&amp;ssl=1 200w, https:\/\/i0.wp.com\/eltrabajo.cl\/portal\/wp-content\/uploads\/2014\/02\/ataxcoa.jpg?resize=300%2C165&amp;ssl=1 300w, https:\/\/i0.wp.com\/eltrabajo.cl\/portal\/wp-content\/uploads\/2014\/02\/ataxcoa.jpg?resize=150%2C82&amp;ssl=1 150w, https:\/\/i0.wp.com\/eltrabajo.cl\/portal\/wp-content\/uploads\/2014\/02\/ataxcoa.jpg?resize=400%2C220&amp;ssl=1 400w\" sizes=\"auto, (max-width: 528px) 100vw, 528px\" \/><\/a><figcaption id=\"caption-attachment-43597\" class=\"wp-caption-text\">A diferencia de las l\u00edneas de colectivo local, Ataxcoa mantendr\u00e1 sus tarifas al menos hasta que la asamblea de socios decida su modificaci\u00f3n.<\/figcaption><\/figure>\n<p>Otra vez suben las bencinas, y de acuerdo a las estimaciones de Econsult, de mantenerse el tipo de cambio en los niveles actuales, el precio promedio de las gasolinas se incrementar\u00eda en $11 y el del diesel en $10 a partir de ma\u00f1ana jueves.<\/p>\n<p>Con esto el combustible toca un nivel r\u00e9cord en todos sus octanajes, principalmente por el avance del d\u00f3lar y el petr\u00f3leo, y a que no se activ\u00f3 el Sistema de Protecci\u00f3n al Contribuyente del Impuesto Espec\u00edfico a los Combustibles (Sipco) para mitigar el incremento.<\/p>\n<p>Pero lo que importa al fin y al cabo para los automovilistas es que las alzas se instalaron golpeando los bolsillos de automovilistas y usuarios de la locomoci\u00f3n colectiva. Esto porque diversas l\u00edneas de colectivos ya est\u00e1n evaluando un alza de 50 pesos en el valor del pasaje para mediados de marzo.<\/p>\n<p>Pedro Araya es chofer de la l\u00ednea N\u00b07 y dice que ellos pagan \u201cm\u00e1s de 2 millones de pesos en impuestos al a\u00f1o\u201d, refiri\u00e9ndose al despreciado \u2018impuesto espec\u00edfico al combustible\u2019.<\/p>\n<p>\u201cImag\u00ednese que yo soy chofer hace 15 a\u00f1os. Piense cu\u00e1nto he pagado al Fisco en todo este tiempo. Y m\u00e1s encima si uno se para en una calle para ahorrar combustible los Carabineros le sacan partes\u201d.<\/p>\n<p>El conductor asegura que el precio de pasajes en su l\u00ednea deber\u00eda subir la segunda semana de marzo, pero insiste en que hay que buscar una soluci\u00f3n de fondo para que el tema no se repita afectando el bolsillo de los usuarios.<\/p>\n<p>&nbsp;<\/p>\n<p><strong>Ataxcoa mantiene los precios<\/strong><\/p>\n<p>Fernando Gonz\u00e1lez, tesorero de Ataxcoa San Felipe, m\u00e1s conocido como la l\u00ednea uno del recorrido entre San Felipe y Los Andes, se\u00f1al\u00f3 a Diario El Trabajo que \u201ces una preocupaci\u00f3n porque ya son cinco las semanas de alza y as\u00ed la cosa es dif\u00edcil que se pueda sostener. Lo l\u00f3gico es que se ve venir un alza de pasajes para mediados de marzo. No hay un pronunciamiento todav\u00eda, pero yo creo que los precios se deben reajustar luego. Por el momento las tarifas son las vigentes, pero se est\u00e1 evaluando por parte del directorio para llevarlo a la pr\u00f3xima asamblea de socios\u201d.<\/p>\n<p>Para el dirigente, si suben tanto los combustibles se genera \u201cuna cadena que gatilla otros gastos y que es dif\u00edcil que los due\u00f1os de autom\u00f3viles puedan mantener\u201d.<\/p>\n<p>&nbsp;<\/p>\n","protected":false},"excerpt":{"rendered":"<p>Otra vez suben las bencinas, y de acuerdo a las estimaciones de Econsult, de mantenerse el tipo de cambio en los niveles actuales, el precio promedio de las gasolinas se incrementar\u00eda en&#8230;<\/p>\n","protected":false},"author":482,"featured_media":43597,"comment_status":"open","ping_status":"closed","sticky":false,"template":"","format":"standard","meta":{"advanced_seo_description":"","jetpack_seo_html_title":"","jetpack_seo_noindex":false,"_jetpack_memberships_contains_paid_content":false,"footnotes":""},"categories":[1],"tags":[],"class_list":["post-43596","post","type-post","status-publish","format-standard","has-post-thumbnail","hentry","category-cronica"],"jetpack_featured_media_url":"https:\/\/i0.wp.com\/eltrabajo.cl\/portal\/wp-content\/uploads\/2014\/02\/ataxcoa.jpg?fit=528%2C291&ssl=1","jetpack_sharing_enabled":true,"jetpack_likes_enabled":true,"jetpack-related-posts":[],"_links":{"self":[{"href":"https:\/\/eltrabajo.cl\/portal\/wp-json\/wp\/v2\/posts\/43596","targetHints":{"allow":["GET"]}}],"collection":[{"href":"https:\/\/eltrabajo.cl\/portal\/wp-json\/wp\/v2\/posts"}],"about":[{"href":"https:\/\/eltrabajo.cl\/portal\/wp-json\/wp\/v2\/types\/post"}],"author":[{"embeddable":true,"href":"https:\/\/eltrabajo.cl\/portal\/wp-json\/wp\/v2\/users\/482"}],"replies":[{"embeddable":true,"href":"https:\/\/eltrabajo.cl\/portal\/wp-json\/wp\/v2\/comments?post=43596"}],"version-history":[{"count":0,"href":"https:\/\/eltrabajo.cl\/portal\/wp-json\/wp\/v2\/posts\/43596\/revisions"}],"wp:featuredmedia":[{"embeddable":true,"href":"https:\/\/eltrabajo.cl\/portal\/wp-json\/wp\/v2\/media\/43597"}],"wp:attachment":[{"href":"https:\/\/eltrabajo.cl\/portal\/wp-json\/wp\/v2\/media?parent=43596"}],"wp:term":[{"taxonomy":"category","embeddable":true,"href":"https:\/\/eltrabajo.cl\/portal\/wp-json\/wp\/v2\/categories?post=43596"},{"taxonomy":"post_tag","embeddable":true,"href":"https:\/\/eltrabajo.cl\/portal\/wp-json\/wp\/v2\/tags?post=43596"}],"curies":[{"name":"wp","href":"https:\/\/api.w.org\/{rel}","templated":true}]}}