{"id":43599,"date":"2014-02-26T09:53:31","date_gmt":"2014-02-26T12:53:31","guid":{"rendered":"http:\/\/www.eltrabajo.cl\/portal\/?p=43599"},"modified":"2014-02-26T10:31:43","modified_gmt":"2014-02-26T13:31:43","slug":"comunidad-del-liceo-roberto-humeres-oyanedel-prepara-minga-educativa","status":"publish","type":"post","link":"https:\/\/eltrabajo.cl\/portal\/comunidad-del-liceo-roberto-humeres-oyanedel-prepara-minga-educativa\/","title":{"rendered":"Comunidad del Liceo Roberto Humeres Oyanedel prepara \u2018Minga Educativa\u2019"},"content":{"rendered":"<figure id=\"attachment_43600\" aria-describedby=\"caption-attachment-43600\" style=\"width: 423px\" class=\"wp-caption alignleft\"><img data-recalc-dims=\"1\" loading=\"lazy\" decoding=\"async\" class=\" wp-image-43600 \" alt=\"El Alcalde Patricio Freire junto a la Directora del \u2018Roberto Humeres\u2019, Romina Fumey, y el Director de la Daem, Iv\u00e1n Silva. \" src=\"https:\/\/i0.wp.com\/www.eltrabajo.cl\/portal\/wp-content\/uploads\/2014\/02\/actividad-liceo.jpg?resize=423%2C430\" width=\"423\" height=\"430\" srcset=\"https:\/\/i0.wp.com\/eltrabajo.cl\/portal\/wp-content\/uploads\/2014\/02\/actividad-liceo.jpg?w=529&amp;ssl=1 529w, https:\/\/i0.wp.com\/eltrabajo.cl\/portal\/wp-content\/uploads\/2014\/02\/actividad-liceo.jpg?resize=147%2C150&amp;ssl=1 147w, https:\/\/i0.wp.com\/eltrabajo.cl\/portal\/wp-content\/uploads\/2014\/02\/actividad-liceo.jpg?resize=294%2C300&amp;ssl=1 294w, https:\/\/i0.wp.com\/eltrabajo.cl\/portal\/wp-content\/uploads\/2014\/02\/actividad-liceo.jpg?resize=400%2C406&amp;ssl=1 400w\" sizes=\"auto, (max-width: 423px) 100vw, 423px\" \/><\/a><figcaption id=\"caption-attachment-43600\" class=\"wp-caption-text\">El Alcalde Patricio Freire junto a la Directora del \u2018Roberto Humeres\u2019, Romina Fumey, y el Director de la Daem, Iv\u00e1n Silva.<\/figcaption><\/figure>\n<p>Una invitaci\u00f3n a todos los ex alumnos del liceo Dr. Roberto Humeres Oyanedel y a la comunidad educativa del establecimiento, realiz\u00f3 la Directora del centenario liceo, Romina Fummey Abarz\u00faa, para participar en una \u2018minga educativa\u2019.<\/p>\n<p>La actividad tiene como objetivo darle una nueva cara al liceo y a esta nueva gesti\u00f3n, y para eso se pintar\u00e1 la fachada del establecimiento, para as\u00ed estrechar los lazos de los ex alumnos con las nuevas generaciones, ratificando el v\u00ednculo de quienes en alg\u00fan momento de su vida estuvieron ligados de una u otra manera al querido \u2018Liceo de Hombres\u2019.<\/p>\n<p>La idea adem\u00e1s es motivar a las actuales generaciones de j\u00f3venes, a trav\u00e9s de las experiencias vividas por quienes hoy ocupan un espacio importante en la sociedad chilena, por lo que tambi\u00e9n la invitaci\u00f3n es a los padres y apoderados para que sea toda la comunidad educativa, junto a los profesores y directivos, a ser parte de esta in\u00e9dita iniciativa.<\/p>\n<p>Romina Fumey, Directora del Establecimiento, realiz\u00f3 un llamado a todos quienes se identifican con este emblem\u00e1tico establecimiento, se\u00f1alando que \u201choy estamos comenzando una nueva etapa en el desarrollo y engrandecimiento de nuestro Liceo, y para eso, debemos hacerlo entre todos, como conjunto, es por ello que la participaci\u00f3n de nuestros ex alumnos, profesores, apoderados en colaboraci\u00f3n con las nuevas generaciones, crear\u00e1 una positiva interacci\u00f3n, permitiendo que los j\u00f3venes conozcan y sepan las experiencias de quienes en alg\u00fan momento de sus vidas, tambi\u00e9n formaron parte de la familia del Roberto Humeres\u201d.<\/p>\n<p>La jornada comenzar\u00e1 el viernes 28 de febrero las 9 de la ma\u00f1ana, y los trabajos incluyen, adem\u00e1s, mejoramiento de jardines, podas de arbustos y \u00e1rboles, entre otros trabajos, por lo que quienes asistan deben hacerlo con la vestimenta adecuada, proporcion\u00e1ndoles los elementos necesarios en el liceo, lo que busca cambiarle la cara a esta tradicional casa del saber de nuestra comuna.<\/p>\n<p>&nbsp;<\/p>\n","protected":false},"excerpt":{"rendered":"<p>Una invitaci\u00f3n a todos los ex alumnos del liceo Dr. Roberto Humeres Oyanedel y a la comunidad educativa del establecimiento, realiz\u00f3 la Directora del centenario liceo, Romina Fummey Abarz\u00faa, para participar en&#8230;<\/p>\n","protected":false},"author":482,"featured_media":43600,"comment_status":"open","ping_status":"closed","sticky":false,"template":"","format":"standard","meta":{"advanced_seo_description":"","jetpack_seo_html_title":"","jetpack_seo_noindex":false,"_jetpack_memberships_contains_paid_content":false,"footnotes":""},"categories":[1],"tags":[],"class_list":["post-43599","post","type-post","status-publish","format-standard","has-post-thumbnail","hentry","category-cronica"],"jetpack_featured_media_url":"https:\/\/i0.wp.com\/eltrabajo.cl\/portal\/wp-content\/uploads\/2014\/02\/actividad-liceo.jpg?fit=529%2C538&ssl=1","jetpack_sharing_enabled":true,"jetpack_likes_enabled":true,"jetpack-related-posts":[],"_links":{"self":[{"href":"https:\/\/eltrabajo.cl\/portal\/wp-json\/wp\/v2\/posts\/43599","targetHints":{"allow":["GET"]}}],"collection":[{"href":"https:\/\/eltrabajo.cl\/portal\/wp-json\/wp\/v2\/posts"}],"about":[{"href":"https:\/\/eltrabajo.cl\/portal\/wp-json\/wp\/v2\/types\/post"}],"author":[{"embeddable":true,"href":"https:\/\/eltrabajo.cl\/portal\/wp-json\/wp\/v2\/users\/482"}],"replies":[{"embeddable":true,"href":"https:\/\/eltrabajo.cl\/portal\/wp-json\/wp\/v2\/comments?post=43599"}],"version-history":[{"count":0,"href":"https:\/\/eltrabajo.cl\/portal\/wp-json\/wp\/v2\/posts\/43599\/revisions"}],"wp:featuredmedia":[{"embeddable":true,"href":"https:\/\/eltrabajo.cl\/portal\/wp-json\/wp\/v2\/media\/43600"}],"wp:attachment":[{"href":"https:\/\/eltrabajo.cl\/portal\/wp-json\/wp\/v2\/media?parent=43599"}],"wp:term":[{"taxonomy":"category","embeddable":true,"href":"https:\/\/eltrabajo.cl\/portal\/wp-json\/wp\/v2\/categories?post=43599"},{"taxonomy":"post_tag","embeddable":true,"href":"https:\/\/eltrabajo.cl\/portal\/wp-json\/wp\/v2\/tags?post=43599"}],"curies":[{"name":"wp","href":"https:\/\/api.w.org\/{rel}","templated":true}]}}