{"id":43603,"date":"2014-02-26T09:56:22","date_gmt":"2014-02-26T12:56:22","guid":{"rendered":"http:\/\/www.eltrabajo.cl\/portal\/?p=43603"},"modified":"2014-02-26T10:31:19","modified_gmt":"2014-02-26T13:31:19","slug":"locutora-postula-su-nombre-en-elecciones-para-directorio-de-sanfecoop","status":"publish","type":"post","link":"https:\/\/eltrabajo.cl\/portal\/locutora-postula-su-nombre-en-elecciones-para-directorio-de-sanfecoop\/","title":{"rendered":"Locutora postula su nombre en elecciones para Directorio de Sanfecoop"},"content":{"rendered":"<figure id=\"attachment_43605\" aria-describedby=\"caption-attachment-43605\" style=\"width: 370px\" class=\"wp-caption alignleft\"><img data-recalc-dims=\"1\" loading=\"lazy\" decoding=\"async\" class=\" wp-image-43605 \" alt=\"PROPAGANDA.- Estas son las hojas que Leyla hace circular a la entrada de Sanfecoop, a fin de realizar su campa\u00f1a electoral.\" src=\"https:\/\/i0.wp.com\/www.eltrabajo.cl\/portal\/wp-content\/uploads\/2014\/02\/Propaganda1.jpg?resize=370%2C451\" width=\"370\" height=\"451\" srcset=\"https:\/\/i0.wp.com\/eltrabajo.cl\/portal\/wp-content\/uploads\/2014\/02\/Propaganda1.jpg?w=529&amp;ssl=1 529w, https:\/\/i0.wp.com\/eltrabajo.cl\/portal\/wp-content\/uploads\/2014\/02\/Propaganda1.jpg?resize=123%2C150&amp;ssl=1 123w, https:\/\/i0.wp.com\/eltrabajo.cl\/portal\/wp-content\/uploads\/2014\/02\/Propaganda1.jpg?resize=246%2C300&amp;ssl=1 246w, https:\/\/i0.wp.com\/eltrabajo.cl\/portal\/wp-content\/uploads\/2014\/02\/Propaganda1.jpg?resize=400%2C487&amp;ssl=1 400w\" sizes=\"auto, (max-width: 370px) 100vw, 370px\" \/><\/a><figcaption id=\"caption-attachment-43605\" class=\"wp-caption-text\">PROPAGANDA.- Estas son las hojas que Leyla hace circular a la entrada de Sanfecoop, a fin de realizar su campa\u00f1a electoral.<\/figcaption><\/figure>\n<ul>\n<li><strong style=\"font-size: 13px;\">Elecciones se realizar\u00e1n el 10 de marzo en la sede de la misma cooperativa. Entidad financiera cuenta con 14.000 socios.<\/strong><\/li>\n<\/ul>\n<p>El lunes 10 de marzo y desde las 9:00 horas, se realizar\u00e1n en Sanfecoop de San Felipe las elecciones internas para la selecci\u00f3n de tres nuevos miembros del Consejo Administrativo de esa instituci\u00f3n. Siendo que esa divisi\u00f3n operativa la conforman siete Consejeros, socios que ostentan un cargo privilegiado y al que pueden postular s\u00f3lo aquellos socios que est\u00e9n al d\u00eda en sus cuotas y cr\u00e9ditos, as\u00ed como no presentar registro de antecedentes penales ni estar o haber estado en Dicom, una de las socias de esa cooperativa, Leyla Vega Olivero, visit\u00f3 nuestra Sala de Redacci\u00f3n a fin de presentar p\u00fablicamente su candidatura en este proceso.<\/p>\n<p>&nbsp;<\/p>\n<p><strong>SUS ARGUMENTOS<\/strong><\/p>\n<p><strong>&#8211; \u00bfQu\u00e9 quiere usted postul\u00e1ndose este a\u00f1o al Directorio?<\/strong><\/p>\n<p>&#8211; \u00abQuiero ser \u2018La Voz de los socios en Sanfecoop\u2019, soy locutora; socia desde hace diez a\u00f1os, con 27 de vivir en San Felipe y con amplio conocimiento del funcionamiento de una cooperativa, por lo que me estoy postulando este a\u00f1o para dar ojala la gran sorpresa\u00bb.<\/p>\n<p><strong>&#8211; \u00bfPor qu\u00e9 supone que se le necesita en un cargo administrativo en esa cooperativa?<\/strong><\/p>\n<p>&#8211; \u00abPorque busco administrar mi dinero. Porque quiero ayudar en el proceso cooperativista de manejar las finanzas de los socios y porque creo que ya es momento de que lleguen nuevas caras al Directorio de Sanfecoop, pues soy la \u00fanica postulante que nunca ha participado en este proceso\u00bb.<\/p>\n<figure id=\"attachment_43604\" aria-describedby=\"caption-attachment-43604\" style=\"width: 317px\" class=\"wp-caption alignright\"><a href=\"https:\/\/i0.wp.com\/www.eltrabajo.cl\/portal\/wp-content\/uploads\/2014\/02\/Leyla-Vega.jpg\"><img data-recalc-dims=\"1\" loading=\"lazy\" decoding=\"async\" class=\" wp-image-43604 \" alt=\"Leyla Vega, experimentada locutora y pod\u00f3loga profesional que se postula este a\u00f1o al Directorio de Sanfecoop.\" src=\"https:\/\/i0.wp.com\/www.eltrabajo.cl\/portal\/wp-content\/uploads\/2014\/02\/Leyla-Vega.jpg?resize=317%2C316\" width=\"317\" height=\"316\" srcset=\"https:\/\/i0.wp.com\/eltrabajo.cl\/portal\/wp-content\/uploads\/2014\/02\/Leyla-Vega.jpg?w=529&amp;ssl=1 529w, https:\/\/i0.wp.com\/eltrabajo.cl\/portal\/wp-content\/uploads\/2014\/02\/Leyla-Vega.jpg?resize=150%2C150&amp;ssl=1 150w, https:\/\/i0.wp.com\/eltrabajo.cl\/portal\/wp-content\/uploads\/2014\/02\/Leyla-Vega.jpg?resize=300%2C298&amp;ssl=1 300w, https:\/\/i0.wp.com\/eltrabajo.cl\/portal\/wp-content\/uploads\/2014\/02\/Leyla-Vega.jpg?resize=400%2C398&amp;ssl=1 400w\" sizes=\"auto, (max-width: 317px) 100vw, 317px\" \/><\/a><figcaption id=\"caption-attachment-43604\" class=\"wp-caption-text\">Leyla Vega, experimentada locutora y pod\u00f3loga profesional que se postula este a\u00f1o al Directorio de Sanfecoop.<\/figcaption><\/figure>\n<p><strong>&#8211; \u00bfQu\u00e9 propuestas operativas tiene usted para los socios?<\/strong><\/p>\n<p>&#8211; \u00abA nivel del accionar de la cooperativa, tengo varias propuestas en beneficio de los socios y de la cooperativa misma, deseo mejorar la atenci\u00f3n a los usuarios; tambi\u00e9n estoy proponiendo abrir nuevas sedes en otras comunas, llevar una m\u00f3vil a esos socios que no pueden salir de sus casa, dar un servicio a domicilio cuando este sea necesario. Finalmente buscar\u00eda la forma de interesar a los socios en el proceso, de manera que haya m\u00e1s inter\u00e9s de su parte en participar en las elecciones y postularse tambi\u00e9n cuando sea el momento, pues de los 14.000 socios que tiene Sanfecoop, s\u00f3lo unos 1000 de ellos votaron el a\u00f1o pasado\u00bb.<\/p>\n<p>Roberto Gonz\u00e1lez Short<\/p>\n<p>rgonzalez@eltrabajo.cl<\/p>\n<p>&nbsp;<\/p>\n","protected":false},"excerpt":{"rendered":"<p>Elecciones se realizar\u00e1n el 10 de marzo en la sede de la misma cooperativa. Entidad financiera cuenta con 14.000 socios. El lunes 10 de marzo y desde las 9:00 horas, se realizar\u00e1n&#8230;<\/p>\n","protected":false},"author":482,"featured_media":43605,"comment_status":"open","ping_status":"closed","sticky":false,"template":"","format":"standard","meta":{"advanced_seo_description":"","jetpack_seo_html_title":"","jetpack_seo_noindex":false,"_jetpack_memberships_contains_paid_content":false,"footnotes":""},"categories":[1],"tags":[],"class_list":["post-43603","post","type-post","status-publish","format-standard","has-post-thumbnail","hentry","category-cronica"],"jetpack_featured_media_url":"https:\/\/i0.wp.com\/eltrabajo.cl\/portal\/wp-content\/uploads\/2014\/02\/Propaganda1.jpg?fit=529%2C645&ssl=1","jetpack_sharing_enabled":true,"jetpack_likes_enabled":true,"jetpack-related-posts":[],"_links":{"self":[{"href":"https:\/\/eltrabajo.cl\/portal\/wp-json\/wp\/v2\/posts\/43603","targetHints":{"allow":["GET"]}}],"collection":[{"href":"https:\/\/eltrabajo.cl\/portal\/wp-json\/wp\/v2\/posts"}],"about":[{"href":"https:\/\/eltrabajo.cl\/portal\/wp-json\/wp\/v2\/types\/post"}],"author":[{"embeddable":true,"href":"https:\/\/eltrabajo.cl\/portal\/wp-json\/wp\/v2\/users\/482"}],"replies":[{"embeddable":true,"href":"https:\/\/eltrabajo.cl\/portal\/wp-json\/wp\/v2\/comments?post=43603"}],"version-history":[{"count":0,"href":"https:\/\/eltrabajo.cl\/portal\/wp-json\/wp\/v2\/posts\/43603\/revisions"}],"wp:featuredmedia":[{"embeddable":true,"href":"https:\/\/eltrabajo.cl\/portal\/wp-json\/wp\/v2\/media\/43605"}],"wp:attachment":[{"href":"https:\/\/eltrabajo.cl\/portal\/wp-json\/wp\/v2\/media?parent=43603"}],"wp:term":[{"taxonomy":"category","embeddable":true,"href":"https:\/\/eltrabajo.cl\/portal\/wp-json\/wp\/v2\/categories?post=43603"},{"taxonomy":"post_tag","embeddable":true,"href":"https:\/\/eltrabajo.cl\/portal\/wp-json\/wp\/v2\/tags?post=43603"}],"curies":[{"name":"wp","href":"https:\/\/api.w.org\/{rel}","templated":true}]}}