{"id":43611,"date":"2014-02-26T10:01:38","date_gmt":"2014-02-26T13:01:38","guid":{"rendered":"http:\/\/www.eltrabajo.cl\/portal\/?p=43611"},"modified":"2014-02-26T10:29:46","modified_gmt":"2014-02-26T13:29:46","slug":"venden-silla-especial-para-personas-con-paralisis-cerebral","status":"publish","type":"post","link":"https:\/\/eltrabajo.cl\/portal\/venden-silla-especial-para-personas-con-paralisis-cerebral\/","title":{"rendered":"Venden silla especial para personas con par\u00e1lisis cerebral"},"content":{"rendered":"<figure id=\"attachment_43612\" aria-describedby=\"caption-attachment-43612\" style=\"width: 317px\" class=\"wp-caption alignleft\"><img data-recalc-dims=\"1\" loading=\"lazy\" decoding=\"async\" class=\" wp-image-43612 \" alt=\"M\u00f3nica Mellado, sanfelipe\u00f1a que tambi\u00e9n est\u00e1 desesperada por conseguir trabajo.\" src=\"https:\/\/i0.wp.com\/www.eltrabajo.cl\/portal\/wp-content\/uploads\/2014\/02\/Monica-Mellado.jpg?resize=317%2C336\" width=\"317\" height=\"336\" srcset=\"https:\/\/i0.wp.com\/eltrabajo.cl\/portal\/wp-content\/uploads\/2014\/02\/Monica-Mellado.jpg?w=529&amp;ssl=1 529w, https:\/\/i0.wp.com\/eltrabajo.cl\/portal\/wp-content\/uploads\/2014\/02\/Monica-Mellado.jpg?resize=141%2C150&amp;ssl=1 141w, https:\/\/i0.wp.com\/eltrabajo.cl\/portal\/wp-content\/uploads\/2014\/02\/Monica-Mellado.jpg?resize=283%2C300&amp;ssl=1 283w, https:\/\/i0.wp.com\/eltrabajo.cl\/portal\/wp-content\/uploads\/2014\/02\/Monica-Mellado.jpg?resize=400%2C423&amp;ssl=1 400w\" sizes=\"auto, (max-width: 317px) 100vw, 317px\" \/><\/a><figcaption id=\"caption-attachment-43612\" class=\"wp-caption-text\">M\u00f3nica Mellado, sanfelipe\u00f1a que tambi\u00e9n est\u00e1 desesperada por conseguir trabajo.<\/figcaption><\/figure>\n<p>Luego que hace m\u00e1s de un a\u00f1o debiera sepultar a su peque\u00f1a hija de 15 a\u00f1os, Catalina Pich\u00f3n, menor que naci\u00f3 con par\u00e1lisis cerebral y quien toda su existencia la vivi\u00f3 postrada en una cama o silla de ruedas, su madre M\u00f3nica Mellado no ha logrado superar el cuadro depresivo en el que se hundi\u00f3 a ra\u00edz de su p\u00e9rdida.<\/p>\n<p>Siendo que un grupo de trabajadores de Codelco Andina le hab\u00edan donado una silla especial para que su ni\u00f1a la usara; luego tambi\u00e9n que falleciera la menor y los donantes de ese bien aprobaran que ella la ponga en venta, hoy Do\u00f1a M\u00f3nica anuncia que esa silla especial est\u00e1 en venta, pues ella y su hijo de seis a\u00f1itos est\u00e1n en apuros y necesita salir adelante, pagar las cuentas y comprar \u00fatiles para el a\u00f1o escolar de su peque\u00f1o.<\/p>\n<p>\u00abLa silla me la donaron para mi hija, ella s\u00f3lo la us\u00f3 unos ocho meses, est\u00e1 valorada en m\u00e1s de $2 millones, pero yo aceptar\u00e9 aunque me den unos $700.000 por ella, est\u00e1 como nueva, normalmente yo tambi\u00e9n la donar\u00eda, pero este es el momento en que debo casi dos meses de arriendo, alimentos en un almac\u00e9n, no tengo alimentos para la casa, estoy desesperada y necesito venderla\u00bb, asegur\u00f3 a Diario El Trabajo M\u00f3nica Mellado.<\/p>\n<figure id=\"attachment_43613\" aria-describedby=\"caption-attachment-43613\" style=\"width: 422px\" class=\"wp-caption alignright\"><a href=\"https:\/\/i0.wp.com\/www.eltrabajo.cl\/portal\/wp-content\/uploads\/2014\/02\/Silla1.jpg\"><img data-recalc-dims=\"1\" loading=\"lazy\" decoding=\"async\" class=\" wp-image-43613 \" alt=\"M\u00f3nica Mellado, sanfelipe\u00f1a que tambi\u00e9n est\u00e1 desesperada por conseguir trabajo.\" src=\"https:\/\/i0.wp.com\/www.eltrabajo.cl\/portal\/wp-content\/uploads\/2014\/02\/Silla1.jpg?resize=422%2C321\" width=\"422\" height=\"321\" srcset=\"https:\/\/i0.wp.com\/eltrabajo.cl\/portal\/wp-content\/uploads\/2014\/02\/Silla1.jpg?w=528&amp;ssl=1 528w, https:\/\/i0.wp.com\/eltrabajo.cl\/portal\/wp-content\/uploads\/2014\/02\/Silla1.jpg?resize=197%2C150&amp;ssl=1 197w, https:\/\/i0.wp.com\/eltrabajo.cl\/portal\/wp-content\/uploads\/2014\/02\/Silla1.jpg?resize=300%2C227&amp;ssl=1 300w, https:\/\/i0.wp.com\/eltrabajo.cl\/portal\/wp-content\/uploads\/2014\/02\/Silla1.jpg?resize=150%2C113&amp;ssl=1 150w, https:\/\/i0.wp.com\/eltrabajo.cl\/portal\/wp-content\/uploads\/2014\/02\/Silla1.jpg?resize=400%2C303&amp;ssl=1 400w\" sizes=\"auto, (max-width: 422px) 100vw, 422px\" \/><\/a><figcaption id=\"caption-attachment-43613\" class=\"wp-caption-text\">M\u00f3nica Mellado, sanfelipe\u00f1a que tambi\u00e9n est\u00e1 desesperada por conseguir trabajo.<\/figcaption><\/figure>\n<p>La angustiada mujer no pudo mantener ning\u00fan trabajo durante estos a\u00f1os en virtud de los cuidados que debi\u00f3 como madre prestarle a su hija, raz\u00f3n por la cual y sin la ayuda de un esposo cercano, hoy tambi\u00e9n se encuentra sin poder ganar para el sustento de ella y su hijo.<\/p>\n<p>\u00abTambi\u00e9n quiero solicitar una oportunidad de trabajo, sea dom\u00e9stico o alguna empresa, quiero salir adelante y espero tambi\u00e9n que esta silla la pueda usar alguna persona que la necesite, es silla; se convierte en cama; es giratoria y tiene muchos usos para quien los requiera\u00bb, agreg\u00f3 Mellado. Los interesados en comprar la silla o ayudar a esa mujer y su peque\u00f1o hijo, pueden llamar al 8588 9534 y al 7755 7077.<\/p>\n<p>Roberto Gonz\u00e1lez Short<\/p>\n<p>rgonzalez@eltrabajo.cl<\/p>\n<p>&nbsp;<\/p>\n","protected":false},"excerpt":{"rendered":"<p>Luego que hace m\u00e1s de un a\u00f1o debiera sepultar a su peque\u00f1a hija de 15 a\u00f1os, Catalina Pich\u00f3n, menor que naci\u00f3 con par\u00e1lisis cerebral y quien toda su existencia la vivi\u00f3 postrada&#8230;<\/p>\n","protected":false},"author":482,"featured_media":43612,"comment_status":"open","ping_status":"closed","sticky":false,"template":"","format":"standard","meta":{"advanced_seo_description":"","jetpack_seo_html_title":"","jetpack_seo_noindex":false,"_jetpack_memberships_contains_paid_content":false,"footnotes":""},"categories":[15],"tags":[],"class_list":["post-43611","post","type-post","status-publish","format-standard","has-post-thumbnail","hentry","category-comunidad"],"jetpack_featured_media_url":"https:\/\/i0.wp.com\/eltrabajo.cl\/portal\/wp-content\/uploads\/2014\/02\/Monica-Mellado.jpg?fit=529%2C560&ssl=1","jetpack_sharing_enabled":true,"jetpack_likes_enabled":true,"jetpack-related-posts":[],"_links":{"self":[{"href":"https:\/\/eltrabajo.cl\/portal\/wp-json\/wp\/v2\/posts\/43611","targetHints":{"allow":["GET"]}}],"collection":[{"href":"https:\/\/eltrabajo.cl\/portal\/wp-json\/wp\/v2\/posts"}],"about":[{"href":"https:\/\/eltrabajo.cl\/portal\/wp-json\/wp\/v2\/types\/post"}],"author":[{"embeddable":true,"href":"https:\/\/eltrabajo.cl\/portal\/wp-json\/wp\/v2\/users\/482"}],"replies":[{"embeddable":true,"href":"https:\/\/eltrabajo.cl\/portal\/wp-json\/wp\/v2\/comments?post=43611"}],"version-history":[{"count":0,"href":"https:\/\/eltrabajo.cl\/portal\/wp-json\/wp\/v2\/posts\/43611\/revisions"}],"wp:featuredmedia":[{"embeddable":true,"href":"https:\/\/eltrabajo.cl\/portal\/wp-json\/wp\/v2\/media\/43612"}],"wp:attachment":[{"href":"https:\/\/eltrabajo.cl\/portal\/wp-json\/wp\/v2\/media?parent=43611"}],"wp:term":[{"taxonomy":"category","embeddable":true,"href":"https:\/\/eltrabajo.cl\/portal\/wp-json\/wp\/v2\/categories?post=43611"},{"taxonomy":"post_tag","embeddable":true,"href":"https:\/\/eltrabajo.cl\/portal\/wp-json\/wp\/v2\/tags?post=43611"}],"curies":[{"name":"wp","href":"https:\/\/api.w.org\/{rel}","templated":true}]}}