{"id":43616,"date":"2014-02-26T10:05:24","date_gmt":"2014-02-26T13:05:24","guid":{"rendered":"http:\/\/www.eltrabajo.cl\/portal\/?p=43616"},"modified":"2014-02-26T10:05:24","modified_gmt":"2014-02-26T13:05:24","slug":"adolescente-presenta-quemaduras-en-su-cuello-causadas-por-espuma-spray","status":"publish","type":"post","link":"https:\/\/eltrabajo.cl\/portal\/adolescente-presenta-quemaduras-en-su-cuello-causadas-por-espuma-spray\/","title":{"rendered":"Adolescente presenta quemaduras en su cuello causadas por espuma spray"},"content":{"rendered":"<figure id=\"attachment_43617\" aria-describedby=\"caption-attachment-43617\" style=\"width: 317px\" class=\"wp-caption alignleft\"><a href=\"https:\/\/i0.wp.com\/www.eltrabajo.cl\/portal\/wp-content\/uploads\/2014\/02\/VIRGINIA-JAMETT-MADRE-JOVEN-CON-QUEMADURAS.jpg\"><img data-recalc-dims=\"1\" loading=\"lazy\" decoding=\"async\" class=\" wp-image-43617 \" alt=\"Virginia Jamett, madre de la menor afectada, pidi\u00f3 que se proh\u00edba efectivamente vender estos productos.\" src=\"https:\/\/i0.wp.com\/www.eltrabajo.cl\/portal\/wp-content\/uploads\/2014\/02\/VIRGINIA-JAMETT-MADRE-JOVEN-CON-QUEMADURAS.jpg?resize=317%2C215\" width=\"317\" height=\"215\" srcset=\"https:\/\/i0.wp.com\/eltrabajo.cl\/portal\/wp-content\/uploads\/2014\/02\/VIRGINIA-JAMETT-MADRE-JOVEN-CON-QUEMADURAS.jpg?w=528&amp;ssl=1 528w, https:\/\/i0.wp.com\/eltrabajo.cl\/portal\/wp-content\/uploads\/2014\/02\/VIRGINIA-JAMETT-MADRE-JOVEN-CON-QUEMADURAS.jpg?resize=200%2C135&amp;ssl=1 200w, https:\/\/i0.wp.com\/eltrabajo.cl\/portal\/wp-content\/uploads\/2014\/02\/VIRGINIA-JAMETT-MADRE-JOVEN-CON-QUEMADURAS.jpg?resize=300%2C203&amp;ssl=1 300w, https:\/\/i0.wp.com\/eltrabajo.cl\/portal\/wp-content\/uploads\/2014\/02\/VIRGINIA-JAMETT-MADRE-JOVEN-CON-QUEMADURAS.jpg?resize=150%2C101&amp;ssl=1 150w, https:\/\/i0.wp.com\/eltrabajo.cl\/portal\/wp-content\/uploads\/2014\/02\/VIRGINIA-JAMETT-MADRE-JOVEN-CON-QUEMADURAS.jpg?resize=400%2C271&amp;ssl=1 400w\" sizes=\"auto, (max-width: 317px) 100vw, 317px\" \/><\/a><figcaption id=\"caption-attachment-43617\" class=\"wp-caption-text\">Virginia Jamett, madre de la menor afectada, pidi\u00f3 que se proh\u00edba efectivamente vender estos productos.<\/figcaption><\/figure>\n<p><strong>PUTAENDO<\/strong>.- Una joven de 14 a\u00f1os de edad presenta quemaduras en su cuello luego que fuera rociada con espuma en spray en una de las jornadas del recientemente finalizado Carnaval de la Chaya en Putaendo.<\/p>\n<p>Virginia Jamett se\u00f1al\u00f3 que su hija Sof\u00eda, de 14 a\u00f1os de edad, el s\u00e1bado pasado acudi\u00f3 al Carnaval de la Chaya y que su rostro y parte del cuello recibieron una gran cantidad de espuma arrojada por algunos j\u00f3venes tal como lo muestran las fotograf\u00edas inferiores.<\/p>\n<p>Cuando la joven regres\u00f3 a su hogar, Virginia asegura que le limpiaron con mucho cuidado y luego de ducharse su hija comenz\u00f3 a sentir fuertes dolores y notaron como su piel se colocaba de un color rojo intenso, por lo que decidieron aplicarle \u2018Hipogloss\u2019 en la zona afectada.<\/p>\n<p>Hoy Sof\u00eda tiene muchas dificultades para mover su cuello y los dolores se han incrementado, por lo que decidieron llevarla a un dermat\u00f3logo producto del dolor que a\u00fan persiste, adem\u00e1s por el color de la piel que presenta una mancha oscura bastante llamativa y no saben si desaparecer\u00e1 o no.<\/p>\n<p>Virginia Jamett dijo que espera que de una vez por todas tanto al comercio ambulante como al establecido se les proh\u00edba definitivamente vender estos productos en fiestas tan importantes como la chaya, ya que hoy su hija sufre consecuencias que a\u00fan no sabe donde terminar\u00e1n por la espuma en spray que le arrojaron a su hija en su cara y en el cuello y que est\u00e1 lejos de ser una diversi\u00f3n como muchos lo se\u00f1alan.<\/p>\n<p>Este no es el \u00fanico caso y prueba de ello es la fotograf\u00eda enviada a Diario El Trabajo por la se\u00f1ora Yuvissa Gajardo Fontecha, quien denunci\u00f3 que su hija tambi\u00e9n sufri\u00f3 lesiones de similares caracter\u00edsticas.<\/p>\n<p>Patricio Gallardo M.<\/p>\n<div class=\"tiled-gallery type-rectangular tiled-gallery-unresized\" data-original-width=\"640\" data-carousel-extra='null' itemscope itemtype=\"http:\/\/schema.org\/ImageGallery\" > <div class=\"gallery-row\" style=\"width: 640px; height: 197px;\" data-original-width=\"640\" data-original-height=\"197\" > <div class=\"gallery-group images-1\" style=\"width: 289px; height: 197px;\" data-original-width=\"289\" data-original-height=\"197\" > <div class=\"tiled-gallery-item tiled-gallery-item-large\" itemprop=\"associatedMedia\" itemscope itemtype=\"http:\/\/schema.org\/ImageObject\"> <a href=\"https:\/\/eltrabajo.cl\/portal\/adolescente-presenta-quemaduras-en-su-cuello-causadas-por-espuma-spray\/quemaduras-con-espuma-1\/\" border=\"0\" itemprop=\"url\"> <meta itemprop=\"width\" content=\"285\"> <meta itemprop=\"height\" content=\"193\"> <img decoding=\"async\" class=\"\" data-attachment-id=\"43618\" data-orig-file=\"https:\/\/eltrabajo.cl\/portal\/wp-content\/uploads\/2014\/02\/QUEMADURAS-CON-ESPUMA-1.jpg\" data-orig-size=\"529,359\" data-comments-opened=\"1\" data-image-meta=\"{&quot;aperture&quot;:&quot;5&quot;,&quot;credit&quot;:&quot;&quot;,&quot;camera&quot;:&quot;Canon EOS REBEL T3i&quot;,&quot;caption&quot;:&quot;&quot;,&quot;created_timestamp&quot;:&quot;1393333498&quot;,&quot;copyright&quot;:&quot;[wopmind]&quot;,&quot;focal_length&quot;:&quot;51&quot;,&quot;iso&quot;:&quot;400&quot;,&quot;shutter_speed&quot;:&quot;0.016666666666667&quot;,&quot;title&quot;:&quot;&quot;}\" data-image-title=\"QUEMADURAS CON ESPUMA (1)\" data-image-description=\"&lt;p&gt;La joven de 14 a\u00f1os presenta lesiones en su cuello tras ser rociada con espuma en spray en una de las noches del Carnaval de la Chaya en Putaendo.&lt;\/p&gt; \" data-medium-file=\"https:\/\/i0.wp.com\/eltrabajo.cl\/portal\/wp-content\/uploads\/2014\/02\/QUEMADURAS-CON-ESPUMA-1.jpg?fit=300%2C203&#038;ssl=1\" data-large-file=\"https:\/\/i0.wp.com\/eltrabajo.cl\/portal\/wp-content\/uploads\/2014\/02\/QUEMADURAS-CON-ESPUMA-1.jpg?fit=529%2C359&#038;ssl=1\" src=\"https:\/\/i0.wp.com\/eltrabajo.cl\/portal\/wp-content\/uploads\/2014\/02\/QUEMADURAS-CON-ESPUMA-1.jpg?w=285&#038;h=193&#038;ssl=1\" srcset=\"https:\/\/i0.wp.com\/eltrabajo.cl\/portal\/wp-content\/uploads\/2014\/02\/QUEMADURAS-CON-ESPUMA-1.jpg?w=529&amp;ssl=1 529w, https:\/\/i0.wp.com\/eltrabajo.cl\/portal\/wp-content\/uploads\/2014\/02\/QUEMADURAS-CON-ESPUMA-1.jpg?resize=200%2C135&amp;ssl=1 200w, https:\/\/i0.wp.com\/eltrabajo.cl\/portal\/wp-content\/uploads\/2014\/02\/QUEMADURAS-CON-ESPUMA-1.jpg?resize=300%2C203&amp;ssl=1 300w, https:\/\/i0.wp.com\/eltrabajo.cl\/portal\/wp-content\/uploads\/2014\/02\/QUEMADURAS-CON-ESPUMA-1.jpg?resize=150%2C101&amp;ssl=1 150w, https:\/\/i0.wp.com\/eltrabajo.cl\/portal\/wp-content\/uploads\/2014\/02\/QUEMADURAS-CON-ESPUMA-1.jpg?resize=400%2C271&amp;ssl=1 400w\" width=\"285\" height=\"193\" loading=\"lazy\" data-original-width=\"285\" data-original-height=\"193\" itemprop=\"http:\/\/schema.org\/image\" title=\"QUEMADURAS CON ESPUMA (1)\" alt=\"La joven de 14 a\u00f1os presenta lesiones en su cuello tras ser rociada con espuma en spray en una de las noches del Carnaval de la Chaya en Putaendo.\" style=\"width: 285px; height: 193px;\" \/> <\/a> <div class=\"tiled-gallery-caption\" itemprop=\"caption description\"> La joven de 14 a\u00f1os presenta lesiones en su cuello tras ser rociada con espuma en spray en una de las noches del Carnaval de la Chaya en Putaendo. <\/div> <\/div> <\/div> <!-- close group --> <div class=\"gallery-group images-1\" style=\"width: 351px; height: 197px;\" data-original-width=\"351\" data-original-height=\"197\" > <div class=\"tiled-gallery-item tiled-gallery-item-large\" itemprop=\"associatedMedia\" itemscope itemtype=\"http:\/\/schema.org\/ImageObject\"> <a href=\"https:\/\/eltrabajo.cl\/portal\/adolescente-presenta-quemaduras-en-su-cuello-causadas-por-espuma-spray\/quemaduras-con-espuma-2\/\" border=\"0\" itemprop=\"url\"> <meta itemprop=\"width\" content=\"347\"> <meta itemprop=\"height\" content=\"193\"> <img decoding=\"async\" class=\"\" data-attachment-id=\"43619\" data-orig-file=\"https:\/\/eltrabajo.cl\/portal\/wp-content\/uploads\/2014\/02\/QUEMADURAS-CON-ESPUMA-2.jpg\" data-orig-size=\"529,294\" data-comments-opened=\"1\" data-image-meta=\"{&quot;aperture&quot;:&quot;0&quot;,&quot;credit&quot;:&quot;&quot;,&quot;camera&quot;:&quot;&quot;,&quot;caption&quot;:&quot;&quot;,&quot;created_timestamp&quot;:&quot;0&quot;,&quot;copyright&quot;:&quot;&quot;,&quot;focal_length&quot;:&quot;0&quot;,&quot;iso&quot;:&quot;0&quot;,&quot;shutter_speed&quot;:&quot;0&quot;,&quot;title&quot;:&quot;&quot;}\" data-image-title=\"QUEMADURAS CON ESPUMA (2)\" data-image-description=\"&lt;p&gt;En esta imagen se puede apreciar m\u00e1s n\u00edtidamente la lesi\u00f3n en la piel que sufri\u00f3 la menor.&lt;\/p&gt; \" data-medium-file=\"https:\/\/i0.wp.com\/eltrabajo.cl\/portal\/wp-content\/uploads\/2014\/02\/QUEMADURAS-CON-ESPUMA-2.jpg?fit=300%2C166&#038;ssl=1\" data-large-file=\"https:\/\/i0.wp.com\/eltrabajo.cl\/portal\/wp-content\/uploads\/2014\/02\/QUEMADURAS-CON-ESPUMA-2.jpg?fit=529%2C294&#038;ssl=1\" src=\"https:\/\/i0.wp.com\/eltrabajo.cl\/portal\/wp-content\/uploads\/2014\/02\/QUEMADURAS-CON-ESPUMA-2.jpg?w=347&#038;h=193&#038;ssl=1\" srcset=\"https:\/\/i0.wp.com\/eltrabajo.cl\/portal\/wp-content\/uploads\/2014\/02\/QUEMADURAS-CON-ESPUMA-2.jpg?w=529&amp;ssl=1 529w, https:\/\/i0.wp.com\/eltrabajo.cl\/portal\/wp-content\/uploads\/2014\/02\/QUEMADURAS-CON-ESPUMA-2.jpg?resize=200%2C111&amp;ssl=1 200w, https:\/\/i0.wp.com\/eltrabajo.cl\/portal\/wp-content\/uploads\/2014\/02\/QUEMADURAS-CON-ESPUMA-2.jpg?resize=300%2C166&amp;ssl=1 300w, https:\/\/i0.wp.com\/eltrabajo.cl\/portal\/wp-content\/uploads\/2014\/02\/QUEMADURAS-CON-ESPUMA-2.jpg?resize=150%2C83&amp;ssl=1 150w, https:\/\/i0.wp.com\/eltrabajo.cl\/portal\/wp-content\/uploads\/2014\/02\/QUEMADURAS-CON-ESPUMA-2.jpg?resize=400%2C222&amp;ssl=1 400w\" width=\"347\" height=\"193\" loading=\"lazy\" data-original-width=\"347\" data-original-height=\"193\" itemprop=\"http:\/\/schema.org\/image\" title=\"QUEMADURAS CON ESPUMA (2)\" alt=\"En esta imagen se puede apreciar m\u00e1s n\u00edtidamente la lesi\u00f3n en la piel que sufri\u00f3 la menor.\" style=\"width: 347px; height: 193px;\" \/> <\/a> <div class=\"tiled-gallery-caption\" itemprop=\"caption description\"> En esta imagen se puede apreciar m\u00e1s n\u00edtidamente la lesi\u00f3n en la piel que sufri\u00f3 la menor. <\/div> <\/div> <\/div> <!-- close group --> <\/div> <!-- close row --> <\/div>\n<p>&nbsp;<\/p>\n","protected":false},"excerpt":{"rendered":"<p>PUTAENDO.- Una joven de 14 a\u00f1os de edad presenta quemaduras en su cuello luego que fuera rociada con espuma en spray en una de las jornadas del recientemente finalizado Carnaval de la&#8230;<\/p>\n","protected":false},"author":482,"featured_media":43617,"comment_status":"open","ping_status":"closed","sticky":false,"template":"","format":"standard","meta":{"advanced_seo_description":"","jetpack_seo_html_title":"","jetpack_seo_noindex":false,"_jetpack_memberships_contains_paid_content":false,"footnotes":""},"categories":[15],"tags":[],"class_list":["post-43616","post","type-post","status-publish","format-standard","has-post-thumbnail","hentry","category-comunidad"],"jetpack_featured_media_url":"https:\/\/i0.wp.com\/eltrabajo.cl\/portal\/wp-content\/uploads\/2014\/02\/VIRGINIA-JAMETT-MADRE-JOVEN-CON-QUEMADURAS.jpg?fit=528%2C358&ssl=1","jetpack_sharing_enabled":true,"jetpack_likes_enabled":true,"jetpack-related-posts":[],"_links":{"self":[{"href":"https:\/\/eltrabajo.cl\/portal\/wp-json\/wp\/v2\/posts\/43616","targetHints":{"allow":["GET"]}}],"collection":[{"href":"https:\/\/eltrabajo.cl\/portal\/wp-json\/wp\/v2\/posts"}],"about":[{"href":"https:\/\/eltrabajo.cl\/portal\/wp-json\/wp\/v2\/types\/post"}],"author":[{"embeddable":true,"href":"https:\/\/eltrabajo.cl\/portal\/wp-json\/wp\/v2\/users\/482"}],"replies":[{"embeddable":true,"href":"https:\/\/eltrabajo.cl\/portal\/wp-json\/wp\/v2\/comments?post=43616"}],"version-history":[{"count":0,"href":"https:\/\/eltrabajo.cl\/portal\/wp-json\/wp\/v2\/posts\/43616\/revisions"}],"wp:featuredmedia":[{"embeddable":true,"href":"https:\/\/eltrabajo.cl\/portal\/wp-json\/wp\/v2\/media\/43617"}],"wp:attachment":[{"href":"https:\/\/eltrabajo.cl\/portal\/wp-json\/wp\/v2\/media?parent=43616"}],"wp:term":[{"taxonomy":"category","embeddable":true,"href":"https:\/\/eltrabajo.cl\/portal\/wp-json\/wp\/v2\/categories?post=43616"},{"taxonomy":"post_tag","embeddable":true,"href":"https:\/\/eltrabajo.cl\/portal\/wp-json\/wp\/v2\/tags?post=43616"}],"curies":[{"name":"wp","href":"https:\/\/api.w.org\/{rel}","templated":true}]}}