{"id":43622,"date":"2014-02-26T10:08:48","date_gmt":"2014-02-26T13:08:48","guid":{"rendered":"http:\/\/www.eltrabajo.cl\/portal\/?p=43622"},"modified":"2014-02-26T10:23:09","modified_gmt":"2014-02-26T13:23:09","slug":"tornillo-en-un-pastelito-casi-le-rompe-corona-de-sus-muelas","status":"publish","type":"post","link":"https:\/\/eltrabajo.cl\/portal\/tornillo-en-un-pastelito-casi-le-rompe-corona-de-sus-muelas\/","title":{"rendered":"Tornillo en un pastelito casi le rompe corona de sus muelas"},"content":{"rendered":"<figure id=\"attachment_43624\" aria-describedby=\"caption-attachment-43624\" style=\"width: 317px\" class=\"wp-caption alignleft\"><img data-recalc-dims=\"1\" loading=\"lazy\" decoding=\"async\" class=\" wp-image-43624 \" alt=\"LA CLIENTE.- Valentina Salgado muestra a Diario El Trabajo los restos del pastel en el que asegura que ven\u00eda un tornillo met\u00e1lico.\" src=\"https:\/\/i0.wp.com\/www.eltrabajo.cl\/portal\/wp-content\/uploads\/2014\/02\/Valentina-Salgado.jpg?resize=317%2C240\" width=\"317\" height=\"240\" srcset=\"https:\/\/i0.wp.com\/eltrabajo.cl\/portal\/wp-content\/uploads\/2014\/02\/Valentina-Salgado.jpg?w=528&amp;ssl=1 528w, https:\/\/i0.wp.com\/eltrabajo.cl\/portal\/wp-content\/uploads\/2014\/02\/Valentina-Salgado.jpg?resize=198%2C150&amp;ssl=1 198w, https:\/\/i0.wp.com\/eltrabajo.cl\/portal\/wp-content\/uploads\/2014\/02\/Valentina-Salgado.jpg?resize=300%2C227&amp;ssl=1 300w, https:\/\/i0.wp.com\/eltrabajo.cl\/portal\/wp-content\/uploads\/2014\/02\/Valentina-Salgado.jpg?resize=150%2C113&amp;ssl=1 150w, https:\/\/i0.wp.com\/eltrabajo.cl\/portal\/wp-content\/uploads\/2014\/02\/Valentina-Salgado.jpg?resize=400%2C303&amp;ssl=1 400w\" sizes=\"auto, (max-width: 317px) 100vw, 317px\" \/><\/a><figcaption id=\"caption-attachment-43624\" class=\"wp-caption-text\">LA CLIENTE.- Valentina Salgado muestra a Diario El Trabajo los restos del pastel en el que asegura que ven\u00eda un tornillo met\u00e1lico.<\/figcaption><\/figure>\n<p>Un tornillo met\u00e1lico casi le destroza una corona de sus muelas a una cliente de Supermercado Santa Isabel la tarde de este lunes. El ins\u00f3lito hecho ocurri\u00f3 cuando la joven estudiante Valentina Salgado compr\u00f3 un paquete de pastelitos \u2018Magdalena de vainilla\u2019, comparti\u00f3 algunos con sus familiares y al comer uno, mordi\u00f3 confiadamente la golosina, masticando con todas sus fuerzas un tornillo met\u00e1lico que ven\u00eda en el interior del producto.<\/p>\n<p>\u00abFue un fuerte golpe en mis dientes, pues mord\u00ed con fuerza creyendo que era alguna semillita, sin embargo may\u00fascula fue mi sorpresa al revisar y descubrir que se trataba de un tornillo de metal\u00bb, comenta Valentina.<\/p>\n<figure id=\"attachment_43623\" aria-describedby=\"caption-attachment-43623\" style=\"width: 422px\" class=\"wp-caption alignright\"><a href=\"https:\/\/i0.wp.com\/www.eltrabajo.cl\/portal\/wp-content\/uploads\/2014\/02\/Pastelito1.jpg\"><img data-recalc-dims=\"1\" loading=\"lazy\" decoding=\"async\" class=\" wp-image-43623 \" alt=\"EL TORNILLO.- Este es el tornillo, el pastel y factura del producto que una cliente de Supermercado Santa Isabel compr\u00f3 en esa conocida empresa.\" src=\"https:\/\/i0.wp.com\/www.eltrabajo.cl\/portal\/wp-content\/uploads\/2014\/02\/Pastelito1.jpg?resize=422%2C321\" width=\"422\" height=\"321\" srcset=\"https:\/\/i0.wp.com\/eltrabajo.cl\/portal\/wp-content\/uploads\/2014\/02\/Pastelito1.jpg?w=528&amp;ssl=1 528w, https:\/\/i0.wp.com\/eltrabajo.cl\/portal\/wp-content\/uploads\/2014\/02\/Pastelito1.jpg?resize=197%2C150&amp;ssl=1 197w, https:\/\/i0.wp.com\/eltrabajo.cl\/portal\/wp-content\/uploads\/2014\/02\/Pastelito1.jpg?resize=300%2C227&amp;ssl=1 300w, https:\/\/i0.wp.com\/eltrabajo.cl\/portal\/wp-content\/uploads\/2014\/02\/Pastelito1.jpg?resize=150%2C113&amp;ssl=1 150w, https:\/\/i0.wp.com\/eltrabajo.cl\/portal\/wp-content\/uploads\/2014\/02\/Pastelito1.jpg?resize=400%2C303&amp;ssl=1 400w\" sizes=\"auto, (max-width: 422px) 100vw, 422px\" \/><\/a><figcaption id=\"caption-attachment-43623\" class=\"wp-caption-text\">EL TORNILLO.- Este es el tornillo, el pastel y factura del producto que una cliente de Supermercado Santa Isabel compr\u00f3 en esa conocida empresa.<\/figcaption><\/figure>\n<p>Seg\u00fan la joven, \u00abfui y reclam\u00e9 en el Santa Isabel, pero me dijeron que ellos no son los responsables, que el reclamo debo hacerlo al fabricante del producto; tambi\u00e9n puse la denuncia en la Seremi de Salud y ya estoy en proceso de hacerlo tambi\u00e9n en el Sernac, pues todo el proceso de Conducto que pagu\u00e9 en mis muelas para finalmente tener mis coronas, no me cost\u00f3 menos de un mill\u00f3n de pesos\u00bb, agreg\u00f3 la joven Salgado.<\/p>\n<p>Valentina acudi\u00f3 inmediatamente a una consulta privada para ver si ten\u00eda da\u00f1os en su dentadura, pues dif\u00edcilmente ser\u00eda atendida en alg\u00fan consultorio con la premura que el caso ameritaba, ella pag\u00f3 los honorarios m\u00e9dicos. La estudiante de Cuarto Medio est\u00e1 valorando interponer una demanda formal en contra del supermercado, sin embargo ella apela a la buena voluntad de quienes le vendieron el peligroso producto.<\/p>\n<p>Diario El Trabajo habl\u00f3 con Gerencia de Supermercado, despacho en donde se nos inform\u00f3 que efectivamente el fabricante asumi\u00f3 su responsabilidad del problema, llamando v\u00eda telef\u00f3nica a la madre de la joven afectada, este fabricante, seg\u00fan nos confirm\u00f3 la mam\u00e1 de Valentina, \u00abellos me aseguran que asumir\u00e1n los gastos m\u00e9dicos en los que se han incurrido hasta el momento, espero que cumplan y espero tambi\u00e9n que no hayan m\u00e1s da\u00f1os internos en la dentadura de mi hija\u00bb.<\/p>\n<p>&nbsp;<\/p>\n","protected":false},"excerpt":{"rendered":"<p>Un tornillo met\u00e1lico casi le destroza una corona de sus muelas a una cliente de Supermercado Santa Isabel la tarde de este lunes. El ins\u00f3lito hecho ocurri\u00f3 cuando la joven estudiante Valentina&#8230;<\/p>\n","protected":false},"author":482,"featured_media":43624,"comment_status":"open","ping_status":"closed","sticky":false,"template":"","format":"standard","meta":{"advanced_seo_description":"","jetpack_seo_html_title":"","jetpack_seo_noindex":false,"_jetpack_memberships_contains_paid_content":false,"footnotes":""},"categories":[15],"tags":[],"class_list":["post-43622","post","type-post","status-publish","format-standard","has-post-thumbnail","hentry","category-comunidad"],"jetpack_featured_media_url":"https:\/\/i0.wp.com\/eltrabajo.cl\/portal\/wp-content\/uploads\/2014\/02\/Valentina-Salgado.jpg?fit=528%2C400&ssl=1","jetpack_sharing_enabled":true,"jetpack_likes_enabled":true,"jetpack-related-posts":[],"_links":{"self":[{"href":"https:\/\/eltrabajo.cl\/portal\/wp-json\/wp\/v2\/posts\/43622","targetHints":{"allow":["GET"]}}],"collection":[{"href":"https:\/\/eltrabajo.cl\/portal\/wp-json\/wp\/v2\/posts"}],"about":[{"href":"https:\/\/eltrabajo.cl\/portal\/wp-json\/wp\/v2\/types\/post"}],"author":[{"embeddable":true,"href":"https:\/\/eltrabajo.cl\/portal\/wp-json\/wp\/v2\/users\/482"}],"replies":[{"embeddable":true,"href":"https:\/\/eltrabajo.cl\/portal\/wp-json\/wp\/v2\/comments?post=43622"}],"version-history":[{"count":0,"href":"https:\/\/eltrabajo.cl\/portal\/wp-json\/wp\/v2\/posts\/43622\/revisions"}],"wp:featuredmedia":[{"embeddable":true,"href":"https:\/\/eltrabajo.cl\/portal\/wp-json\/wp\/v2\/media\/43624"}],"wp:attachment":[{"href":"https:\/\/eltrabajo.cl\/portal\/wp-json\/wp\/v2\/media?parent=43622"}],"wp:term":[{"taxonomy":"category","embeddable":true,"href":"https:\/\/eltrabajo.cl\/portal\/wp-json\/wp\/v2\/categories?post=43622"},{"taxonomy":"post_tag","embeddable":true,"href":"https:\/\/eltrabajo.cl\/portal\/wp-json\/wp\/v2\/tags?post=43622"}],"curies":[{"name":"wp","href":"https:\/\/api.w.org\/{rel}","templated":true}]}}