{"id":43652,"date":"2014-02-27T09:49:01","date_gmt":"2014-02-27T12:49:01","guid":{"rendered":"http:\/\/www.eltrabajo.cl\/portal\/?p=43652"},"modified":"2014-02-27T09:49:01","modified_gmt":"2014-02-27T12:49:01","slug":"directores-de-establecimientos-educacionales-preparan-ano-escolar","status":"publish","type":"post","link":"https:\/\/eltrabajo.cl\/portal\/directores-de-establecimientos-educacionales-preparan-ano-escolar\/","title":{"rendered":"Directores de establecimientos educacionales preparan a\u00f1o escolar"},"content":{"rendered":"<figure id=\"attachment_43653\" aria-describedby=\"caption-attachment-43653\" style=\"width: 528px\" class=\"wp-caption alignnone\"><a href=\"https:\/\/i0.wp.com\/www.eltrabajo.cl\/portal\/wp-content\/uploads\/2014\/02\/Escolar1.jpg\"><img data-recalc-dims=\"1\" loading=\"lazy\" decoding=\"async\" class=\" wp-image-43653\" title=\"Los siete directores ya se encuentran en sus establecimientos trabajando para afrontar el presente a\u00f1o.\" alt=\"Los siete directores ya se encuentran en sus establecimientos trabajando para afrontar el presente a\u00f1o.\" src=\"https:\/\/i0.wp.com\/www.eltrabajo.cl\/portal\/wp-content\/uploads\/2014\/02\/Escolar1.jpg?resize=528%2C401\" width=\"528\" height=\"401\" srcset=\"https:\/\/i0.wp.com\/eltrabajo.cl\/portal\/wp-content\/uploads\/2014\/02\/Escolar1.jpg?w=528&amp;ssl=1 528w, https:\/\/i0.wp.com\/eltrabajo.cl\/portal\/wp-content\/uploads\/2014\/02\/Escolar1.jpg?resize=197%2C150&amp;ssl=1 197w, https:\/\/i0.wp.com\/eltrabajo.cl\/portal\/wp-content\/uploads\/2014\/02\/Escolar1.jpg?resize=300%2C227&amp;ssl=1 300w, https:\/\/i0.wp.com\/eltrabajo.cl\/portal\/wp-content\/uploads\/2014\/02\/Escolar1.jpg?resize=150%2C113&amp;ssl=1 150w, https:\/\/i0.wp.com\/eltrabajo.cl\/portal\/wp-content\/uploads\/2014\/02\/Escolar1.jpg?resize=400%2C303&amp;ssl=1 400w\" sizes=\"auto, (max-width: 528px) 100vw, 528px\" \/><\/a><figcaption id=\"caption-attachment-43653\" class=\"wp-caption-text\">Los siete directores ya se encuentran en sus establecimientos trabajando para afrontar el presente a\u00f1o.<\/figcaption><\/figure>\n<p><strong>PANQUEHUE<\/strong>.- Con la finalidad de establecer un lineamiento general en lo t\u00e9cnico, pedag\u00f3gico y administrativo, los directores de los establecimientos educacionales de Panquehue ya se encuentran en sus respectivas escuelas para afrontar el a\u00f1o escolar que se iniciar con clases normales el pr\u00f3ximo 5 de marzo.<\/p>\n<p>\u00abEstamos comenzando las actividades m\u00e1s temprano. En educaci\u00f3n no hay tiempo que perder. Se dio un lineamiento general en lo t\u00e9cnico pedag\u00f3gico, administrativo y adem\u00e1s del trabajo a seguir para todos los establecimientos para 2014\u00bb, expres\u00f3 la Directora de Educaci\u00f3n, Julia Mar\u00edn Fern\u00e1ndez.<\/p>\n<p>En la reuni\u00f3n se presentaron los directores titulares de tres establecimientos educacionales que les correspond\u00eda concurso que finaliz\u00f3 el pasado 17 de febrero y que fue comandado por la Alta Direcci\u00f3n P\u00fablica. Los establecimientos fueron: Liceo Panquehue, Escuelas Independencia y Ema Lobos Reyes. Tras el concurso como directores quedaron en Liceo Panquehue: Eduardo Caneo Donoso; Escuela Independencia: Francisco Delgado Lemus y Ema Lobos, Marcela Solar Garret\u00f3n.<\/p>\n<p>\u00abSe presentaron los directores oficiales, con la finalidad de socializar circunstancias para el inicio del a\u00f1o escolar\u00bb, a\u00f1adi\u00f3 la directora de Daem.<\/p>\n<p>La funcionaria de la Daem, se\u00f1al\u00f3 que la finalidad que todo comience m\u00e1s temprano es materializar un trabajo adecuado para cuando lleguen los ni\u00f1os, aplicando las pol\u00edticas comunales, comprometidos en realizar una buena educaci\u00f3n. Mar\u00edn Fern\u00e1ndez tambi\u00e9n adelant\u00f3 que se ha trabajado bastante para iniciar en la comuna la ense\u00f1anza t\u00e9cnico profesional. Tambi\u00e9n dio a conocer, las fechas de ingreso a clases de los alumnos en la comuna de Panquehue, \u00ablos alumnos llegan el pr\u00f3ximo 5 de marzo, mientras que los profesores ingresar\u00e1n el d\u00eda 3 y la ense\u00f1anza vespertina el 10 del mismo mes\u00bb, concluy\u00f3.<\/p>\n","protected":false},"excerpt":{"rendered":"<p>PANQUEHUE.- Con la finalidad de establecer un lineamiento general en lo t\u00e9cnico, pedag\u00f3gico y administrativo, los directores de los establecimientos educacionales de Panquehue ya se encuentran en sus respectivas escuelas para afrontar&#8230;<\/p>\n","protected":false},"author":482,"featured_media":43653,"comment_status":"open","ping_status":"closed","sticky":false,"template":"","format":"standard","meta":{"advanced_seo_description":"","jetpack_seo_html_title":"","jetpack_seo_noindex":false,"_jetpack_memberships_contains_paid_content":false,"footnotes":""},"categories":[1],"tags":[],"class_list":["post-43652","post","type-post","status-publish","format-standard","has-post-thumbnail","hentry","category-cronica"],"jetpack_featured_media_url":"https:\/\/i0.wp.com\/eltrabajo.cl\/portal\/wp-content\/uploads\/2014\/02\/Escolar1.jpg?fit=528%2C401&ssl=1","jetpack_sharing_enabled":true,"jetpack_likes_enabled":true,"jetpack-related-posts":[],"_links":{"self":[{"href":"https:\/\/eltrabajo.cl\/portal\/wp-json\/wp\/v2\/posts\/43652","targetHints":{"allow":["GET"]}}],"collection":[{"href":"https:\/\/eltrabajo.cl\/portal\/wp-json\/wp\/v2\/posts"}],"about":[{"href":"https:\/\/eltrabajo.cl\/portal\/wp-json\/wp\/v2\/types\/post"}],"author":[{"embeddable":true,"href":"https:\/\/eltrabajo.cl\/portal\/wp-json\/wp\/v2\/users\/482"}],"replies":[{"embeddable":true,"href":"https:\/\/eltrabajo.cl\/portal\/wp-json\/wp\/v2\/comments?post=43652"}],"version-history":[{"count":0,"href":"https:\/\/eltrabajo.cl\/portal\/wp-json\/wp\/v2\/posts\/43652\/revisions"}],"wp:featuredmedia":[{"embeddable":true,"href":"https:\/\/eltrabajo.cl\/portal\/wp-json\/wp\/v2\/media\/43653"}],"wp:attachment":[{"href":"https:\/\/eltrabajo.cl\/portal\/wp-json\/wp\/v2\/media?parent=43652"}],"wp:term":[{"taxonomy":"category","embeddable":true,"href":"https:\/\/eltrabajo.cl\/portal\/wp-json\/wp\/v2\/categories?post=43652"},{"taxonomy":"post_tag","embeddable":true,"href":"https:\/\/eltrabajo.cl\/portal\/wp-json\/wp\/v2\/tags?post=43652"}],"curies":[{"name":"wp","href":"https:\/\/api.w.org\/{rel}","templated":true}]}}