{"id":43655,"date":"2014-02-27T09:52:27","date_gmt":"2014-02-27T12:52:27","guid":{"rendered":"http:\/\/www.eltrabajo.cl\/portal\/?p=43655"},"modified":"2014-02-27T10:22:40","modified_gmt":"2014-02-27T13:22:40","slug":"adultos-mayores-de-panquehue-realizaron-tour-de-ensueno","status":"publish","type":"post","link":"https:\/\/eltrabajo.cl\/portal\/adultos-mayores-de-panquehue-realizaron-tour-de-ensueno\/","title":{"rendered":"Adultos Mayores de Panquehue realizaron tour de ensue\u00f1o"},"content":{"rendered":"<figure id=\"attachment_43656\" aria-describedby=\"caption-attachment-43656\" style=\"width: 529px\" class=\"wp-caption alignnone\"><img data-recalc-dims=\"1\" loading=\"lazy\" decoding=\"async\" class=\"size-full wp-image-43656\" alt=\"Fueron 82 adultos mayores de los distintos clubes que efectuaron el viaje por la Regi\u00f3n Metropolitana.\" src=\"https:\/\/i0.wp.com\/www.eltrabajo.cl\/portal\/wp-content\/uploads\/2014\/02\/Abuelos1.jpg?resize=529%2C357\" width=\"529\" height=\"357\" srcset=\"https:\/\/i0.wp.com\/eltrabajo.cl\/portal\/wp-content\/uploads\/2014\/02\/Abuelos1.jpg?w=529&amp;ssl=1 529w, https:\/\/i0.wp.com\/eltrabajo.cl\/portal\/wp-content\/uploads\/2014\/02\/Abuelos1.jpg?resize=200%2C134&amp;ssl=1 200w, https:\/\/i0.wp.com\/eltrabajo.cl\/portal\/wp-content\/uploads\/2014\/02\/Abuelos1.jpg?resize=300%2C202&amp;ssl=1 300w, https:\/\/i0.wp.com\/eltrabajo.cl\/portal\/wp-content\/uploads\/2014\/02\/Abuelos1.jpg?resize=150%2C101&amp;ssl=1 150w, https:\/\/i0.wp.com\/eltrabajo.cl\/portal\/wp-content\/uploads\/2014\/02\/Abuelos1.jpg?resize=400%2C269&amp;ssl=1 400w\" sizes=\"auto, (max-width: 529px) 100vw, 529px\" \/><\/a><figcaption id=\"caption-attachment-43656\" class=\"wp-caption-text\">Fueron 82 adultos mayores de los distintos clubes que efectuaron el viaje por la Regi\u00f3n Metropolitana.<\/figcaption><\/figure>\n<p><strong>PANQUEHUE<\/strong>.- Gracias a la gesti\u00f3n de la Municipalidad de Panquehue en conjunto con el Gobierno Regional, este martes 25 de febrero 82 adultos mayores de la comuna pasearon por lugares de la Regi\u00f3n Metropolitana y Costa de Valpara\u00edso. Cerca de las 8:30 horas, los abuelos salieron de la comuna para conocer el Templo Votivo de Maip\u00fa, una vez que visitaron sus instalaciones, viajaron hasta Pomaire, donde almorzaron y posteriormente hasta Isla Negra, para regresar a Panquehue, llegando pasadas las 19:30 horas.<\/p>\n<figure id=\"attachment_43657\" aria-describedby=\"caption-attachment-43657\" style=\"width: 423px\" class=\"wp-caption alignright\"><a href=\"https:\/\/i0.wp.com\/www.eltrabajo.cl\/portal\/wp-content\/uploads\/2014\/02\/Abuelos2.jpg\"><img data-recalc-dims=\"1\" loading=\"lazy\" decoding=\"async\" class=\" wp-image-43657 \" alt=\"Cerca de las 8:30 horas, los abuelos salieron de la comuna para conocer el Templo Votivo de Maip\u00fa.\" src=\"https:\/\/i0.wp.com\/www.eltrabajo.cl\/portal\/wp-content\/uploads\/2014\/02\/Abuelos2.jpg?resize=423%2C282\" width=\"423\" height=\"282\" srcset=\"https:\/\/i0.wp.com\/eltrabajo.cl\/portal\/wp-content\/uploads\/2014\/02\/Abuelos2.jpg?w=529&amp;ssl=1 529w, https:\/\/i0.wp.com\/eltrabajo.cl\/portal\/wp-content\/uploads\/2014\/02\/Abuelos2.jpg?resize=200%2C133&amp;ssl=1 200w, https:\/\/i0.wp.com\/eltrabajo.cl\/portal\/wp-content\/uploads\/2014\/02\/Abuelos2.jpg?resize=300%2C199&amp;ssl=1 300w, https:\/\/i0.wp.com\/eltrabajo.cl\/portal\/wp-content\/uploads\/2014\/02\/Abuelos2.jpg?resize=150%2C99&amp;ssl=1 150w, https:\/\/i0.wp.com\/eltrabajo.cl\/portal\/wp-content\/uploads\/2014\/02\/Abuelos2.jpg?resize=400%2C266&amp;ssl=1 400w\" sizes=\"auto, (max-width: 423px) 100vw, 423px\" \/><\/a><figcaption id=\"caption-attachment-43657\" class=\"wp-caption-text\">Cerca de las 8:30 horas, los abuelos salieron de la comuna para conocer el Templo Votivo de Maip\u00fa.<\/figcaption><\/figure>\n<p>\u00abCon este viaje los adultos mayores concluyen los tours estivales. Todos los clubes de adultos mayores tuvieron su viaje correspondiente. Disfrutaron, lo pasaron bien, porque ellos simplemente se lo merecen. Gracias al Gobierno Regional se concret\u00f3 este \u00faltimo viaje que fue muy atractivo, y donde participaron distintos socios\u00bb, expres\u00f3 el Alcalde Luis Pradenas a Diario El Trabajo.<\/p>\n<p>Tras este nuevo periplo, los adultos mayores esperan el inicio de sus talleres de manualidades, trabajos que se presentan en una feria que se realiza en el mes de noviembre, donde asiste toda la comunidad. \u00abAhora los adultos mayores se comienzan a preparar para dar inicio a sus respectivos talleres. Siempre hay novedades para ellos en lo que respecta a viajes por lo que pronto estaremos anunciando otro viaje\u00bb, a\u00f1adi\u00f3 el edil panquehuino.<\/p>\n","protected":false},"excerpt":{"rendered":"<p>PANQUEHUE.- Gracias a la gesti\u00f3n de la Municipalidad de Panquehue en conjunto con el Gobierno Regional, este martes 25 de febrero 82 adultos mayores de la comuna pasearon por lugares de la&#8230;<\/p>\n","protected":false},"author":482,"featured_media":43656,"comment_status":"open","ping_status":"closed","sticky":false,"template":"","format":"standard","meta":{"advanced_seo_description":"","jetpack_seo_html_title":"","jetpack_seo_noindex":false,"_jetpack_memberships_contains_paid_content":false,"footnotes":""},"categories":[15],"tags":[],"class_list":["post-43655","post","type-post","status-publish","format-standard","has-post-thumbnail","hentry","category-comunidad"],"jetpack_featured_media_url":"https:\/\/i0.wp.com\/eltrabajo.cl\/portal\/wp-content\/uploads\/2014\/02\/Abuelos1.jpg?fit=529%2C357&ssl=1","jetpack_sharing_enabled":true,"jetpack_likes_enabled":true,"jetpack-related-posts":[],"_links":{"self":[{"href":"https:\/\/eltrabajo.cl\/portal\/wp-json\/wp\/v2\/posts\/43655","targetHints":{"allow":["GET"]}}],"collection":[{"href":"https:\/\/eltrabajo.cl\/portal\/wp-json\/wp\/v2\/posts"}],"about":[{"href":"https:\/\/eltrabajo.cl\/portal\/wp-json\/wp\/v2\/types\/post"}],"author":[{"embeddable":true,"href":"https:\/\/eltrabajo.cl\/portal\/wp-json\/wp\/v2\/users\/482"}],"replies":[{"embeddable":true,"href":"https:\/\/eltrabajo.cl\/portal\/wp-json\/wp\/v2\/comments?post=43655"}],"version-history":[{"count":0,"href":"https:\/\/eltrabajo.cl\/portal\/wp-json\/wp\/v2\/posts\/43655\/revisions"}],"wp:featuredmedia":[{"embeddable":true,"href":"https:\/\/eltrabajo.cl\/portal\/wp-json\/wp\/v2\/media\/43656"}],"wp:attachment":[{"href":"https:\/\/eltrabajo.cl\/portal\/wp-json\/wp\/v2\/media?parent=43655"}],"wp:term":[{"taxonomy":"category","embeddable":true,"href":"https:\/\/eltrabajo.cl\/portal\/wp-json\/wp\/v2\/categories?post=43655"},{"taxonomy":"post_tag","embeddable":true,"href":"https:\/\/eltrabajo.cl\/portal\/wp-json\/wp\/v2\/tags?post=43655"}],"curies":[{"name":"wp","href":"https:\/\/api.w.org\/{rel}","templated":true}]}}