{"id":43660,"date":"2014-02-27T09:54:43","date_gmt":"2014-02-27T12:54:43","guid":{"rendered":"http:\/\/www.eltrabajo.cl\/portal\/?p=43660"},"modified":"2014-02-27T09:54:43","modified_gmt":"2014-02-27T12:54:43","slug":"temporero-y-su-jefe-se-trenzan-a-golpes-en-una-bodega","status":"publish","type":"post","link":"https:\/\/eltrabajo.cl\/portal\/temporero-y-su-jefe-se-trenzan-a-golpes-en-una-bodega\/","title":{"rendered":"Temporero y su jefe se trenzan a golpes en una bodega"},"content":{"rendered":"<figure id=\"attachment_43661\" aria-describedby=\"caption-attachment-43661\" style=\"width: 317px\" class=\"wp-caption alignleft\"><a href=\"https:\/\/i0.wp.com\/www.eltrabajo.cl\/portal\/wp-content\/uploads\/2014\/02\/Pedro-Cueto.jpg\"><img data-recalc-dims=\"1\" loading=\"lazy\" decoding=\"async\" class=\" wp-image-43661 \" title=\"Pedro Cueto Ramos, obrero que indic\u00f3 haber sido v\u00edctima de una paliza en el sector Los Maitenes de La Higuera.\" alt=\"Pedro Cueto Ramos, obrero que indic\u00f3 haber sido v\u00edctima de una paliza en el sector Los Maitenes de La Higuera.\" src=\"https:\/\/i0.wp.com\/www.eltrabajo.cl\/portal\/wp-content\/uploads\/2014\/02\/Pedro-Cueto.jpg?resize=317%2C241\" width=\"317\" height=\"241\" srcset=\"https:\/\/i0.wp.com\/eltrabajo.cl\/portal\/wp-content\/uploads\/2014\/02\/Pedro-Cueto.jpg?w=528&amp;ssl=1 528w, https:\/\/i0.wp.com\/eltrabajo.cl\/portal\/wp-content\/uploads\/2014\/02\/Pedro-Cueto.jpg?resize=197%2C150&amp;ssl=1 197w, https:\/\/i0.wp.com\/eltrabajo.cl\/portal\/wp-content\/uploads\/2014\/02\/Pedro-Cueto.jpg?resize=300%2C227&amp;ssl=1 300w, https:\/\/i0.wp.com\/eltrabajo.cl\/portal\/wp-content\/uploads\/2014\/02\/Pedro-Cueto.jpg?resize=150%2C113&amp;ssl=1 150w, https:\/\/i0.wp.com\/eltrabajo.cl\/portal\/wp-content\/uploads\/2014\/02\/Pedro-Cueto.jpg?resize=400%2C303&amp;ssl=1 400w\" sizes=\"auto, (max-width: 317px) 100vw, 317px\" \/><\/a><figcaption id=\"caption-attachment-43661\" class=\"wp-caption-text\">Pedro Cueto Ramos, obrero que indic\u00f3 haber sido v\u00edctima de una paliza en el sector Los Maitenes de La Higuera.<\/figcaption><\/figure>\n<p>Mostrando una oscura cicatriz en uno de sus ojos y asegurando que el responsable de ese hematoma es la persona a quien dejaron como su jefe en las labores agr\u00edcolas donde \u00e9l trabaja, visit\u00f3 nuestra Sala de Redacci\u00f3n el temporero de 41 a\u00f1os, Pedro Cueto Ramos, obrero que indic\u00f3 haber sido v\u00edctima de una paliza en el sector Los Maitenes de La Higuera, Santa Mar\u00eda.<\/p>\n<p>\u00abYo trabajo para Dante Ibacache, un contratista de La Higuera, \u00e9l me llev\u00f3 a laborar a una bodega en donde hab\u00edan otras personas tambi\u00e9n trabajando, el se\u00f1or Ibacache se fue y dej\u00f3 a otro maestro a cargo, fue as\u00ed como en un momento de la ma\u00f1ana del lunes ese jefe me grit\u00f3 y me habl\u00f3 pesado, yo me defend\u00ed y al final sal\u00ed golpeado por este jefe\u00bb, coment\u00f3 el temporero a Diario El Trabajo.<\/p>\n<figure id=\"attachment_43662\" aria-describedby=\"caption-attachment-43662\" style=\"width: 317px\" class=\"wp-caption alignright\"><a href=\"https:\/\/i0.wp.com\/www.eltrabajo.cl\/portal\/wp-content\/uploads\/2014\/02\/Hematoma1.jpg\"><img data-recalc-dims=\"1\" loading=\"lazy\" decoding=\"async\" class=\" wp-image-43662 \" alt=\"Aunque ya no se nota mucho, el obrero asegura que el lunes su ojo estaba completamente azul por la golpiza.\" src=\"https:\/\/i0.wp.com\/www.eltrabajo.cl\/portal\/wp-content\/uploads\/2014\/02\/Hematoma1.jpg?resize=317%2C240\" width=\"317\" height=\"240\" srcset=\"https:\/\/i0.wp.com\/eltrabajo.cl\/portal\/wp-content\/uploads\/2014\/02\/Hematoma1.jpg?w=528&amp;ssl=1 528w, https:\/\/i0.wp.com\/eltrabajo.cl\/portal\/wp-content\/uploads\/2014\/02\/Hematoma1.jpg?resize=198%2C150&amp;ssl=1 198w, https:\/\/i0.wp.com\/eltrabajo.cl\/portal\/wp-content\/uploads\/2014\/02\/Hematoma1.jpg?resize=300%2C227&amp;ssl=1 300w, https:\/\/i0.wp.com\/eltrabajo.cl\/portal\/wp-content\/uploads\/2014\/02\/Hematoma1.jpg?resize=150%2C113&amp;ssl=1 150w, https:\/\/i0.wp.com\/eltrabajo.cl\/portal\/wp-content\/uploads\/2014\/02\/Hematoma1.jpg?resize=400%2C303&amp;ssl=1 400w\" sizes=\"auto, (max-width: 317px) 100vw, 317px\" \/><\/a><figcaption id=\"caption-attachment-43662\" class=\"wp-caption-text\">Aunque ya no se nota mucho, el obrero asegura que el lunes su ojo estaba completamente azul por la golpiza.<\/figcaption><\/figure>\n<p>Seg\u00fan Pedro Cueto, \u00abyo siempre he trabajado con Ibacache y nunca tuve problemas con \u00e9l ni con nadie, aqu\u00ed la situaci\u00f3n se genera porque yo me compromet\u00ed a trabajarle a \u00e9l, porque lo conozco, y no a personas desconocidas, este hombre hasta un cuchillo sac\u00f3 y con \u00e9l me rompi\u00f3 mi ropa\u00bb, agreg\u00f3 el obrero.<\/p>\n<p>&nbsp;<\/p>\n<p><strong>\u00abPEDRO SE\u00a0LO BUSC\u00d3\u00bb<\/strong><\/p>\n<p>Diario El Trabajo habl\u00f3 v\u00eda telef\u00f3nica con Dante Ibacache, presunto jefe del golpeado temporero, quien explic\u00f3 su versi\u00f3n del problema. \u00abEn el caso de Pedro, era su primer d\u00eda de labores, lo que puedo decir es que yo lo contrat\u00e9 y lo llev\u00e9 a trabajar a una bodega, lo dej\u00e9 con un grupo de obreros, en un momento \u00e9l y el jefe inmediato discuten por un tema t\u00e9cnico de la madera que estaban clavando, esto gener\u00f3 que Pedro retara al jefe, los compa\u00f1eros los separaron varias veces durante la ma\u00f1ana, la discusi\u00f3n sigui\u00f3 hasta que se trenzaron a golpes, as\u00ed de claro, \u00e9l se lo busc\u00f3, debo aclarar tambi\u00e9n, que nunca alguien le sac\u00f3 un cuchillo a Pedro, eso es totalmente falso\u00bb, coment\u00f3 categ\u00f3ricamente Ibacache.<\/p>\n<p>Roberto Gonz\u00e1lez Short<\/p>\n<p>rgonzalez@eltrabajo.cl<\/p>\n<p>&nbsp;<\/p>\n","protected":false},"excerpt":{"rendered":"<p>Mostrando una oscura cicatriz en uno de sus ojos y asegurando que el responsable de ese hematoma es la persona a quien dejaron como su jefe en las labores agr\u00edcolas donde \u00e9l&#8230;<\/p>\n","protected":false},"author":482,"featured_media":43661,"comment_status":"open","ping_status":"closed","sticky":false,"template":"","format":"standard","meta":{"advanced_seo_description":"","jetpack_seo_html_title":"","jetpack_seo_noindex":false,"_jetpack_memberships_contains_paid_content":false,"footnotes":""},"categories":[15],"tags":[],"class_list":["post-43660","post","type-post","status-publish","format-standard","has-post-thumbnail","hentry","category-comunidad"],"jetpack_featured_media_url":"https:\/\/i0.wp.com\/eltrabajo.cl\/portal\/wp-content\/uploads\/2014\/02\/Pedro-Cueto.jpg?fit=528%2C401&ssl=1","jetpack_sharing_enabled":true,"jetpack_likes_enabled":true,"jetpack-related-posts":[],"_links":{"self":[{"href":"https:\/\/eltrabajo.cl\/portal\/wp-json\/wp\/v2\/posts\/43660","targetHints":{"allow":["GET"]}}],"collection":[{"href":"https:\/\/eltrabajo.cl\/portal\/wp-json\/wp\/v2\/posts"}],"about":[{"href":"https:\/\/eltrabajo.cl\/portal\/wp-json\/wp\/v2\/types\/post"}],"author":[{"embeddable":true,"href":"https:\/\/eltrabajo.cl\/portal\/wp-json\/wp\/v2\/users\/482"}],"replies":[{"embeddable":true,"href":"https:\/\/eltrabajo.cl\/portal\/wp-json\/wp\/v2\/comments?post=43660"}],"version-history":[{"count":0,"href":"https:\/\/eltrabajo.cl\/portal\/wp-json\/wp\/v2\/posts\/43660\/revisions"}],"wp:featuredmedia":[{"embeddable":true,"href":"https:\/\/eltrabajo.cl\/portal\/wp-json\/wp\/v2\/media\/43661"}],"wp:attachment":[{"href":"https:\/\/eltrabajo.cl\/portal\/wp-json\/wp\/v2\/media?parent=43660"}],"wp:term":[{"taxonomy":"category","embeddable":true,"href":"https:\/\/eltrabajo.cl\/portal\/wp-json\/wp\/v2\/categories?post=43660"},{"taxonomy":"post_tag","embeddable":true,"href":"https:\/\/eltrabajo.cl\/portal\/wp-json\/wp\/v2\/tags?post=43660"}],"curies":[{"name":"wp","href":"https:\/\/api.w.org\/{rel}","templated":true}]}}