{"id":43665,"date":"2014-02-27T09:56:20","date_gmt":"2014-02-27T12:56:20","guid":{"rendered":"http:\/\/www.eltrabajo.cl\/portal\/?p=43665"},"modified":"2014-02-27T10:22:03","modified_gmt":"2014-02-27T13:22:03","slug":"docentes-preocupados-por-ajustes-de-personal-en-colegios-municipales","status":"publish","type":"post","link":"https:\/\/eltrabajo.cl\/portal\/docentes-preocupados-por-ajustes-de-personal-en-colegios-municipales\/","title":{"rendered":"Docentes preocupados por \u2018Ajustes de personal\u2019 en colegios municipales"},"content":{"rendered":"<figure id=\"attachment_43666\" aria-describedby=\"caption-attachment-43666\" style=\"width: 423px\" class=\"wp-caption alignleft\"><img data-recalc-dims=\"1\" loading=\"lazy\" decoding=\"async\" class=\" wp-image-43666  \" alt=\"El presidente Alexis Cuevas pidi\u00f3 que los despidos se hagan con el personal del DAEM que percibe sueldos m\u00e1s elevados.\" src=\"https:\/\/i0.wp.com\/www.eltrabajo.cl\/portal\/wp-content\/uploads\/2014\/02\/alexis-cuevas-propuesta1.jpg?resize=423%2C286\" width=\"423\" height=\"286\" srcset=\"https:\/\/i0.wp.com\/eltrabajo.cl\/portal\/wp-content\/uploads\/2014\/02\/alexis-cuevas-propuesta1.jpg?w=529&amp;ssl=1 529w, https:\/\/i0.wp.com\/eltrabajo.cl\/portal\/wp-content\/uploads\/2014\/02\/alexis-cuevas-propuesta1.jpg?resize=200%2C135&amp;ssl=1 200w, https:\/\/i0.wp.com\/eltrabajo.cl\/portal\/wp-content\/uploads\/2014\/02\/alexis-cuevas-propuesta1.jpg?resize=300%2C203&amp;ssl=1 300w, https:\/\/i0.wp.com\/eltrabajo.cl\/portal\/wp-content\/uploads\/2014\/02\/alexis-cuevas-propuesta1.jpg?resize=150%2C101&amp;ssl=1 150w, https:\/\/i0.wp.com\/eltrabajo.cl\/portal\/wp-content\/uploads\/2014\/02\/alexis-cuevas-propuesta1.jpg?resize=400%2C270&amp;ssl=1 400w\" sizes=\"auto, (max-width: 423px) 100vw, 423px\" \/><figcaption id=\"caption-attachment-43666\" class=\"wp-caption-text\">El presidente Alexis Cuevas pidi\u00f3 que los despidos se hagan con el personal del DAEM que percibe sueldos m\u00e1s elevados.<\/figcaption><\/figure>\n<p><strong>LOS ANDES.<\/strong>&#8211; Los profesores de escuelas y liceos municipales de Los Andes, representados por el Presidente Provincial del Colegio de Profesores y los Consejos Gremiales de los establecimientos, manifestaron a la comunidad su preocupaci\u00f3n por los \u2018ajustes de personal\u2019 y de horas de jornada laboral que est\u00e1n sufriendo diversos docentes de la comuna, con vistas al a\u00f1o escolar 2014 que ya se inicia.<\/p>\n<p>En este sentido, el Presidente Provincial de la entidad, Alexis Cuevas, manifest\u00f3 que han sostenido diversas reuniones con la Directora del DAEM, Mar\u00eda Soledad Reinoso y con el Alcalde Mauricio Navarro, en las cuales han hecho presente esta situaci\u00f3n que aqueja a diversos profesores -especialmente quienes se encuentran a contrata desde hace a\u00f1os y los contratados por la Ley SEP- y sus familias, quienes durante su per\u00edodo de vacaciones han sido notificados, algunos por correo electr\u00f3nico, de la reducci\u00f3n o supresi\u00f3n de sus jornadas.<\/p>\n<p>\u201cSomos conscientes de la situaci\u00f3n econ\u00f3mica deficitaria del municipio, especialmente en el sector Educaci\u00f3n. Los docentes reiteramos que no hemos sido nosotros los causantes de las deudas que la municipalidad mantiene con los profesores y sus familias y que, mientras no cambien las condiciones del sistema educacional, son las Municipalidades las que deben financiar con recursos propios las diferencias de financiamiento producidas por los tipos de subvenci\u00f3n estatal imperantes\u201d, expres\u00f3 Cuevas.<\/p>\n<p>Del mismo modo, se\u00f1al\u00f3 que ser\u00eda impresentable para el gremio y la comunidad que los despidos de personal se circunscriban a los docentes y que, \u201cde ser necesarios esos ajustes, deben comenzar por la reducci\u00f3n efectiva de la sobredotaci\u00f3n del DAEM, en donde se desempe\u00f1an funcionarios que s\u00ed tienen sueldos mucho m\u00e1s elevados que los profesores, incluidas horas extras y adicionales y que, en rigor, son parte significativa del d\u00e9ficit del sistema\u201d.<\/p>\n<p>El dirigente lament\u00f3 que se haya avanzado m\u00e1s lento de lo esperado en el cumplimiento de los acuerdos con el municipio, \u201cya que luego de un a\u00f1o, se ha concretado el retiro de 23 docentes que esperaban esta medida; se ha hecho un abono a las deudas de caja Los Andes y Coopeuch, todav\u00eda insuficiente para que se retire a los profesores de Dicom y se vuelvan a abrir los cr\u00e9ditos; se pag\u00f3 el saldo del bono SAE a un grupo de 26 profesores, quedando pendiente y comprometido a\u00fan el pago para el resto, la gran mayor\u00eda, durante este 2014. Estamos a la espera del reconocimiento y pago del perfeccionamiento, que los pagos previsionales lleguen a estar al d\u00eda y al cumplimiento del PADEM aprobado por el Concejo Municipal\u201d.<\/p>\n<p>Alexis Cuevas dijo que a nivel nacional, la matr\u00edcula de los establecimientos municipalizados se ha reducido a un tercio de la que era hace diez a\u00f1os; se han cerrado escuelas; se ha despedido a profesores y asistentes; se ha acentuado la segregaci\u00f3n de los m\u00e1s pobres, \u201cconsider\u00e1ndose la educaci\u00f3n como un bien de consumo y no como un derecho inalienable que debe ser provisto por el Estado para todos los ciudadanos.<\/p>\n<p>\u201cEsa es la situaci\u00f3n de la educaci\u00f3n al t\u00e9rmino de este per\u00edodo gubernamental. Los profesores estamos expectantes de que la nueva administraci\u00f3n que asume en las pr\u00f3ximas semanas cumpla con sus compromisos de campa\u00f1a a trav\u00e9s de un cambio de sistema: desmunicipalizaci\u00f3n (sin ninguna forma de privatizaci\u00f3n), gratuidad y fin del financiamiento compartido, equidad, \u00e9nfasis en la formaci\u00f3n integral m\u00e1s que en los exclusivos resultados de sistemas evaluativos que segregan y marginan, carrera profesional docente digna, entre otras medidas que seguiremos exigiendo\u201d, agreg\u00f3 el presidente de los docentes.<\/p>\n<p>Finalmente, el directivo salud\u00f3 a los estudiantes, apoderados, exalumnos y a toda la comunidad en el inicio del a\u00f1o escolar 2014, \u201cpues reiteramos nuestro compromiso con la Educaci\u00f3n P\u00fablica y hacemos un llamado a apoyarla, fortaleci\u00e9ndola con la presencia y participaci\u00f3n de todos\u201d.<\/p>\n<p>&nbsp;<\/p>\n","protected":false},"excerpt":{"rendered":"<p>LOS ANDES.&#8211; Los profesores de escuelas y liceos municipales de Los Andes, representados por el Presidente Provincial del Colegio de Profesores y los Consejos Gremiales de los establecimientos, manifestaron a la comunidad&#8230;<\/p>\n","protected":false},"author":482,"featured_media":43666,"comment_status":"open","ping_status":"closed","sticky":false,"template":"","format":"standard","meta":{"advanced_seo_description":"","jetpack_seo_html_title":"","jetpack_seo_noindex":false,"_jetpack_memberships_contains_paid_content":false,"footnotes":""},"categories":[15],"tags":[],"class_list":["post-43665","post","type-post","status-publish","format-standard","has-post-thumbnail","hentry","category-comunidad"],"jetpack_featured_media_url":"https:\/\/i0.wp.com\/eltrabajo.cl\/portal\/wp-content\/uploads\/2014\/02\/alexis-cuevas-propuesta1.jpg?fit=529%2C358&ssl=1","jetpack_sharing_enabled":true,"jetpack_likes_enabled":true,"jetpack-related-posts":[],"_links":{"self":[{"href":"https:\/\/eltrabajo.cl\/portal\/wp-json\/wp\/v2\/posts\/43665","targetHints":{"allow":["GET"]}}],"collection":[{"href":"https:\/\/eltrabajo.cl\/portal\/wp-json\/wp\/v2\/posts"}],"about":[{"href":"https:\/\/eltrabajo.cl\/portal\/wp-json\/wp\/v2\/types\/post"}],"author":[{"embeddable":true,"href":"https:\/\/eltrabajo.cl\/portal\/wp-json\/wp\/v2\/users\/482"}],"replies":[{"embeddable":true,"href":"https:\/\/eltrabajo.cl\/portal\/wp-json\/wp\/v2\/comments?post=43665"}],"version-history":[{"count":0,"href":"https:\/\/eltrabajo.cl\/portal\/wp-json\/wp\/v2\/posts\/43665\/revisions"}],"wp:featuredmedia":[{"embeddable":true,"href":"https:\/\/eltrabajo.cl\/portal\/wp-json\/wp\/v2\/media\/43666"}],"wp:attachment":[{"href":"https:\/\/eltrabajo.cl\/portal\/wp-json\/wp\/v2\/media?parent=43665"}],"wp:term":[{"taxonomy":"category","embeddable":true,"href":"https:\/\/eltrabajo.cl\/portal\/wp-json\/wp\/v2\/categories?post=43665"},{"taxonomy":"post_tag","embeddable":true,"href":"https:\/\/eltrabajo.cl\/portal\/wp-json\/wp\/v2\/tags?post=43665"}],"curies":[{"name":"wp","href":"https:\/\/api.w.org\/{rel}","templated":true}]}}