{"id":43676,"date":"2014-02-27T10:02:05","date_gmt":"2014-02-27T13:02:05","guid":{"rendered":"http:\/\/www.eltrabajo.cl\/portal\/?p=43676"},"modified":"2014-02-27T10:02:37","modified_gmt":"2014-02-27T13:02:37","slug":"vecinos-de-los-patos-anuncian-toma-de-camino-ante-falta-de-agua-potable","status":"publish","type":"post","link":"https:\/\/eltrabajo.cl\/portal\/vecinos-de-los-patos-anuncian-toma-de-camino-ante-falta-de-agua-potable\/","title":{"rendered":"Vecinos de Los Patos anuncian toma de camino ante falta de agua potable"},"content":{"rendered":"<figure id=\"attachment_43677\" aria-describedby=\"caption-attachment-43677\" style=\"width: 317px\" class=\"wp-caption alignleft\"><a href=\"https:\/\/i0.wp.com\/www.eltrabajo.cl\/portal\/wp-content\/uploads\/2014\/02\/ROSA-SILVA-PDTA-JVV-LOS-PATOS.jpg\"><img data-recalc-dims=\"1\" loading=\"lazy\" decoding=\"async\" class=\" wp-image-43677  \" alt=\"Basta ya dijo la presidenta de la Junta de Vecinos de Los Patos, Rosa Silva, y anunci\u00f3 que se tomar\u00e1n el camino debido a la cr\u00edtica situaci\u00f3n que est\u00e1n enfrentando por la falta de agua potable.\" src=\"https:\/\/i0.wp.com\/www.eltrabajo.cl\/portal\/wp-content\/uploads\/2014\/02\/ROSA-SILVA-PDTA-JVV-LOS-PATOS.jpg?resize=317%2C173\" width=\"317\" height=\"173\" srcset=\"https:\/\/i0.wp.com\/eltrabajo.cl\/portal\/wp-content\/uploads\/2014\/02\/ROSA-SILVA-PDTA-JVV-LOS-PATOS.jpg?w=529&amp;ssl=1 529w, https:\/\/i0.wp.com\/eltrabajo.cl\/portal\/wp-content\/uploads\/2014\/02\/ROSA-SILVA-PDTA-JVV-LOS-PATOS.jpg?resize=200%2C109&amp;ssl=1 200w, https:\/\/i0.wp.com\/eltrabajo.cl\/portal\/wp-content\/uploads\/2014\/02\/ROSA-SILVA-PDTA-JVV-LOS-PATOS.jpg?resize=300%2C163&amp;ssl=1 300w, https:\/\/i0.wp.com\/eltrabajo.cl\/portal\/wp-content\/uploads\/2014\/02\/ROSA-SILVA-PDTA-JVV-LOS-PATOS.jpg?resize=150%2C81&amp;ssl=1 150w, https:\/\/i0.wp.com\/eltrabajo.cl\/portal\/wp-content\/uploads\/2014\/02\/ROSA-SILVA-PDTA-JVV-LOS-PATOS.jpg?resize=400%2C218&amp;ssl=1 400w\" sizes=\"auto, (max-width: 317px) 100vw, 317px\" \/><\/a><figcaption id=\"caption-attachment-43677\" class=\"wp-caption-text\">Basta ya dijo la presidenta de la Junta de Vecinos de Los Patos, Rosa Silva, y anunci\u00f3 que se tomar\u00e1n el camino debido a la cr\u00edtica situaci\u00f3n que est\u00e1n enfrentando por la falta de agua potable.<\/figcaption><\/figure>\n<p><strong>PUTAENDO<\/strong>.- La presidenta de la Junta de Vecinos de Los Patos, Rosa Silva, se\u00f1al\u00f3 en forma categ\u00f3rica y a nombre de los vecinos de ese sector que definitivamente realizar\u00e1n una toma del camino debido a la cr\u00edtica situaci\u00f3n que est\u00e1n enfrentando por la falta de agua potable.<\/p>\n<p>La dirigente indic\u00f3 a Diario El Trabajo que luego de los anuncios efectuados tras la reuni\u00f3n realizada en la Municipalidad de Putaendo con las autoridades locales y gubernamentales, la situaci\u00f3n se desarroll\u00f3 con relativa normalidad ya que durante el d\u00eda cuatro camiones acud\u00edan hasta el sector Los Patos a llenar la copa, sin embargo, Rosa Silva asegura que desde hace a lo menos dos semanas est\u00e1n enviando solamente dos camiones hasta ese sector.<\/p>\n<p>El inconveniente que se origina, seg\u00fan se\u00f1ala la dirigente, es que los dos camiones llegan en forma separada con varias horas de diferencia, lo que no permite acumular agua suficiente en la copa, y por ende el agua se acaba muy pronto.<\/p>\n<p>Rosa Silva indic\u00f3 que hace tres d\u00edas que no tienen agua y que la situaci\u00f3n es insostenible, por lo que aburridos de tener que estar constantemente reclamando y m\u00e1s a\u00fan cuando nadie les responde de una manera correcta y algunas autoridades no atienden su tel\u00e9fono, ha llevado a que los vecinos decidieran realizar una protesta y tomarse el camino en un punto determinado durante los pr\u00f3ximos d\u00edas, ya que aseguran estar cansados por la constante falta de agua potable que les afecta.<\/p>\n<p>La dirigente se\u00f1al\u00f3 que esto no es una amenaza, pero que lleg\u00f3 el momento de presionar de otra manera pues no se est\u00e1n cumpliendo los compromisos y tienen dudas de que en los plazos que fijaron para reparar el problema t\u00e9cnico que afecta a los vecinos de Los Patos, pueda estar solucionado en los mismos plazos que comprometi\u00f3 la DOH y debido a ello saldr\u00e1n a la calle a hacer sentir su malestar.<\/p>\n<p>Patricio Gallardo M.<\/p>\n<p>&nbsp;<\/p>\n","protected":false},"excerpt":{"rendered":"<p>PUTAENDO.- La presidenta de la Junta de Vecinos de Los Patos, Rosa Silva, se\u00f1al\u00f3 en forma categ\u00f3rica y a nombre de los vecinos de ese sector que definitivamente realizar\u00e1n una toma del&#8230;<\/p>\n","protected":false},"author":482,"featured_media":43677,"comment_status":"open","ping_status":"closed","sticky":false,"template":"","format":"standard","meta":{"advanced_seo_description":"","jetpack_seo_html_title":"","jetpack_seo_noindex":false,"_jetpack_memberships_contains_paid_content":false,"footnotes":""},"categories":[15],"tags":[],"class_list":["post-43676","post","type-post","status-publish","format-standard","has-post-thumbnail","hentry","category-comunidad"],"jetpack_featured_media_url":"https:\/\/i0.wp.com\/eltrabajo.cl\/portal\/wp-content\/uploads\/2014\/02\/ROSA-SILVA-PDTA-JVV-LOS-PATOS.jpg?fit=529%2C289&ssl=1","jetpack_sharing_enabled":true,"jetpack_likes_enabled":true,"jetpack-related-posts":[],"_links":{"self":[{"href":"https:\/\/eltrabajo.cl\/portal\/wp-json\/wp\/v2\/posts\/43676","targetHints":{"allow":["GET"]}}],"collection":[{"href":"https:\/\/eltrabajo.cl\/portal\/wp-json\/wp\/v2\/posts"}],"about":[{"href":"https:\/\/eltrabajo.cl\/portal\/wp-json\/wp\/v2\/types\/post"}],"author":[{"embeddable":true,"href":"https:\/\/eltrabajo.cl\/portal\/wp-json\/wp\/v2\/users\/482"}],"replies":[{"embeddable":true,"href":"https:\/\/eltrabajo.cl\/portal\/wp-json\/wp\/v2\/comments?post=43676"}],"version-history":[{"count":0,"href":"https:\/\/eltrabajo.cl\/portal\/wp-json\/wp\/v2\/posts\/43676\/revisions"}],"wp:featuredmedia":[{"embeddable":true,"href":"https:\/\/eltrabajo.cl\/portal\/wp-json\/wp\/v2\/media\/43677"}],"wp:attachment":[{"href":"https:\/\/eltrabajo.cl\/portal\/wp-json\/wp\/v2\/media?parent=43676"}],"wp:term":[{"taxonomy":"category","embeddable":true,"href":"https:\/\/eltrabajo.cl\/portal\/wp-json\/wp\/v2\/categories?post=43676"},{"taxonomy":"post_tag","embeddable":true,"href":"https:\/\/eltrabajo.cl\/portal\/wp-json\/wp\/v2\/tags?post=43676"}],"curies":[{"name":"wp","href":"https:\/\/api.w.org\/{rel}","templated":true}]}}