{"id":43690,"date":"2014-02-27T10:09:31","date_gmt":"2014-02-27T13:09:31","guid":{"rendered":"http:\/\/www.eltrabajo.cl\/portal\/?p=43690"},"modified":"2014-02-27T10:09:31","modified_gmt":"2014-02-27T13:09:31","slug":"inauguran-dos-camionetas-del-municipio-obtenidas-a-traves-de-circular-33-del-gore","status":"publish","type":"post","link":"https:\/\/eltrabajo.cl\/portal\/inauguran-dos-camionetas-del-municipio-obtenidas-a-traves-de-circular-33-del-gore\/","title":{"rendered":"Inauguran dos camionetas del municipio obtenidas a trav\u00e9s de Circular 33 del Gore"},"content":{"rendered":"<figure id=\"attachment_43691\" aria-describedby=\"caption-attachment-43691\" style=\"width: 529px\" class=\"wp-caption alignnone\"><a href=\"https:\/\/i0.wp.com\/www.eltrabajo.cl\/portal\/wp-content\/uploads\/2014\/02\/Circular33.jpg\"><img data-recalc-dims=\"1\" loading=\"lazy\" decoding=\"async\" class=\"size-full wp-image-43691\" alt=\"La ceremonia de inauguraci\u00f3n cont\u00f3 con la presencia de los Consejeros Regionales, Eduardo Le\u00f3n, Iv\u00e1n Reyes y Nelson Contador, quien destac\u00f3 la entrega de estos veh\u00edculos.\" src=\"https:\/\/i0.wp.com\/www.eltrabajo.cl\/portal\/wp-content\/uploads\/2014\/02\/Circular33.jpg?resize=529%2C394\" width=\"529\" height=\"394\" srcset=\"https:\/\/i0.wp.com\/eltrabajo.cl\/portal\/wp-content\/uploads\/2014\/02\/Circular33.jpg?w=529&amp;ssl=1 529w, https:\/\/i0.wp.com\/eltrabajo.cl\/portal\/wp-content\/uploads\/2014\/02\/Circular33.jpg?resize=200%2C148&amp;ssl=1 200w, https:\/\/i0.wp.com\/eltrabajo.cl\/portal\/wp-content\/uploads\/2014\/02\/Circular33.jpg?resize=300%2C223&amp;ssl=1 300w, https:\/\/i0.wp.com\/eltrabajo.cl\/portal\/wp-content\/uploads\/2014\/02\/Circular33.jpg?resize=150%2C111&amp;ssl=1 150w, https:\/\/i0.wp.com\/eltrabajo.cl\/portal\/wp-content\/uploads\/2014\/02\/Circular33.jpg?resize=400%2C297&amp;ssl=1 400w\" sizes=\"auto, (max-width: 529px) 100vw, 529px\" \/><\/a><figcaption id=\"caption-attachment-43691\" class=\"wp-caption-text\">La ceremonia de inauguraci\u00f3n cont\u00f3 con la presencia de los Consejeros Regionales, Eduardo Le\u00f3n, Iv\u00e1n Reyes y Nelson Contador, quien destac\u00f3 la entrega de estos veh\u00edculos.<\/figcaption><\/figure>\n<p>Este martes, el Alcalde Patricio Freire inaugur\u00f3 dos camionetas, mismas que esta semana entran en funcionamiento en dos departamentos municipales destinados a inspecci\u00f3n y al \u00e1rea social. Las camionetas fueron adquiridas a trav\u00e9s de la Circular 33 del Gobierno Regional y significaron una inversi\u00f3n de 27 millones de pesos.<\/p>\n<p>&nbsp;<\/p>\n<figure id=\"attachment_43692\" aria-describedby=\"caption-attachment-43692\" style=\"width: 422px\" class=\"wp-caption alignright\"><a href=\"https:\/\/i0.wp.com\/www.eltrabajo.cl\/portal\/wp-content\/uploads\/2014\/02\/Camioneta1.jpg\"><img data-recalc-dims=\"1\" loading=\"lazy\" decoding=\"async\" class=\" wp-image-43692 \" alt=\"Las camionetas fueron adquiridas a trav\u00e9s de  la Circular 33 del Gobierno Regional y significaron una inversi\u00f3n de 27 millones de pesos. \" src=\"https:\/\/i0.wp.com\/www.eltrabajo.cl\/portal\/wp-content\/uploads\/2014\/02\/Camioneta1.jpg?resize=422%2C288\" width=\"422\" height=\"288\" srcset=\"https:\/\/i0.wp.com\/eltrabajo.cl\/portal\/wp-content\/uploads\/2014\/02\/Camioneta1.jpg?w=528&amp;ssl=1 528w, https:\/\/i0.wp.com\/eltrabajo.cl\/portal\/wp-content\/uploads\/2014\/02\/Camioneta1.jpg?resize=200%2C136&amp;ssl=1 200w, https:\/\/i0.wp.com\/eltrabajo.cl\/portal\/wp-content\/uploads\/2014\/02\/Camioneta1.jpg?resize=300%2C204&amp;ssl=1 300w, https:\/\/i0.wp.com\/eltrabajo.cl\/portal\/wp-content\/uploads\/2014\/02\/Camioneta1.jpg?resize=150%2C102&amp;ssl=1 150w, https:\/\/i0.wp.com\/eltrabajo.cl\/portal\/wp-content\/uploads\/2014\/02\/Camioneta1.jpg?resize=400%2C272&amp;ssl=1 400w\" sizes=\"auto, (max-width: 422px) 100vw, 422px\" \/><\/a><figcaption id=\"caption-attachment-43692\" class=\"wp-caption-text\">Las camionetas fueron adquiridas a trav\u00e9s de la Circular 33 del Gobierno Regional y significaron una inversi\u00f3n de 27 millones de pesos.<\/figcaption><\/figure>\n<p>\u00abEsta era una necesidad para el Municipio de San Felipe, Secpla necesitaba un veh\u00edculo para Inspecci\u00f3n y la Dideco necesitaba para el \u00e1rea social. La llegada de estos dos veh\u00edculos ha sido muy importante, ya que de esta manera se facilita el trabajo con nuestros vecinos, que es de suma importancia para esta gesti\u00f3n\u00bb, dijo el Alcalde Freire.<\/p>\n<p>Las camionetas, que comenzar\u00e1n a ser utilizadas desde esta semana, son de \u00faltima generaci\u00f3n de doble cabina y 4&#215;4, estar\u00e1n destinadas a las tareas en terreno que debe realizar el municipio en sus labores diarias. En el caso de la Secretaria de Planificaci\u00f3n Comunal, el veh\u00edculo permitir\u00e1 estar permanentemente en terreno en cada proyecto que se est\u00e9 realizando y deba ser fiscalizado, mientras que en el caso de Dideco, se podr\u00e1 ir en ayuda de los vecinos de manera m\u00e1s r\u00e1pida y expedita.<\/p>\n<p>La ceremonia de inauguraci\u00f3n cont\u00f3 con la presencia de los Consejeros Regionales, Eduardo Le\u00f3n, Iv\u00e1n Reyes y Nelson Contador, quien destac\u00f3 la entrega de estos veh\u00edculos.<\/p>\n<p>\u00abNosotros representamos un territorio y nuestro quehacer y mayores esfuerzos est\u00e1n destinados a traer una mayor cantidad de recursos permanentes para que las comunas de la provincia ojal\u00e1 vayan cada vez contando con mayor equipamiento y tener una mejor atenci\u00f3n a la comunidad\u00bb, se\u00f1al\u00f3 el Consejero.<\/p>\n","protected":false},"excerpt":{"rendered":"<p>Este martes, el Alcalde Patricio Freire inaugur\u00f3 dos camionetas, mismas que esta semana entran en funcionamiento en dos departamentos municipales destinados a inspecci\u00f3n y al \u00e1rea social. Las camionetas fueron adquiridas a&#8230;<\/p>\n","protected":false},"author":482,"featured_media":43691,"comment_status":"open","ping_status":"closed","sticky":false,"template":"","format":"standard","meta":{"advanced_seo_description":"","jetpack_seo_html_title":"","jetpack_seo_noindex":false,"_jetpack_memberships_contains_paid_content":false,"footnotes":""},"categories":[1],"tags":[],"class_list":["post-43690","post","type-post","status-publish","format-standard","has-post-thumbnail","hentry","category-cronica"],"jetpack_featured_media_url":"https:\/\/i0.wp.com\/eltrabajo.cl\/portal\/wp-content\/uploads\/2014\/02\/Circular33.jpg?fit=529%2C394&ssl=1","jetpack_sharing_enabled":true,"jetpack_likes_enabled":true,"jetpack-related-posts":[],"_links":{"self":[{"href":"https:\/\/eltrabajo.cl\/portal\/wp-json\/wp\/v2\/posts\/43690","targetHints":{"allow":["GET"]}}],"collection":[{"href":"https:\/\/eltrabajo.cl\/portal\/wp-json\/wp\/v2\/posts"}],"about":[{"href":"https:\/\/eltrabajo.cl\/portal\/wp-json\/wp\/v2\/types\/post"}],"author":[{"embeddable":true,"href":"https:\/\/eltrabajo.cl\/portal\/wp-json\/wp\/v2\/users\/482"}],"replies":[{"embeddable":true,"href":"https:\/\/eltrabajo.cl\/portal\/wp-json\/wp\/v2\/comments?post=43690"}],"version-history":[{"count":0,"href":"https:\/\/eltrabajo.cl\/portal\/wp-json\/wp\/v2\/posts\/43690\/revisions"}],"wp:featuredmedia":[{"embeddable":true,"href":"https:\/\/eltrabajo.cl\/portal\/wp-json\/wp\/v2\/media\/43691"}],"wp:attachment":[{"href":"https:\/\/eltrabajo.cl\/portal\/wp-json\/wp\/v2\/media?parent=43690"}],"wp:term":[{"taxonomy":"category","embeddable":true,"href":"https:\/\/eltrabajo.cl\/portal\/wp-json\/wp\/v2\/categories?post=43690"},{"taxonomy":"post_tag","embeddable":true,"href":"https:\/\/eltrabajo.cl\/portal\/wp-json\/wp\/v2\/tags?post=43690"}],"curies":[{"name":"wp","href":"https:\/\/api.w.org\/{rel}","templated":true}]}}