{"id":43717,"date":"2014-02-28T09:46:22","date_gmt":"2014-02-28T12:46:22","guid":{"rendered":"http:\/\/www.eltrabajo.cl\/portal\/?p=43717"},"modified":"2014-02-28T10:42:31","modified_gmt":"2014-02-28T13:42:31","slug":"indignacion-en-vecinos-de-granallas-por-inesperado-corte-de-agua-potable","status":"publish","type":"post","link":"https:\/\/eltrabajo.cl\/portal\/indignacion-en-vecinos-de-granallas-por-inesperado-corte-de-agua-potable\/","title":{"rendered":"Indignaci\u00f3n en vecinos de Granallas por inesperado corte de agua potable"},"content":{"rendered":"<figure id=\"attachment_43718\" aria-describedby=\"caption-attachment-43718\" style=\"width: 529px\" class=\"wp-caption alignnone\"><img data-recalc-dims=\"1\" loading=\"lazy\" decoding=\"async\" class=\"size-full wp-image-43718\" alt=\"Cinco horas despu\u00e9s del corte comenz\u00f3 a salir agua sucia de los grifos con lo cual los vecinos pudieron por lo menos limpiar y descargar los ba\u00f1os.\" src=\"https:\/\/i0.wp.com\/www.eltrabajo.cl\/portal\/wp-content\/uploads\/2014\/02\/CORTEDEAGUAGRANALLAS.jpg?resize=529%2C358\" width=\"529\" height=\"358\" srcset=\"https:\/\/i0.wp.com\/eltrabajo.cl\/portal\/wp-content\/uploads\/2014\/02\/CORTEDEAGUAGRANALLAS.jpg?w=529&amp;ssl=1 529w, https:\/\/i0.wp.com\/eltrabajo.cl\/portal\/wp-content\/uploads\/2014\/02\/CORTEDEAGUAGRANALLAS.jpg?resize=200%2C135&amp;ssl=1 200w, https:\/\/i0.wp.com\/eltrabajo.cl\/portal\/wp-content\/uploads\/2014\/02\/CORTEDEAGUAGRANALLAS.jpg?resize=300%2C203&amp;ssl=1 300w, https:\/\/i0.wp.com\/eltrabajo.cl\/portal\/wp-content\/uploads\/2014\/02\/CORTEDEAGUAGRANALLAS.jpg?resize=150%2C101&amp;ssl=1 150w, https:\/\/i0.wp.com\/eltrabajo.cl\/portal\/wp-content\/uploads\/2014\/02\/CORTEDEAGUAGRANALLAS.jpg?resize=400%2C270&amp;ssl=1 400w\" sizes=\"auto, (max-width: 529px) 100vw, 529px\" \/><\/a><figcaption id=\"caption-attachment-43718\" class=\"wp-caption-text\">Cinco horas despu\u00e9s del corte comenz\u00f3 a salir agua sucia de los grifos con lo cual los vecinos pudieron por lo menos limpiar y descargar los ba\u00f1os.<\/figcaption><\/figure>\n<p><strong>PUTAENDO<\/strong>.- Bastante molestia e indignaci\u00f3n exist\u00eda entre los vecinos de Granallas luego de registrarse un inesperado y excesivo corte en el suministro de agua potable.<\/p>\n<p>Vecinos de Calle Los Pinos y Calle Los Copihues se\u00f1alaron que a eso de las 13:40 horas del mi\u00e9rcoles se comenz\u00f3 a registrar el corte de agua potable que en definitiva afect\u00f3 a todo el sector Granallas, donde los vecinos consultaban una y otra vez a nuestro medio sobre alguna informaci\u00f3n relacionada con esta situaci\u00f3n.<\/p>\n<p>A eso de las 18:00 horas la situaci\u00f3n era grave, ya que muchas familias a\u00fan no pod\u00edan preparar las onces y ya se comenzaban a registrar problemas de salubridad en los ba\u00f1os, sumado a que a muchos hogares comenzaban a llegar las personas que trabajan en faenas agr\u00edcolas y que se encontraban con la desagradable sorpresa que no hab\u00eda agua potable.<\/p>\n<p>Mar\u00eda Espinoza, vecina que reside en Calle Los Pinos, se\u00f1al\u00f3 que en su casa el suministro se cort\u00f3 a eso de las 14:00 horas y que no ten\u00eda agua guardada, por lo que la situaci\u00f3n en su hogar, sobre todo en el ba\u00f1o, gener\u00f3 varios inconvenientes. Por lo mismo critic\u00f3 la falta de informaci\u00f3n por parte de Esval, ya que incluso en las primeras horas ni siquiera en la l\u00ednea 600 entregaban una informaci\u00f3n exacta de lo que ocurr\u00eda, ante lo cual se mostr\u00f3 bastante molesta y asegur\u00f3 que cuando se trata de suspender el suministro de agua potable, Esval es muy eficiente, pero en estos casos muestran su falta de compromiso con la comunidad.<\/p>\n<p>Por su parte Jos\u00e9 Castillo calific\u00f3 el hecho como una falta de respeto e indic\u00f3 que as\u00ed como en muchas ocasiones el gerente de Esval habla de las cosas positivas a trav\u00e9s de los medios de comunicaci\u00f3n, tambi\u00e9n se debi\u00f3 preocupar de entregar una informaci\u00f3n sobre lo que estaba ocurriendo, agregando que incluso una camioneta de Esval se paseaba por el sector y cuando trataban de preguntarle algo ni siquiera eran capaces de dar una explicaci\u00f3n, y en su caso critic\u00f3 la forma en que Esval atiende a los vecinos de Putaendo, poniendo como ejemplo como hoy se las debe ingeniar para pagar la cuenta del agua ante el p\u00e9simo servicio que la empresa entrega, lo que incluso lo ha obligado a pagar su cuenta en San Felipe.<\/p>\n<p>En Calle El Puente del sector Granallas la se\u00f1ora Rosita Vergara en compa\u00f1\u00eda de sus nietos y sobrinos, al llegar de su trabajo no ten\u00eda ni siquiera agua para ducharse o para lavarse las manos, y dijo que no es primera vez que se encuentra con esta sorpresa, por lo que calific\u00f3 la situaci\u00f3n como un atropello m\u00e1s por parte de Esval hacia los vecinos de Granallas y de Putaendo. Adem\u00e1s se\u00f1al\u00f3 que sus peque\u00f1os nietos y sobrinos no hab\u00edan podido tomar once por la irresponsabilidad de Esval que a su juicio no tiene voluntad de informar la raz\u00f3n del corte en el suministro de agua potable, mostr\u00e1ndose bastante indignada por la situaci\u00f3n vivida en su hogar durante este mi\u00e9rcoles.<\/p>\n<p>Pasadas las 19:20 horas pudimos observar algunos grifos abiertos donde el agua sal\u00eda bastante sucia y algunos vecinos con tarros sacaban agua a lo menos para poder limpiar los ba\u00f1os.<\/p>\n<p>El Director de Obras de la Municipalidad de Putaendo, Jorge Reyes, informaba pasadas las 20:00 horas que el municipio nunca fue informado de lo ocurrido en Granallas y que luego que por instrucci\u00f3n del Alcalde Guillermo Reyes se consultara a los ejecutivos de Esval, \u00e9stos se\u00f1alaron que mientras realizaban trabajos de mejora en el Puente Putaendo, una m\u00e1quina habr\u00eda roto una matriz y que ese habr\u00eda sido el motivo de un corte inesperado en el suministro de agua potable.<\/p>\n<p>A pesar de los intentos de nuestro medio por tener una versi\u00f3n de Esval, esto no fue posible y a\u00fan entendiendo que eventualmente se pudo haber tratado de una emergencia, los protocolos de Esval una vez m\u00e1s muestran sus falencias y dejan en evidencia su nulo compromiso con los clientes que son los m\u00e1s afectados.<\/p>\n<p>Patricio Gallardo M.<\/p>\n<p>&nbsp;<\/p>\n<div class=\"tiled-gallery type-rectangular tiled-gallery-unresized\" data-original-width=\"640\" data-carousel-extra='null' itemscope itemtype=\"http:\/\/schema.org\/ImageGallery\" > <div class=\"gallery-row\" style=\"width: 640px; height: 290px;\" data-original-width=\"640\" data-original-height=\"290\" > <div class=\"gallery-group images-1\" style=\"width: 427px; height: 290px;\" data-original-width=\"427\" data-original-height=\"290\" > <div class=\"tiled-gallery-item tiled-gallery-item-large\" itemprop=\"associatedMedia\" itemscope itemtype=\"http:\/\/schema.org\/ImageObject\"> <a href=\"https:\/\/eltrabajo.cl\/portal\/indignacion-en-vecinos-de-granallas-por-inesperado-corte-de-agua-potable\/jose-castillo-agua-granallas\/\" border=\"0\" itemprop=\"url\"> <meta itemprop=\"width\" content=\"423\"> <meta itemprop=\"height\" content=\"286\"> <img decoding=\"async\" class=\"\" data-attachment-id=\"43719\" data-orig-file=\"https:\/\/eltrabajo.cl\/portal\/wp-content\/uploads\/2014\/02\/JOSE-CASTILLO-AGUA-GRANALLAS.jpg\" data-orig-size=\"529,358\" data-comments-opened=\"1\" data-image-meta=\"{&quot;aperture&quot;:&quot;4&quot;,&quot;credit&quot;:&quot;&quot;,&quot;camera&quot;:&quot;Canon EOS REBEL T3i&quot;,&quot;caption&quot;:&quot;&quot;,&quot;created_timestamp&quot;:&quot;1393438313&quot;,&quot;copyright&quot;:&quot;[wopmind]&quot;,&quot;focal_length&quot;:&quot;31&quot;,&quot;iso&quot;:&quot;100&quot;,&quot;shutter_speed&quot;:&quot;0.025&quot;,&quot;title&quot;:&quot;&quot;}\" data-image-title=\"JOSE CASTILLO AGUA GRANALLAS\" data-image-description=\"&lt;p&gt;Jos\u00e9 Castillo calific\u00f3 el hecho como una falta de respeto.&lt;\/p&gt; \" data-medium-file=\"https:\/\/i0.wp.com\/eltrabajo.cl\/portal\/wp-content\/uploads\/2014\/02\/JOSE-CASTILLO-AGUA-GRANALLAS.jpg?fit=300%2C203&#038;ssl=1\" data-large-file=\"https:\/\/i0.wp.com\/eltrabajo.cl\/portal\/wp-content\/uploads\/2014\/02\/JOSE-CASTILLO-AGUA-GRANALLAS.jpg?fit=529%2C358&#038;ssl=1\" src=\"https:\/\/i0.wp.com\/eltrabajo.cl\/portal\/wp-content\/uploads\/2014\/02\/JOSE-CASTILLO-AGUA-GRANALLAS.jpg?w=423&#038;h=286&#038;ssl=1\" srcset=\"https:\/\/i0.wp.com\/eltrabajo.cl\/portal\/wp-content\/uploads\/2014\/02\/JOSE-CASTILLO-AGUA-GRANALLAS.jpg?w=529&amp;ssl=1 529w, https:\/\/i0.wp.com\/eltrabajo.cl\/portal\/wp-content\/uploads\/2014\/02\/JOSE-CASTILLO-AGUA-GRANALLAS.jpg?resize=200%2C135&amp;ssl=1 200w, https:\/\/i0.wp.com\/eltrabajo.cl\/portal\/wp-content\/uploads\/2014\/02\/JOSE-CASTILLO-AGUA-GRANALLAS.jpg?resize=300%2C203&amp;ssl=1 300w, https:\/\/i0.wp.com\/eltrabajo.cl\/portal\/wp-content\/uploads\/2014\/02\/JOSE-CASTILLO-AGUA-GRANALLAS.jpg?resize=150%2C101&amp;ssl=1 150w, https:\/\/i0.wp.com\/eltrabajo.cl\/portal\/wp-content\/uploads\/2014\/02\/JOSE-CASTILLO-AGUA-GRANALLAS.jpg?resize=400%2C270&amp;ssl=1 400w\" width=\"423\" height=\"286\" loading=\"lazy\" data-original-width=\"423\" data-original-height=\"286\" itemprop=\"http:\/\/schema.org\/image\" title=\"JOSE CASTILLO AGUA GRANALLAS\" alt=\"Jos\u00e9 Castillo calific\u00f3 el hecho como una falta de respeto.\" style=\"width: 423px; height: 286px;\" \/> <\/a> <div class=\"tiled-gallery-caption\" itemprop=\"caption description\"> Jos\u00e9 Castillo calific\u00f3 el hecho como una falta de respeto. <\/div> <\/div> <\/div> <!-- close group --> <div class=\"gallery-group images-2\" style=\"width: 213px; height: 290px;\" data-original-width=\"213\" data-original-height=\"290\" > <div class=\"tiled-gallery-item tiled-gallery-item-small\" itemprop=\"associatedMedia\" itemscope itemtype=\"http:\/\/schema.org\/ImageObject\"> <a href=\"https:\/\/eltrabajo.cl\/portal\/indignacion-en-vecinos-de-granallas-por-inesperado-corte-de-agua-potable\/maria-espinoza-agua-granallas\/\" border=\"0\" itemprop=\"url\"> <meta itemprop=\"width\" content=\"209\"> <meta itemprop=\"height\" content=\"141\"> <img decoding=\"async\" class=\"\" data-attachment-id=\"43720\" data-orig-file=\"https:\/\/eltrabajo.cl\/portal\/wp-content\/uploads\/2014\/02\/MARIA-ESPINOZA-AGUA-GRANALLAS.jpg\" data-orig-size=\"529,358\" data-comments-opened=\"1\" data-image-meta=\"{&quot;aperture&quot;:&quot;5.6&quot;,&quot;credit&quot;:&quot;&quot;,&quot;camera&quot;:&quot;Canon EOS REBEL T3i&quot;,&quot;caption&quot;:&quot;&quot;,&quot;created_timestamp&quot;:&quot;1393438248&quot;,&quot;copyright&quot;:&quot;[wopmind]&quot;,&quot;focal_length&quot;:&quot;37&quot;,&quot;iso&quot;:&quot;400&quot;,&quot;shutter_speed&quot;:&quot;0.01&quot;,&quot;title&quot;:&quot;&quot;}\" data-image-title=\"MARIA ESPINOZA AGUA GRANALLAS\" data-image-description=\"&lt;p&gt;Mar\u00eda Espinoza critic\u00f3 la nula informaci\u00f3n en la l\u00ednea 600 de Esval.&lt;\/p&gt; \" data-medium-file=\"https:\/\/i0.wp.com\/eltrabajo.cl\/portal\/wp-content\/uploads\/2014\/02\/MARIA-ESPINOZA-AGUA-GRANALLAS.jpg?fit=300%2C203&#038;ssl=1\" data-large-file=\"https:\/\/i0.wp.com\/eltrabajo.cl\/portal\/wp-content\/uploads\/2014\/02\/MARIA-ESPINOZA-AGUA-GRANALLAS.jpg?fit=529%2C358&#038;ssl=1\" src=\"https:\/\/i0.wp.com\/eltrabajo.cl\/portal\/wp-content\/uploads\/2014\/02\/MARIA-ESPINOZA-AGUA-GRANALLAS.jpg?w=209&#038;h=141&#038;ssl=1\" srcset=\"https:\/\/i0.wp.com\/eltrabajo.cl\/portal\/wp-content\/uploads\/2014\/02\/MARIA-ESPINOZA-AGUA-GRANALLAS.jpg?w=529&amp;ssl=1 529w, https:\/\/i0.wp.com\/eltrabajo.cl\/portal\/wp-content\/uploads\/2014\/02\/MARIA-ESPINOZA-AGUA-GRANALLAS.jpg?resize=200%2C135&amp;ssl=1 200w, https:\/\/i0.wp.com\/eltrabajo.cl\/portal\/wp-content\/uploads\/2014\/02\/MARIA-ESPINOZA-AGUA-GRANALLAS.jpg?resize=300%2C203&amp;ssl=1 300w, https:\/\/i0.wp.com\/eltrabajo.cl\/portal\/wp-content\/uploads\/2014\/02\/MARIA-ESPINOZA-AGUA-GRANALLAS.jpg?resize=150%2C101&amp;ssl=1 150w, https:\/\/i0.wp.com\/eltrabajo.cl\/portal\/wp-content\/uploads\/2014\/02\/MARIA-ESPINOZA-AGUA-GRANALLAS.jpg?resize=400%2C270&amp;ssl=1 400w\" width=\"209\" height=\"141\" loading=\"lazy\" data-original-width=\"209\" data-original-height=\"141\" itemprop=\"http:\/\/schema.org\/image\" title=\"MARIA ESPINOZA AGUA GRANALLAS\" alt=\"Mar\u00eda Espinoza critic\u00f3 la nula informaci\u00f3n en la l\u00ednea 600 de Esval.\" style=\"width: 209px; height: 141px;\" \/> <\/a> <div class=\"tiled-gallery-caption\" itemprop=\"caption description\"> Mar\u00eda Espinoza critic\u00f3 la nula informaci\u00f3n en la l\u00ednea 600 de Esval. <\/div> <\/div> <div class=\"tiled-gallery-item tiled-gallery-item-small\" itemprop=\"associatedMedia\" itemscope itemtype=\"http:\/\/schema.org\/ImageObject\"> <a href=\"https:\/\/eltrabajo.cl\/portal\/indignacion-en-vecinos-de-granallas-por-inesperado-corte-de-agua-potable\/rosa-vergara-agua-granallas\/\" border=\"0\" itemprop=\"url\"> <meta itemprop=\"width\" content=\"209\"> <meta itemprop=\"height\" content=\"141\"> <img decoding=\"async\" class=\"\" data-attachment-id=\"43721\" data-orig-file=\"https:\/\/eltrabajo.cl\/portal\/wp-content\/uploads\/2014\/02\/ROSA-VERGARA-AGUA-GRANALLAS.jpg\" data-orig-size=\"529,358\" data-comments-opened=\"1\" data-image-meta=\"{&quot;aperture&quot;:&quot;5&quot;,&quot;credit&quot;:&quot;&quot;,&quot;camera&quot;:&quot;Canon EOS REBEL T3i&quot;,&quot;caption&quot;:&quot;&quot;,&quot;created_timestamp&quot;:&quot;1393438736&quot;,&quot;copyright&quot;:&quot;[wopmind]&quot;,&quot;focal_length&quot;:&quot;43&quot;,&quot;iso&quot;:&quot;400&quot;,&quot;shutter_speed&quot;:&quot;0.016666666666667&quot;,&quot;title&quot;:&quot;&quot;}\" data-image-title=\"ROSA VERGARA AGUA GRANALLAS\" data-image-description=\"&lt;p&gt;Al llegar de su trabajo, Rosa Vergara no ten\u00eda ni siquiera agua para ducharse o lavarse las manos.&lt;\/p&gt; \" data-medium-file=\"https:\/\/i0.wp.com\/eltrabajo.cl\/portal\/wp-content\/uploads\/2014\/02\/ROSA-VERGARA-AGUA-GRANALLAS.jpg?fit=300%2C203&#038;ssl=1\" data-large-file=\"https:\/\/i0.wp.com\/eltrabajo.cl\/portal\/wp-content\/uploads\/2014\/02\/ROSA-VERGARA-AGUA-GRANALLAS.jpg?fit=529%2C358&#038;ssl=1\" src=\"https:\/\/i0.wp.com\/eltrabajo.cl\/portal\/wp-content\/uploads\/2014\/02\/ROSA-VERGARA-AGUA-GRANALLAS.jpg?w=209&#038;h=141&#038;ssl=1\" srcset=\"https:\/\/i0.wp.com\/eltrabajo.cl\/portal\/wp-content\/uploads\/2014\/02\/ROSA-VERGARA-AGUA-GRANALLAS.jpg?w=529&amp;ssl=1 529w, https:\/\/i0.wp.com\/eltrabajo.cl\/portal\/wp-content\/uploads\/2014\/02\/ROSA-VERGARA-AGUA-GRANALLAS.jpg?resize=200%2C135&amp;ssl=1 200w, https:\/\/i0.wp.com\/eltrabajo.cl\/portal\/wp-content\/uploads\/2014\/02\/ROSA-VERGARA-AGUA-GRANALLAS.jpg?resize=300%2C203&amp;ssl=1 300w, https:\/\/i0.wp.com\/eltrabajo.cl\/portal\/wp-content\/uploads\/2014\/02\/ROSA-VERGARA-AGUA-GRANALLAS.jpg?resize=150%2C101&amp;ssl=1 150w, https:\/\/i0.wp.com\/eltrabajo.cl\/portal\/wp-content\/uploads\/2014\/02\/ROSA-VERGARA-AGUA-GRANALLAS.jpg?resize=400%2C270&amp;ssl=1 400w\" width=\"209\" height=\"141\" loading=\"lazy\" data-original-width=\"209\" data-original-height=\"141\" itemprop=\"http:\/\/schema.org\/image\" title=\"ROSA VERGARA AGUA GRANALLAS\" alt=\"Al llegar de su trabajo, Rosa Vergara no ten\u00eda ni siquiera agua para ducharse o lavarse las manos.\" style=\"width: 209px; height: 141px;\" \/> <\/a> <div class=\"tiled-gallery-caption\" itemprop=\"caption description\"> Al llegar de su trabajo, Rosa Vergara no ten\u00eda ni siquiera agua para ducharse o lavarse las manos. <\/div> <\/div> <\/div> <!-- close group --> <\/div> <!-- close row --> <\/div>\n","protected":false},"excerpt":{"rendered":"<p>PUTAENDO.- Bastante molestia e indignaci\u00f3n exist\u00eda entre los vecinos de Granallas luego de registrarse un inesperado y excesivo corte en el suministro de agua potable. Vecinos de Calle Los Pinos y Calle&#8230;<\/p>\n","protected":false},"author":482,"featured_media":43718,"comment_status":"open","ping_status":"closed","sticky":false,"template":"","format":"standard","meta":{"advanced_seo_description":"","jetpack_seo_html_title":"","jetpack_seo_noindex":false,"_jetpack_memberships_contains_paid_content":false,"footnotes":""},"categories":[15],"tags":[],"class_list":["post-43717","post","type-post","status-publish","format-standard","has-post-thumbnail","hentry","category-comunidad"],"jetpack_featured_media_url":"https:\/\/i0.wp.com\/eltrabajo.cl\/portal\/wp-content\/uploads\/2014\/02\/CORTEDEAGUAGRANALLAS.jpg?fit=529%2C358&ssl=1","jetpack_sharing_enabled":true,"jetpack_likes_enabled":true,"jetpack-related-posts":[],"_links":{"self":[{"href":"https:\/\/eltrabajo.cl\/portal\/wp-json\/wp\/v2\/posts\/43717","targetHints":{"allow":["GET"]}}],"collection":[{"href":"https:\/\/eltrabajo.cl\/portal\/wp-json\/wp\/v2\/posts"}],"about":[{"href":"https:\/\/eltrabajo.cl\/portal\/wp-json\/wp\/v2\/types\/post"}],"author":[{"embeddable":true,"href":"https:\/\/eltrabajo.cl\/portal\/wp-json\/wp\/v2\/users\/482"}],"replies":[{"embeddable":true,"href":"https:\/\/eltrabajo.cl\/portal\/wp-json\/wp\/v2\/comments?post=43717"}],"version-history":[{"count":0,"href":"https:\/\/eltrabajo.cl\/portal\/wp-json\/wp\/v2\/posts\/43717\/revisions"}],"wp:featuredmedia":[{"embeddable":true,"href":"https:\/\/eltrabajo.cl\/portal\/wp-json\/wp\/v2\/media\/43718"}],"wp:attachment":[{"href":"https:\/\/eltrabajo.cl\/portal\/wp-json\/wp\/v2\/media?parent=43717"}],"wp:term":[{"taxonomy":"category","embeddable":true,"href":"https:\/\/eltrabajo.cl\/portal\/wp-json\/wp\/v2\/categories?post=43717"},{"taxonomy":"post_tag","embeddable":true,"href":"https:\/\/eltrabajo.cl\/portal\/wp-json\/wp\/v2\/tags?post=43717"}],"curies":[{"name":"wp","href":"https:\/\/api.w.org\/{rel}","templated":true}]}}