{"id":43730,"date":"2014-02-28T09:52:37","date_gmt":"2014-02-28T12:52:37","guid":{"rendered":"http:\/\/www.eltrabajo.cl\/portal\/?p=43730"},"modified":"2014-02-28T09:52:37","modified_gmt":"2014-02-28T12:52:37","slug":"ahumada-incorpora-a-primera-mujer-conductora-de-buses-interprovinciales-en-aconcagua","status":"publish","type":"post","link":"https:\/\/eltrabajo.cl\/portal\/ahumada-incorpora-a-primera-mujer-conductora-de-buses-interprovinciales-en-aconcagua\/","title":{"rendered":"Ahumada incorpora a primera mujer conductora de buses interprovinciales en Aconcagua"},"content":{"rendered":"<figure id=\"attachment_43731\" aria-describedby=\"caption-attachment-43731\" style=\"width: 370px\" class=\"wp-caption alignleft\"><a href=\"https:\/\/i0.wp.com\/www.eltrabajo.cl\/portal\/wp-content\/uploads\/2014\/02\/mujer-chofer7.jpg\"><img data-recalc-dims=\"1\" loading=\"lazy\" decoding=\"async\" class=\" wp-image-43731 \" alt=\"Ahumada incorpora a primera mujer conductora de buses interprovinciales en Aconcagua\" src=\"https:\/\/i0.wp.com\/www.eltrabajo.cl\/portal\/wp-content\/uploads\/2014\/02\/mujer-chofer7.jpg?resize=370%2C281\" width=\"370\" height=\"281\" srcset=\"https:\/\/i0.wp.com\/eltrabajo.cl\/portal\/wp-content\/uploads\/2014\/02\/mujer-chofer7.jpg?w=528&amp;ssl=1 528w, https:\/\/i0.wp.com\/eltrabajo.cl\/portal\/wp-content\/uploads\/2014\/02\/mujer-chofer7.jpg?resize=197%2C150&amp;ssl=1 197w, https:\/\/i0.wp.com\/eltrabajo.cl\/portal\/wp-content\/uploads\/2014\/02\/mujer-chofer7.jpg?resize=300%2C227&amp;ssl=1 300w, https:\/\/i0.wp.com\/eltrabajo.cl\/portal\/wp-content\/uploads\/2014\/02\/mujer-chofer7.jpg?resize=150%2C113&amp;ssl=1 150w, https:\/\/i0.wp.com\/eltrabajo.cl\/portal\/wp-content\/uploads\/2014\/02\/mujer-chofer7.jpg?resize=400%2C303&amp;ssl=1 400w\" sizes=\"auto, (max-width: 370px) 100vw, 370px\" \/><\/a><figcaption id=\"caption-attachment-43731\" class=\"wp-caption-text\">Ahumada incorpora a primera mujer conductora de buses interprovinciales en Aconcagua<\/figcaption><\/figure>\n<ul>\n<li><strong style=\"font-size: 13px;\">Elizabeth Mu\u00f1oz Fierro realiz\u00f3 el curso de manejo profesional.<\/strong><\/li>\n<\/ul>\n<p><strong>LOS ANDES<\/strong>.- En ceremonia efectuada en su terminal de calle Yerbas Buenas, la empresa de Buses Ahumada incorpor\u00f3 a la primera mujer del valle de Aconcagua como conductora de buses interurbanos.<\/p>\n<p>Se trata de Elizabeth Mu\u00f1oz Fierro, quien asumi\u00f3 por primera vez esta responsabilidad en el servicio del mediod\u00eda entre Los Andes y Santiago.<\/p>\n<p>Elizabeth no es novata en estas lides, ya que se inici\u00f3 en el conducci\u00f3n manejando maquinaria pesada y actualmente manejaba los Transfer desde el terminal de Ahumada al casino Enjoy de Rinconada.<\/p>\n<figure id=\"attachment_43732\" aria-describedby=\"caption-attachment-43732\" style=\"width: 422px\" class=\"wp-caption alignright\"><a href=\"https:\/\/i0.wp.com\/www.eltrabajo.cl\/portal\/wp-content\/uploads\/2014\/02\/mujer-chofer11.jpg\"><img data-recalc-dims=\"1\" loading=\"lazy\" decoding=\"async\" class=\" wp-image-43732 \" alt=\"Elizabeth Mu\u00f1oz Fierro junto al Gerente General de Ahumada, Juan Eduardo Quiroz, y la auxiliar Camila V\u00e1squez Ramos.\" src=\"https:\/\/i0.wp.com\/www.eltrabajo.cl\/portal\/wp-content\/uploads\/2014\/02\/mujer-chofer11.jpg?resize=422%2C321\" width=\"422\" height=\"321\" srcset=\"https:\/\/i0.wp.com\/eltrabajo.cl\/portal\/wp-content\/uploads\/2014\/02\/mujer-chofer11.jpg?w=528&amp;ssl=1 528w, https:\/\/i0.wp.com\/eltrabajo.cl\/portal\/wp-content\/uploads\/2014\/02\/mujer-chofer11.jpg?resize=197%2C150&amp;ssl=1 197w, https:\/\/i0.wp.com\/eltrabajo.cl\/portal\/wp-content\/uploads\/2014\/02\/mujer-chofer11.jpg?resize=300%2C227&amp;ssl=1 300w, https:\/\/i0.wp.com\/eltrabajo.cl\/portal\/wp-content\/uploads\/2014\/02\/mujer-chofer11.jpg?resize=150%2C113&amp;ssl=1 150w, https:\/\/i0.wp.com\/eltrabajo.cl\/portal\/wp-content\/uploads\/2014\/02\/mujer-chofer11.jpg?resize=400%2C303&amp;ssl=1 400w\" sizes=\"auto, (max-width: 422px) 100vw, 422px\" \/><\/a><figcaption id=\"caption-attachment-43732\" class=\"wp-caption-text\">Elizabeth Mu\u00f1oz Fierro junto al Gerente General de Ahumada, Juan Eduardo Quiroz, y la auxiliar Camila V\u00e1squez Ramos.<\/figcaption><\/figure>\n<p>Acerca de esta desaf\u00edo, la flamante conductora se mostr\u00f3 agradecida de que la empresa confiara en ella, \u201cpues no ten\u00eda experiencia en buses, pero s\u00ed en camiones tolvas y maquinaria m\u00e1s peque\u00f1as\u201d.<\/p>\n<p><strong>&#8211; En todo caso es gratificante que una mujer pueda manejar un bus de estas dimensiones.<\/strong><\/p>\n<p>&#8211; \u201cDe todas maneras y lo m\u00e1s importantes para m\u00ed era cumplir un sue\u00f1o, desde peque\u00f1a tuve este sue\u00f1o, ya que mi madre viajaba bastante en esta empresa y siempre pens\u00e9 que alg\u00fan d\u00eda podr\u00eda cumplir mi sue\u00f1o de poder manejar un bus de \u00e9stos, ya que siempre me ha gustado manejar y aqu\u00ed estoy ahora a punto de hacer realidad mi sue\u00f1o. A lo mejor como yo muchas mujeres tienen el mismo sue\u00f1o y lo importante de ahora es que a partir de hoy se puede abrir una brecha para que muchas mujeres como yo, que a lo mejor tambi\u00e9n tienen un sue\u00f1o de manejar un bus y ahora lo puedan hacer\u201d.<\/p>\n<p>Agreg\u00f3 que la marcha blanca antes de incorporarse al servicio de pasajeros la hizo conduciendo los buses de la empresa para los contratos con Enjoy y Polpaico.<\/p>\n<p>En cuanto a la opini\u00f3n de los pasajeros, Elizabeth dijo que la han tratado muy bien, \u201cya que la gente queda muy contenta con mi trabajo y eso para m\u00ed es un aliciente y siempre espero que el pasajero agradezca la conducci\u00f3n, que fue un viaje tranquilo y lo hizo bien, ya que no es habitual que las mujeres conduzcan buses interprovinciales\u201d.<\/p>\n<p>En sus recorridos estar\u00e1 acompa\u00f1ada tambi\u00e9n por una auxiliar femenina y espera a futuro poder conducir buses en trayectos internacionales.<\/p>\n<p>Record\u00f3 que postul\u00f3 a la empresa gracias a un amigo que le dijo que en Ahumada estaban necesitando conductores para transfers, \u201cyo me present\u00e9 y me llamaron y de ah\u00ed ellos fueron viendo mis deseos de poder conducir un bus y fue la directiva de esta empresa que apoyaron en esta idea\u201d.<\/p>\n<p>En tanto, su compa\u00f1era de laborales, Camila V\u00e1squez Ramos, oriunda de R\u00edo Blanco, dijo que se trata de una experiencia muy bonita que marcar\u00e1 su vida, \u201cya que soy la primera mujer auxiliar de aqu\u00ed de la zona y estoy trabajando desde hace dos semanas realizando las pr\u00e1cticas correspondientes\u201d.<\/p>\n<p><strong>\u00a0EMOCIONA Y RECONFORTA<\/strong><\/p>\n<p>En tanto, una de las fundadoras de Buses Ahumada Ltda., Marianne Breuer viuda de Ahumada, manifest\u00f3 que este paso que ha dado la empresa este jueves, \u201cemociona y reconforta\u201d, no s\u00f3lo porque se comienza a escribir un nuevo cap\u00edtulo en la historia de esta organizaci\u00f3n, sino tambi\u00e9n porque se reconoce a las mujeres.<\/p>\n<p>Al ser consultada, manifest\u00f3 que \u201cno me habr\u00eda imaginado nunca que \u00edbamos a llegar a estos cambios, en estos nuevos tiempos. A Elizabeth y Camila, as\u00ed como a toda la tripulaci\u00f3n femenina, les recomiendo que sean leales a la empresa y que su funci\u00f3n la hagan muy bien, porque se ve que son personas que est\u00e1n bien preparadas para ello\u201d.<\/p>\n<p><strong>MOMENTO HIST\u00d3RICO<\/strong><\/p>\n<p>Para el Gerente General de Ahumada, Juan Eduardo Quiroz, se trata de un momento hist\u00f3rico para el transporte de pasajeros en Aconcagua, \u201cpuesto que estamos cumpliendo un anhelos que traemos desde hace un tiempo y percibo de que va a ser un \u00e9xito, por lo tanto queremos seguir en esa senda y lo importante aqu\u00ed son los pasajeros e hicimos una encuesta sobre la mujer como conductora y ha sido muy bien recibida\u201d.<\/p>\n<p>El ejecutivo afirm\u00f3 que al incluir mujeres en la conducci\u00f3n est\u00e1n abriendo todas las \u00e1reas de la empresa sin distinci\u00f3n de g\u00e9nero, \u201cpuesto que hoy no es novedad que hayan pilotos de l\u00edneas \u00e1reas comerciales y no es novedad que estos est\u00e9n piloteados por mujeres, las mujeres est\u00e1n actualmente trabajando en lugares que antes eran exclusivos para los hombres, por lo tanto nosotros tambi\u00e9n ten\u00edamos que estar en esa senda\u201d, agreg\u00f3 Quiroz.<\/p>\n<p>La ceremonia con la salida de este primer bus tripulado por mujeres estuvo encabezada por la Gobernadora Edith Quiroz, el alcalde Mauricio Navarro, la Directora Provincial de Prodemu Erika Gormaz y el Jefe de Asuntos Externos de Codelco Manuel Rivera.<\/p>\n<p>&nbsp;<\/p>\n","protected":false},"excerpt":{"rendered":"<p>Elizabeth Mu\u00f1oz Fierro realiz\u00f3 el curso de manejo profesional. LOS ANDES.- En ceremonia efectuada en su terminal de calle Yerbas Buenas, la empresa de Buses Ahumada incorpor\u00f3 a la primera mujer del&#8230;<\/p>\n","protected":false},"author":482,"featured_media":43731,"comment_status":"open","ping_status":"closed","sticky":false,"template":"","format":"standard","meta":{"advanced_seo_description":"","jetpack_seo_html_title":"","jetpack_seo_noindex":false,"_jetpack_memberships_contains_paid_content":false,"footnotes":""},"categories":[15],"tags":[],"class_list":["post-43730","post","type-post","status-publish","format-standard","has-post-thumbnail","hentry","category-comunidad"],"jetpack_featured_media_url":"https:\/\/i0.wp.com\/eltrabajo.cl\/portal\/wp-content\/uploads\/2014\/02\/mujer-chofer7.jpg?fit=528%2C401&ssl=1","jetpack_sharing_enabled":true,"jetpack_likes_enabled":true,"jetpack-related-posts":[],"_links":{"self":[{"href":"https:\/\/eltrabajo.cl\/portal\/wp-json\/wp\/v2\/posts\/43730","targetHints":{"allow":["GET"]}}],"collection":[{"href":"https:\/\/eltrabajo.cl\/portal\/wp-json\/wp\/v2\/posts"}],"about":[{"href":"https:\/\/eltrabajo.cl\/portal\/wp-json\/wp\/v2\/types\/post"}],"author":[{"embeddable":true,"href":"https:\/\/eltrabajo.cl\/portal\/wp-json\/wp\/v2\/users\/482"}],"replies":[{"embeddable":true,"href":"https:\/\/eltrabajo.cl\/portal\/wp-json\/wp\/v2\/comments?post=43730"}],"version-history":[{"count":0,"href":"https:\/\/eltrabajo.cl\/portal\/wp-json\/wp\/v2\/posts\/43730\/revisions"}],"wp:featuredmedia":[{"embeddable":true,"href":"https:\/\/eltrabajo.cl\/portal\/wp-json\/wp\/v2\/media\/43731"}],"wp:attachment":[{"href":"https:\/\/eltrabajo.cl\/portal\/wp-json\/wp\/v2\/media?parent=43730"}],"wp:term":[{"taxonomy":"category","embeddable":true,"href":"https:\/\/eltrabajo.cl\/portal\/wp-json\/wp\/v2\/categories?post=43730"},{"taxonomy":"post_tag","embeddable":true,"href":"https:\/\/eltrabajo.cl\/portal\/wp-json\/wp\/v2\/tags?post=43730"}],"curies":[{"name":"wp","href":"https:\/\/api.w.org\/{rel}","templated":true}]}}