{"id":43746,"date":"2014-02-28T10:04:53","date_gmt":"2014-02-28T13:04:53","guid":{"rendered":"http:\/\/www.eltrabajo.cl\/portal\/?p=43746"},"modified":"2014-02-28T10:05:33","modified_gmt":"2014-02-28T13:05:33","slug":"doh-instala-reja-de-seguridad-en-canalon-junto-a-la-villa-250-anos","status":"publish","type":"post","link":"https:\/\/eltrabajo.cl\/portal\/doh-instala-reja-de-seguridad-en-canalon-junto-a-la-villa-250-anos\/","title":{"rendered":"Doh instala reja de seguridad en canal\u00f3n junto a la Villa 250 A\u00f1os"},"content":{"rendered":"<figure id=\"attachment_43747\" aria-describedby=\"caption-attachment-43747\" style=\"width: 529px\" class=\"wp-caption alignnone\"><a href=\"https:\/\/i0.wp.com\/www.eltrabajo.cl\/portal\/wp-content\/uploads\/2014\/02\/reja-canalon.jpg\"><img data-recalc-dims=\"1\" loading=\"lazy\" decoding=\"async\" class=\"size-full wp-image-43747\" alt=\"Una extensi\u00f3n de 200 metros tendr\u00e1 la cubierta del canal\u00f3n construido para llevarse las aguas del subsuelo sanfelipe\u00f1o.\" src=\"https:\/\/i0.wp.com\/www.eltrabajo.cl\/portal\/wp-content\/uploads\/2014\/02\/reja-canalon.jpg?resize=529%2C358\" width=\"529\" height=\"358\" srcset=\"https:\/\/i0.wp.com\/eltrabajo.cl\/portal\/wp-content\/uploads\/2014\/02\/reja-canalon.jpg?w=529&amp;ssl=1 529w, https:\/\/i0.wp.com\/eltrabajo.cl\/portal\/wp-content\/uploads\/2014\/02\/reja-canalon.jpg?resize=200%2C135&amp;ssl=1 200w, https:\/\/i0.wp.com\/eltrabajo.cl\/portal\/wp-content\/uploads\/2014\/02\/reja-canalon.jpg?resize=300%2C203&amp;ssl=1 300w, https:\/\/i0.wp.com\/eltrabajo.cl\/portal\/wp-content\/uploads\/2014\/02\/reja-canalon.jpg?resize=150%2C101&amp;ssl=1 150w, https:\/\/i0.wp.com\/eltrabajo.cl\/portal\/wp-content\/uploads\/2014\/02\/reja-canalon.jpg?resize=400%2C270&amp;ssl=1 400w\" sizes=\"auto, (max-width: 529px) 100vw, 529px\" \/><\/a><figcaption id=\"caption-attachment-43747\" class=\"wp-caption-text\">Una extensi\u00f3n de 200 metros tendr\u00e1 la cubierta del canal\u00f3n construido para llevarse las aguas del subsuelo sanfelipe\u00f1o.<\/figcaption><\/figure>\n<p>La Direcci\u00f3n de Obras Hidr\u00e1ulicas ha mandatado a una empresa contratista para que ejecute los trabajos de instalaci\u00f3n de una reja de seguridad sobre la cubierta del canal que pasa por un costado de la Villa 250 A\u00f1os de la comuna de San Felipe.<\/p>\n<p>La Gobernadora Patricia Boffa realiz\u00f3 una visita al lugar, donde se reuni\u00f3 con vecinos del sector encabezados por la se\u00f1ora Pamela Palma, quien act\u00faa como vocera, con el fin de poder inspeccionar los trabajos que se est\u00e1n ejecutando en el sector.<\/p>\n<p>La autoridad provincial inform\u00f3 que tras un compromiso adquirido con la DOH, se procede a la instalaci\u00f3n de una reja de alta densidad, que act\u00faa como una protecci\u00f3n de seguridad sobre el canal en una longitud de 200 metros.<\/p>\n<p>\u201cComo Gobernadora adquir\u00ed un compromiso con los vecinos de la Villa 250 A\u00f1os, entiendo la preocupaci\u00f3n de cada uno de ellos por la seguridad de sus hijos al momento que el canal comience a transportar agua.<\/p>\n<p>\u00abEs por ello que junto a la DOH, se les inform\u00f3 en su momento de la instalaci\u00f3n de una reja de seguridad, trabajos que ya se iniciaron. Nos reunimos con los vecinos y sus dirigentes y se les explic\u00f3 en qu\u00e9 van a consistir los trabajos, como asimismo para dar la tranquilidad que el canal va a funcionar cuando est\u00e9n implementadas las medidas de seguridad\u201d.<\/p>\n<p>En tanto Pamela Palma, al referirse al tema, se\u00f1al\u00f3 que lo informado por la Gobernadora les da a los vecinos una mayor tranquilidad por la seguridad de sus hijos.<\/p>\n<p>\u201cEstamos muy agradecidas de la Gobernadora, pues se instala una buena protecci\u00f3n para nuestros ni\u00f1os y ya no vamos a estar con esa preocupaci\u00f3n que un ni\u00f1o nuestro se caiga a las aguas del canal\u00f3n.<\/p>\n<p>\u00abAhora espero que la gente de la villa nos ayude y cuiden esta obra, porque es seguridad para nuestros ni\u00f1os\u201d.<\/p>\n<p>&nbsp;<\/p>\n","protected":false},"excerpt":{"rendered":"<p>La Direcci\u00f3n de Obras Hidr\u00e1ulicas ha mandatado a una empresa contratista para que ejecute los trabajos de instalaci\u00f3n de una reja de seguridad sobre la cubierta del canal que pasa por un&#8230;<\/p>\n","protected":false},"author":482,"featured_media":43747,"comment_status":"open","ping_status":"closed","sticky":false,"template":"","format":"standard","meta":{"advanced_seo_description":"","jetpack_seo_html_title":"","jetpack_seo_noindex":false,"_jetpack_memberships_contains_paid_content":false,"footnotes":""},"categories":[1],"tags":[],"class_list":["post-43746","post","type-post","status-publish","format-standard","has-post-thumbnail","hentry","category-cronica"],"jetpack_featured_media_url":"https:\/\/i0.wp.com\/eltrabajo.cl\/portal\/wp-content\/uploads\/2014\/02\/reja-canalon.jpg?fit=529%2C358&ssl=1","jetpack_sharing_enabled":true,"jetpack_likes_enabled":true,"jetpack-related-posts":[],"_links":{"self":[{"href":"https:\/\/eltrabajo.cl\/portal\/wp-json\/wp\/v2\/posts\/43746","targetHints":{"allow":["GET"]}}],"collection":[{"href":"https:\/\/eltrabajo.cl\/portal\/wp-json\/wp\/v2\/posts"}],"about":[{"href":"https:\/\/eltrabajo.cl\/portal\/wp-json\/wp\/v2\/types\/post"}],"author":[{"embeddable":true,"href":"https:\/\/eltrabajo.cl\/portal\/wp-json\/wp\/v2\/users\/482"}],"replies":[{"embeddable":true,"href":"https:\/\/eltrabajo.cl\/portal\/wp-json\/wp\/v2\/comments?post=43746"}],"version-history":[{"count":0,"href":"https:\/\/eltrabajo.cl\/portal\/wp-json\/wp\/v2\/posts\/43746\/revisions"}],"wp:featuredmedia":[{"embeddable":true,"href":"https:\/\/eltrabajo.cl\/portal\/wp-json\/wp\/v2\/media\/43747"}],"wp:attachment":[{"href":"https:\/\/eltrabajo.cl\/portal\/wp-json\/wp\/v2\/media?parent=43746"}],"wp:term":[{"taxonomy":"category","embeddable":true,"href":"https:\/\/eltrabajo.cl\/portal\/wp-json\/wp\/v2\/categories?post=43746"},{"taxonomy":"post_tag","embeddable":true,"href":"https:\/\/eltrabajo.cl\/portal\/wp-json\/wp\/v2\/tags?post=43746"}],"curies":[{"name":"wp","href":"https:\/\/api.w.org\/{rel}","templated":true}]}}