{"id":43750,"date":"2014-02-28T10:07:47","date_gmt":"2014-02-28T13:07:47","guid":{"rendered":"http:\/\/www.eltrabajo.cl\/portal\/?p=43750"},"modified":"2014-02-28T10:07:47","modified_gmt":"2014-02-28T13:07:47","slug":"partio-inscripcion-programa-mujer-trabajadora-y-jefa-de-hogar-en-rinconada","status":"publish","type":"post","link":"https:\/\/eltrabajo.cl\/portal\/partio-inscripcion-programa-mujer-trabajadora-y-jefa-de-hogar-en-rinconada\/","title":{"rendered":"Parti\u00f3 inscripci\u00f3n Programa Mujer Trabajadora y Jefa de Hogar en Rinconada"},"content":{"rendered":"<figure id=\"attachment_43751\" aria-describedby=\"caption-attachment-43751\" style=\"width: 529px\" class=\"wp-caption alignnone\"><a href=\"https:\/\/i0.wp.com\/www.eltrabajo.cl\/portal\/wp-content\/uploads\/2014\/02\/mujer-trabajadora.jpg\"><img data-recalc-dims=\"1\" loading=\"lazy\" decoding=\"async\" class=\"size-full wp-image-43751\" alt=\"La \u00faltima versi\u00f3n del programa Mujer Trabajadora incluy\u00f3 adem\u00e1s de atenciones m\u00e9dicas y alfabetizaci\u00f3n digital, la preparaci\u00f3n de una veintena de mujeres en conducci\u00f3n de maquinaria pesada para faenas mineras.\" src=\"https:\/\/i0.wp.com\/www.eltrabajo.cl\/portal\/wp-content\/uploads\/2014\/02\/mujer-trabajadora.jpg?resize=529%2C305\" width=\"529\" height=\"305\" srcset=\"https:\/\/i0.wp.com\/eltrabajo.cl\/portal\/wp-content\/uploads\/2014\/02\/mujer-trabajadora.jpg?w=529&amp;ssl=1 529w, https:\/\/i0.wp.com\/eltrabajo.cl\/portal\/wp-content\/uploads\/2014\/02\/mujer-trabajadora.jpg?resize=200%2C115&amp;ssl=1 200w, https:\/\/i0.wp.com\/eltrabajo.cl\/portal\/wp-content\/uploads\/2014\/02\/mujer-trabajadora.jpg?resize=300%2C172&amp;ssl=1 300w, https:\/\/i0.wp.com\/eltrabajo.cl\/portal\/wp-content\/uploads\/2014\/02\/mujer-trabajadora.jpg?resize=150%2C86&amp;ssl=1 150w, https:\/\/i0.wp.com\/eltrabajo.cl\/portal\/wp-content\/uploads\/2014\/02\/mujer-trabajadora.jpg?resize=400%2C230&amp;ssl=1 400w\" sizes=\"auto, (max-width: 529px) 100vw, 529px\" \/><\/a><figcaption id=\"caption-attachment-43751\" class=\"wp-caption-text\">La \u00faltima versi\u00f3n del programa Mujer Trabajadora incluy\u00f3 adem\u00e1s de atenciones m\u00e9dicas y alfabetizaci\u00f3n digital, la preparaci\u00f3n de una veintena de mujeres en conducci\u00f3n de maquinaria pesada para faenas mineras.<\/figcaption><\/figure>\n<p>Desde esta semana y hasta el 10 de abril se extender\u00e1 plazo para la inscripci\u00f3n al Programa Mujer Trabajadora y Jefa de Hogar que cuenta con 80 cupos disponibles.<\/p>\n<p>El Sernam anunci\u00f3 que el programa \u2018Mujer Trabajadora\u2019 nuevamente abrir\u00e1 una cantidad importante de cupos que en su versi\u00f3n 2014 lo volver\u00e1 a ejecutar el municipio de Rinconada.<\/p>\n<p>A la fecha van 15 mujeres inscritas de un total de 80 cupos disponibles para las rinconadinas. Esta inscripci\u00f3n es un beneficio \u00fanico por lo que deben ser mujeres que no hayan participado en programas anteriores, y la inscripci\u00f3n se debe hacer en el Departamento Social del municipio.<\/p>\n<p>Los requisitos para postular son tener entre 18 y 65 a\u00f1os, tener la ficha de protecci\u00f3n aplicada y estar econ\u00f3micamente activa buscando trabajo por primera vez. La Ficha de Protecci\u00f3n Social tiene un corte para entrar al beneficio de 13.484 puntos ya que se ampli\u00f3 la cobertura hasta el tercer quintil.<\/p>\n<p>El programa consiste en ayuda, capacitaciones y apoyo a mujeres que necesitan trabajar, les otorga los conocimientos necesarios y las habilidades socio-laborales para que puedan salir adelante y montar su propio negocio, potenciando sus destrezas y descubriendo el rubro al que cada mujer tiene mayor afinidad.<\/p>\n<p>La Directora regional del Sernam, Trinidad Moran Herrera, de visita en la zona, explic\u00f3 a Diario El Trabajo que \u201cel programa Mujer Trabajadora es una de las tantas ayudas que el gobierno ofrece para apoyar a las mujeres en la zona\u201d, y se constituye en una herramienta importante para un gran n\u00famero de mujeres en la regi\u00f3n por lo que es bueno promoverlo, ya que esto ayuda no solo a una mujer, sino que por extensi\u00f3n a toda una familia.<\/p>\n<p>El Alcalde Pedro Caballer\u00eda dijo que \u201clas mujeres muchas veces llevan la econom\u00eda de la casa y tienen mucha fuerza y templanza para salir adelante, por eso es importante este programa para poder ayudarlas, les hago un llamado a que crean en esto y que sean perseverantes\u201d.<\/p>\n<p>Mar\u00eda Victoria Rodr\u00edguez, Directora del Departamento Social de la Municipalidad de Rinconada, asever\u00f3 que \u201cpodr\u00e1n enfrentar la vida de otra manera en un a\u00f1o m\u00e1s, este programa les permitir\u00e1 desarrollar las capacidades que cada una tiene, capacidades que quiz\u00e1s no han podido ser desarrolladas por la falta de oportunidades\u201d.<\/p>\n<p>B\u00e1rbara L\u00f3pez, asistente social encargada de la ejecuci\u00f3n del programa en Rinconada, afirm\u00f3 que \u201cestamos invitando a las mujeres de la comuna a inscribirse en el Programa Mujer Trabajadora y Jefa de Hogar 2014, este programa entrega a las mujeres capacitaci\u00f3n, incorporarlas al tema de emprendimiento y alfabetizaci\u00f3n digital, tambi\u00e9n atenci\u00f3n odontol\u00f3gica y habilitaci\u00f3n laboral\u201d.<\/p>\n<p>&nbsp;<\/p>\n","protected":false},"excerpt":{"rendered":"<p>Desde esta semana y hasta el 10 de abril se extender\u00e1 plazo para la inscripci\u00f3n al Programa Mujer Trabajadora y Jefa de Hogar que cuenta con 80 cupos disponibles. El Sernam anunci\u00f3&#8230;<\/p>\n","protected":false},"author":482,"featured_media":43751,"comment_status":"open","ping_status":"closed","sticky":false,"template":"","format":"standard","meta":{"advanced_seo_description":"","jetpack_seo_html_title":"","jetpack_seo_noindex":false,"_jetpack_memberships_contains_paid_content":false,"footnotes":""},"categories":[1],"tags":[],"class_list":["post-43750","post","type-post","status-publish","format-standard","has-post-thumbnail","hentry","category-cronica"],"jetpack_featured_media_url":"https:\/\/i0.wp.com\/eltrabajo.cl\/portal\/wp-content\/uploads\/2014\/02\/mujer-trabajadora.jpg?fit=529%2C305&ssl=1","jetpack_sharing_enabled":true,"jetpack_likes_enabled":true,"jetpack-related-posts":[],"_links":{"self":[{"href":"https:\/\/eltrabajo.cl\/portal\/wp-json\/wp\/v2\/posts\/43750","targetHints":{"allow":["GET"]}}],"collection":[{"href":"https:\/\/eltrabajo.cl\/portal\/wp-json\/wp\/v2\/posts"}],"about":[{"href":"https:\/\/eltrabajo.cl\/portal\/wp-json\/wp\/v2\/types\/post"}],"author":[{"embeddable":true,"href":"https:\/\/eltrabajo.cl\/portal\/wp-json\/wp\/v2\/users\/482"}],"replies":[{"embeddable":true,"href":"https:\/\/eltrabajo.cl\/portal\/wp-json\/wp\/v2\/comments?post=43750"}],"version-history":[{"count":0,"href":"https:\/\/eltrabajo.cl\/portal\/wp-json\/wp\/v2\/posts\/43750\/revisions"}],"wp:featuredmedia":[{"embeddable":true,"href":"https:\/\/eltrabajo.cl\/portal\/wp-json\/wp\/v2\/media\/43751"}],"wp:attachment":[{"href":"https:\/\/eltrabajo.cl\/portal\/wp-json\/wp\/v2\/media?parent=43750"}],"wp:term":[{"taxonomy":"category","embeddable":true,"href":"https:\/\/eltrabajo.cl\/portal\/wp-json\/wp\/v2\/categories?post=43750"},{"taxonomy":"post_tag","embeddable":true,"href":"https:\/\/eltrabajo.cl\/portal\/wp-json\/wp\/v2\/tags?post=43750"}],"curies":[{"name":"wp","href":"https:\/\/api.w.org\/{rel}","templated":true}]}}