{"id":43753,"date":"2014-02-28T10:10:46","date_gmt":"2014-02-28T13:10:46","guid":{"rendered":"http:\/\/www.eltrabajo.cl\/portal\/?p=43753"},"modified":"2014-02-28T10:10:46","modified_gmt":"2014-02-28T13:10:46","slug":"temperaturas-han-llegado-hasta-371co-en-el-valle-de-aconcagua","status":"publish","type":"post","link":"https:\/\/eltrabajo.cl\/portal\/temperaturas-han-llegado-hasta-371co-en-el-valle-de-aconcagua\/","title":{"rendered":"Temperaturas han llegado hasta 37,1C\u00ba en el Valle de Aconcagua"},"content":{"rendered":"<figure id=\"attachment_43754\" aria-describedby=\"caption-attachment-43754\" style=\"width: 529px\" class=\"wp-caption alignnone\"><a href=\"https:\/\/i0.wp.com\/www.eltrabajo.cl\/portal\/wp-content\/uploads\/2014\/02\/Pileta1.jpg\"><img data-recalc-dims=\"1\" loading=\"lazy\" decoding=\"async\" class=\"size-full wp-image-43754\" alt=\"A NADAR.- Son varios los ni\u00f1os los que regularmente se dan una zambullida en la pileta de la plaza de armas, pues los calores cada vez son m\u00e1s fuertes en el Valle de Aconcagua. (Archivo)\" src=\"https:\/\/i0.wp.com\/www.eltrabajo.cl\/portal\/wp-content\/uploads\/2014\/02\/Pileta1.jpg?resize=529%2C401\" width=\"529\" height=\"401\" srcset=\"https:\/\/i0.wp.com\/eltrabajo.cl\/portal\/wp-content\/uploads\/2014\/02\/Pileta1.jpg?w=529&amp;ssl=1 529w, https:\/\/i0.wp.com\/eltrabajo.cl\/portal\/wp-content\/uploads\/2014\/02\/Pileta1.jpg?resize=197%2C150&amp;ssl=1 197w, https:\/\/i0.wp.com\/eltrabajo.cl\/portal\/wp-content\/uploads\/2014\/02\/Pileta1.jpg?resize=300%2C227&amp;ssl=1 300w, https:\/\/i0.wp.com\/eltrabajo.cl\/portal\/wp-content\/uploads\/2014\/02\/Pileta1.jpg?resize=150%2C113&amp;ssl=1 150w, https:\/\/i0.wp.com\/eltrabajo.cl\/portal\/wp-content\/uploads\/2014\/02\/Pileta1.jpg?resize=400%2C303&amp;ssl=1 400w\" sizes=\"auto, (max-width: 529px) 100vw, 529px\" \/><\/a><figcaption id=\"caption-attachment-43754\" class=\"wp-caption-text\">A NADAR.- Son varios los ni\u00f1os los que regularmente se dan una zambullida en la pileta de la plaza de armas, pues los calores cada vez son m\u00e1s fuertes en el Valle de Aconcagua. (Archivo)<\/figcaption><\/figure>\n<ul>\n<li><strong style=\"font-size: 13px;\">Experto en el clima recomienda a los ni\u00f1os usar bloqueador solar cuando est\u00e9n en contacto con sus rayos.<\/strong><\/li>\n<\/ul>\n<p>La estampida de estudiantes pronto se desarrollar\u00e1 en decenas de centros educativos de la provincia, generando muchos juegos al aire libre durante los peque\u00f1os recreos, siendo que estamos en pleno verano y los calores son ocasionalmente apenas soportables, en Diario El Trabajo quisimos conocer c\u00f3mo se est\u00e1n comportando las temperaturas en nuestro valle y qu\u00e9 recomendaciones dan los expertos para los ni\u00f1os y apoderados en relaci\u00f3n a los cuidados en la piel de los peque\u00f1os.<\/p>\n<figure id=\"attachment_43755\" aria-describedby=\"caption-attachment-43755\" style=\"width: 370px\" class=\"wp-caption alignright\"><a href=\"https:\/\/i0.wp.com\/www.eltrabajo.cl\/portal\/wp-content\/uploads\/2014\/02\/Estacion1.jpg\"><img data-recalc-dims=\"1\" loading=\"lazy\" decoding=\"async\" class=\" wp-image-43755 \" alt=\"SIEMPRE ALERTA.- Miguel Cuevas revisa sistem\u00e1ticamente las temperaturas y artefactos en la estaci\u00f3n meteorol\u00f3gica de San Felipe. \" src=\"https:\/\/i0.wp.com\/www.eltrabajo.cl\/portal\/wp-content\/uploads\/2014\/02\/Estacion1.jpg?resize=370%2C281\" width=\"370\" height=\"281\" srcset=\"https:\/\/i0.wp.com\/eltrabajo.cl\/portal\/wp-content\/uploads\/2014\/02\/Estacion1.jpg?w=529&amp;ssl=1 529w, https:\/\/i0.wp.com\/eltrabajo.cl\/portal\/wp-content\/uploads\/2014\/02\/Estacion1.jpg?resize=197%2C150&amp;ssl=1 197w, https:\/\/i0.wp.com\/eltrabajo.cl\/portal\/wp-content\/uploads\/2014\/02\/Estacion1.jpg?resize=300%2C227&amp;ssl=1 300w, https:\/\/i0.wp.com\/eltrabajo.cl\/portal\/wp-content\/uploads\/2014\/02\/Estacion1.jpg?resize=150%2C113&amp;ssl=1 150w, https:\/\/i0.wp.com\/eltrabajo.cl\/portal\/wp-content\/uploads\/2014\/02\/Estacion1.jpg?resize=400%2C303&amp;ssl=1 400w\" sizes=\"auto, (max-width: 370px) 100vw, 370px\" \/><\/a><figcaption id=\"caption-attachment-43755\" class=\"wp-caption-text\">SIEMPRE ALERTA.- Miguel Cuevas revisa sistem\u00e1ticamente las temperaturas y artefactos en la estaci\u00f3n meteorol\u00f3gica de San Felipe.<\/figcaption><\/figure>\n<p><strong>VIENE \u2018EL NI\u00d1O\u2019<\/strong><\/p>\n<p>Para lograr obtener la opini\u00f3n de un experto, hablamos con Miguel Cuevas, Encargado de la estaci\u00f3n meteorol\u00f3gica de la Escuela Agr\u00edcola.<\/p>\n<p><strong>&#8211; \u00bfSon normales estos calores en el valle?<\/strong><\/p>\n<p>&#8211; \u00abBueno los calores que actualmente estamos experimentando son los propios de un verano normal, sin embargo son temperaturas a las que hay que ponerle mucha atenci\u00f3n, porque las mismas oscilan de 34C\u00ba hacia arriba\u00bb.<\/p>\n<p><strong>&#8211; \u00bfEn qu\u00e9 comuna de Aconcagua se han registrado las temperaturas m\u00e1s altas hasta el momento en 2014?<\/strong><\/p>\n<p>&#8211; \u00abLa comuna del valle en donde m\u00e1s altas temperatura se han registrado en los \u00faltimos d\u00edas, es Llay Llay, estamos hablando de 37,1 C\u00ba, cifra registrada este mi\u00e9rcoles\u00bb.<\/p>\n<p><strong>&#8211; \u00bfQu\u00e9 recomienda usted que hagamos para evitar posibles quemaduras?<\/strong><\/p>\n<p>&#8211; \u00abLas recomendaciones que yo puedo dar para las personas, ni\u00f1os y adultos que se exponen directamente al sol, es que usen manga larga o bloqueador solar, pues los rayos ultra-violeta son peligrosos, en el caso de los ni\u00f1os, su piel es a\u00fan m\u00e1s de cuidado, pues es fr\u00e1gil y m\u00e1s sensible\u00bb.<\/p>\n<p><strong>&#8211; \u00bfViene alg\u00fan cambio en el comportamiento del clima para este a\u00f1o?<\/strong><\/p>\n<p>&#8211; \u00abS\u00ed. Para este a\u00f1o tendremos quiz\u00e1 la presencia del fen\u00f3meno El Ni\u00f1o, por lo que extraoficialmente ya esperamos que despu\u00e9s de junio caigan lluvias en nuestro valle, esta informaci\u00f3n a\u00fan no es oficial pero es lo que manejamos de manera interna\u00bb.<\/p>\n<p>Roberto Gonz\u00e1lez Short<\/p>\n<p>rgonzalez@eltrabajo.cl<\/p>\n<p>&nbsp;<\/p>\n","protected":false},"excerpt":{"rendered":"<p>Experto en el clima recomienda a los ni\u00f1os usar bloqueador solar cuando est\u00e9n en contacto con sus rayos. La estampida de estudiantes pronto se desarrollar\u00e1 en decenas de centros educativos de la&#8230;<\/p>\n","protected":false},"author":482,"featured_media":43754,"comment_status":"open","ping_status":"closed","sticky":false,"template":"","format":"standard","meta":{"advanced_seo_description":"","jetpack_seo_html_title":"","jetpack_seo_noindex":false,"_jetpack_memberships_contains_paid_content":false,"footnotes":""},"categories":[1],"tags":[],"class_list":["post-43753","post","type-post","status-publish","format-standard","has-post-thumbnail","hentry","category-cronica"],"jetpack_featured_media_url":"https:\/\/i0.wp.com\/eltrabajo.cl\/portal\/wp-content\/uploads\/2014\/02\/Pileta1.jpg?fit=529%2C401&ssl=1","jetpack_sharing_enabled":true,"jetpack_likes_enabled":true,"jetpack-related-posts":[],"_links":{"self":[{"href":"https:\/\/eltrabajo.cl\/portal\/wp-json\/wp\/v2\/posts\/43753","targetHints":{"allow":["GET"]}}],"collection":[{"href":"https:\/\/eltrabajo.cl\/portal\/wp-json\/wp\/v2\/posts"}],"about":[{"href":"https:\/\/eltrabajo.cl\/portal\/wp-json\/wp\/v2\/types\/post"}],"author":[{"embeddable":true,"href":"https:\/\/eltrabajo.cl\/portal\/wp-json\/wp\/v2\/users\/482"}],"replies":[{"embeddable":true,"href":"https:\/\/eltrabajo.cl\/portal\/wp-json\/wp\/v2\/comments?post=43753"}],"version-history":[{"count":0,"href":"https:\/\/eltrabajo.cl\/portal\/wp-json\/wp\/v2\/posts\/43753\/revisions"}],"wp:featuredmedia":[{"embeddable":true,"href":"https:\/\/eltrabajo.cl\/portal\/wp-json\/wp\/v2\/media\/43754"}],"wp:attachment":[{"href":"https:\/\/eltrabajo.cl\/portal\/wp-json\/wp\/v2\/media?parent=43753"}],"wp:term":[{"taxonomy":"category","embeddable":true,"href":"https:\/\/eltrabajo.cl\/portal\/wp-json\/wp\/v2\/categories?post=43753"},{"taxonomy":"post_tag","embeddable":true,"href":"https:\/\/eltrabajo.cl\/portal\/wp-json\/wp\/v2\/tags?post=43753"}],"curies":[{"name":"wp","href":"https:\/\/api.w.org\/{rel}","templated":true}]}}