{"id":43784,"date":"2014-03-03T09:47:24","date_gmt":"2014-03-03T12:47:24","guid":{"rendered":"http:\/\/www.eltrabajo.cl\/portal\/?p=43784"},"modified":"2014-03-03T10:27:13","modified_gmt":"2014-03-03T13:27:13","slug":"entregan-tramo-repavimentado-de-av-chacabuco","status":"publish","type":"post","link":"https:\/\/eltrabajo.cl\/portal\/entregan-tramo-repavimentado-de-av-chacabuco\/","title":{"rendered":"Entregan tramo repavimentado de Av. Chacabuco"},"content":{"rendered":"<figure id=\"attachment_43785\" aria-describedby=\"caption-attachment-43785\" style=\"width: 529px\" class=\"wp-caption alignnone\"><img data-recalc-dims=\"1\" loading=\"lazy\" decoding=\"async\" class=\"size-full wp-image-43785\" alt=\"El alcalde Mauricio Navarro recorre el tramo finalizado de Avenida Chacabuco, minutos antes de ser abierto al tr\u00e1nsito de veh\u00edculos.\" src=\"https:\/\/i0.wp.com\/www.eltrabajo.cl\/portal\/wp-content\/uploads\/2014\/03\/Avenida1.jpg?resize=529%2C401\" width=\"529\" height=\"401\" srcset=\"https:\/\/i0.wp.com\/eltrabajo.cl\/portal\/wp-content\/uploads\/2014\/03\/Avenida1.jpg?w=529&amp;ssl=1 529w, https:\/\/i0.wp.com\/eltrabajo.cl\/portal\/wp-content\/uploads\/2014\/03\/Avenida1.jpg?resize=197%2C150&amp;ssl=1 197w, https:\/\/i0.wp.com\/eltrabajo.cl\/portal\/wp-content\/uploads\/2014\/03\/Avenida1.jpg?resize=300%2C227&amp;ssl=1 300w, https:\/\/i0.wp.com\/eltrabajo.cl\/portal\/wp-content\/uploads\/2014\/03\/Avenida1.jpg?resize=150%2C113&amp;ssl=1 150w, https:\/\/i0.wp.com\/eltrabajo.cl\/portal\/wp-content\/uploads\/2014\/03\/Avenida1.jpg?resize=400%2C303&amp;ssl=1 400w\" sizes=\"auto, (max-width: 529px) 100vw, 529px\" \/><figcaption id=\"caption-attachment-43785\" class=\"wp-caption-text\">El alcalde Mauricio Navarro recorre el tramo finalizado de Avenida Chacabuco, minutos antes de ser abierto al tr\u00e1nsito de veh\u00edculos.<\/figcaption><\/figure>\n<p><strong>LOS ANDES<\/strong>.- La Municipalidad de Los Andes entreg\u00f3 este mi\u00e9rcoles, el primer tramo repavimentado de Avenida Chacabuco, correspondiente entre calles Maip\u00fa e Independencia, quedando de inmediato habilitado para el transito vehicular. En este sentido, el Alcalde Mauricio Navarro inspeccion\u00f3 las obras, manifestando en terreno su conformidad con el trabajo desarrollado. \u201cEra absolutamente necesario contar con esta v\u00eda, en las excelentes condiciones que se esta entregando a la comunidad\u201d, indic\u00f3, junto con recordar que ahora la faena se centrar\u00e1, \u00fanicamente, en el tramo que abarca desde calle Maip\u00fa hasta avenida Santa Teresa.<\/p>\n<p>\u201cEsta entrega forma parte de un proceso de mejoramiento de la infraestructura vial de la ciudad de Los Andes\u201d, record\u00f3 Navarro, junto con se\u00f1alar que el municipio est\u00e1 trabajando en el dise\u00f1o de recuperaci\u00f3n de las calles Rancagua, Membrillar, Arturo Prat, V\u00edctor K\u00f6erner, Oscar Granadino y Jos\u00e9 Celed\u00f3n.<\/p>\n<p>\u201cConforme al contrato con la empresa la proyecci\u00f3n de t\u00e9rmino de la obra, para dejar habilitada Avenida Chacabuco en toda su extensi\u00f3n, es en el mes junio\u201d, sostuvo el edil, invitando a la comunidad a no olvidar las deplorables condiciones en que se encontraban las avenidas Chacabuco e Independencia, antes de la ejecuci\u00f3n del proyecto. \u201cEste es un trabajo estructural de la mejor calidad, en hormig\u00f3n armado del espesor adecuado para las exigencias de tr\u00e1nsito de las v\u00edas. Adem\u00e1s se renovaron los colectores de aguas lluvias y matrices de agua potable\u201d, enfatiz\u00f3.<\/p>\n<p>Debido a los trabajos, que ahora obligaron al cierre de Avenida Chacabuco entre Maip\u00fa y avenida Santa Teresa, la municipalidad tom\u00f3 diferentes medidas de mitigaci\u00f3n, en materia de desv\u00edos y se\u00f1alizaciones de tr\u00e1nsito, con la recomendaci\u00f3n a los conductores a tomar las precauciones necesarias para evitar inconvenientes.<\/p>\n<p>No obstante, el cierre de la arteria entre las calles antes se\u00f1aladas, se inform\u00f3 que los cruces de Avenida Chile con Maip\u00fa, Santa Rosa con Rep\u00fablica Argentina y Yerbas Buenas, quedar\u00e1n habilitados al menos con una pista de circulaci\u00f3n.<\/p>\n<p>&nbsp;<\/p>\n","protected":false},"excerpt":{"rendered":"<p>LOS ANDES.- La Municipalidad de Los Andes entreg\u00f3 este mi\u00e9rcoles, el primer tramo repavimentado de Avenida Chacabuco, correspondiente entre calles Maip\u00fa e Independencia, quedando de inmediato habilitado para el transito vehicular. En&#8230;<\/p>\n","protected":false},"author":482,"featured_media":43785,"comment_status":"open","ping_status":"closed","sticky":false,"template":"","format":"standard","meta":{"advanced_seo_description":"","jetpack_seo_html_title":"","jetpack_seo_noindex":false,"_jetpack_memberships_contains_paid_content":false,"footnotes":""},"categories":[15],"tags":[],"class_list":["post-43784","post","type-post","status-publish","format-standard","has-post-thumbnail","hentry","category-comunidad"],"jetpack_featured_media_url":"https:\/\/i0.wp.com\/eltrabajo.cl\/portal\/wp-content\/uploads\/2014\/03\/Avenida1.jpg?fit=529%2C401&ssl=1","jetpack_sharing_enabled":true,"jetpack_likes_enabled":true,"jetpack-related-posts":[],"_links":{"self":[{"href":"https:\/\/eltrabajo.cl\/portal\/wp-json\/wp\/v2\/posts\/43784","targetHints":{"allow":["GET"]}}],"collection":[{"href":"https:\/\/eltrabajo.cl\/portal\/wp-json\/wp\/v2\/posts"}],"about":[{"href":"https:\/\/eltrabajo.cl\/portal\/wp-json\/wp\/v2\/types\/post"}],"author":[{"embeddable":true,"href":"https:\/\/eltrabajo.cl\/portal\/wp-json\/wp\/v2\/users\/482"}],"replies":[{"embeddable":true,"href":"https:\/\/eltrabajo.cl\/portal\/wp-json\/wp\/v2\/comments?post=43784"}],"version-history":[{"count":0,"href":"https:\/\/eltrabajo.cl\/portal\/wp-json\/wp\/v2\/posts\/43784\/revisions"}],"wp:featuredmedia":[{"embeddable":true,"href":"https:\/\/eltrabajo.cl\/portal\/wp-json\/wp\/v2\/media\/43785"}],"wp:attachment":[{"href":"https:\/\/eltrabajo.cl\/portal\/wp-json\/wp\/v2\/media?parent=43784"}],"wp:term":[{"taxonomy":"category","embeddable":true,"href":"https:\/\/eltrabajo.cl\/portal\/wp-json\/wp\/v2\/categories?post=43784"},{"taxonomy":"post_tag","embeddable":true,"href":"https:\/\/eltrabajo.cl\/portal\/wp-json\/wp\/v2\/tags?post=43784"}],"curies":[{"name":"wp","href":"https:\/\/api.w.org\/{rel}","templated":true}]}}