{"id":43787,"date":"2014-03-03T09:50:23","date_gmt":"2014-03-03T12:50:23","guid":{"rendered":"http:\/\/www.eltrabajo.cl\/portal\/?p=43787"},"modified":"2014-03-03T09:50:23","modified_gmt":"2014-03-03T12:50:23","slug":"minga-de-fachada-del-liceo-roberto-humeres-congrego-a-la-comunidad","status":"publish","type":"post","link":"https:\/\/eltrabajo.cl\/portal\/minga-de-fachada-del-liceo-roberto-humeres-congrego-a-la-comunidad\/","title":{"rendered":"\u2018Minga\u2019 de fachada del Liceo Roberto Humeres congreg\u00f3 a la comunidad"},"content":{"rendered":"<figure id=\"attachment_43788\" aria-describedby=\"caption-attachment-43788\" style=\"width: 528px\" class=\"wp-caption alignnone\"><a href=\"https:\/\/i0.wp.com\/www.eltrabajo.cl\/portal\/wp-content\/uploads\/2014\/03\/Minga1.jpg\"><img data-recalc-dims=\"1\" loading=\"lazy\" decoding=\"async\" class=\"size-full wp-image-43788\" alt=\"Ex-alumnos, profesores y directivos del Liceo Roberto Humeres, participaron el viernes reci\u00e9n pasado en la \u2018minga\u2019 de fachada, que ten\u00eda como objetivo renovar el establecimiento a la espera de la entrada de los alumnos este mi\u00e9rcoles 5 de marzo.\" src=\"https:\/\/i0.wp.com\/www.eltrabajo.cl\/portal\/wp-content\/uploads\/2014\/03\/Minga1.jpg?resize=528%2C359\" width=\"528\" height=\"359\" srcset=\"https:\/\/i0.wp.com\/eltrabajo.cl\/portal\/wp-content\/uploads\/2014\/03\/Minga1.jpg?w=528&amp;ssl=1 528w, https:\/\/i0.wp.com\/eltrabajo.cl\/portal\/wp-content\/uploads\/2014\/03\/Minga1.jpg?resize=200%2C135&amp;ssl=1 200w, https:\/\/i0.wp.com\/eltrabajo.cl\/portal\/wp-content\/uploads\/2014\/03\/Minga1.jpg?resize=300%2C203&amp;ssl=1 300w, https:\/\/i0.wp.com\/eltrabajo.cl\/portal\/wp-content\/uploads\/2014\/03\/Minga1.jpg?resize=150%2C101&amp;ssl=1 150w, https:\/\/i0.wp.com\/eltrabajo.cl\/portal\/wp-content\/uploads\/2014\/03\/Minga1.jpg?resize=400%2C271&amp;ssl=1 400w\" sizes=\"auto, (max-width: 528px) 100vw, 528px\" \/><\/a><figcaption id=\"caption-attachment-43788\" class=\"wp-caption-text\">Ex-alumnos, profesores y directivos del Liceo Roberto Humeres, participaron el viernes reci\u00e9n pasado en la \u2018minga\u2019 de fachada, que ten\u00eda como objetivo renovar el establecimiento a la espera de la entrada de los alumnos este mi\u00e9rcoles 5 de marzo.<\/figcaption><\/figure>\n<p>Los ex-alumnos, profesores y directivos del Liceo Roberto Humeres, participaron el viernes reci\u00e9n pasado en la \u2018minga\u2019 de fachada, que ten\u00eda como objetivo renovar el establecimiento a la espera de la entrada de los alumnos este mi\u00e9rcoles 5 de marzo. La actividad, organizada en conjunto entre la direcci\u00f3n del establecimiento y los ex-alumnos, comenz\u00f3 alrededor de las nueve de la ma\u00f1ana del viernes, cuando los entusiastas participantes llegaron con todos los implementos para colaborar en el hermoseamiento de la fachada. Mientras algunos pintaban otros cortaron el pasto, y algunos limpiaron vidrios, todos motivados por esta nueva etapa, un nuevo impulso como lo ha llamado la directora, que desde este 1 de marzo dirigir\u00e1 el emblem\u00e1tico liceo.<\/p>\n<figure id=\"attachment_43789\" aria-describedby=\"caption-attachment-43789\" style=\"width: 370px\" class=\"wp-caption alignright\"><a href=\"https:\/\/i0.wp.com\/www.eltrabajo.cl\/portal\/wp-content\/uploads\/2014\/03\/Minga2.jpg\"><img data-recalc-dims=\"1\" loading=\"lazy\" decoding=\"async\" class=\" wp-image-43789 \" alt=\"La actividad, organizada en conjunto entre la direcci\u00f3n del establecimiento y los ex-alumnos, comenz\u00f3 alrededor de las nueve de la ma\u00f1ana del viernes.\" src=\"https:\/\/i0.wp.com\/www.eltrabajo.cl\/portal\/wp-content\/uploads\/2014\/03\/Minga2.jpg?resize=370%2C290\" width=\"370\" height=\"290\" srcset=\"https:\/\/i0.wp.com\/eltrabajo.cl\/portal\/wp-content\/uploads\/2014\/03\/Minga2.jpg?w=529&amp;ssl=1 529w, https:\/\/i0.wp.com\/eltrabajo.cl\/portal\/wp-content\/uploads\/2014\/03\/Minga2.jpg?resize=191%2C150&amp;ssl=1 191w, https:\/\/i0.wp.com\/eltrabajo.cl\/portal\/wp-content\/uploads\/2014\/03\/Minga2.jpg?resize=300%2C234&amp;ssl=1 300w, https:\/\/i0.wp.com\/eltrabajo.cl\/portal\/wp-content\/uploads\/2014\/03\/Minga2.jpg?resize=150%2C117&amp;ssl=1 150w, https:\/\/i0.wp.com\/eltrabajo.cl\/portal\/wp-content\/uploads\/2014\/03\/Minga2.jpg?resize=400%2C313&amp;ssl=1 400w\" sizes=\"auto, (max-width: 370px) 100vw, 370px\" \/><\/a><figcaption id=\"caption-attachment-43789\" class=\"wp-caption-text\">La actividad, organizada en conjunto entre la direcci\u00f3n del establecimiento y los ex-alumnos, comenz\u00f3 alrededor de las nueve de la ma\u00f1ana del viernes.<\/figcaption><\/figure>\n<p>\u00abEstamos muy contentos con esta \u2018minga\u2019, hicimos una convocatoria durante la semana y tuvimos convocatoria, tuvimos ex-alumnos como el se\u00f1or Jara o Santelices, que nos donaron toda la pintura de la fachada, la pintura que estamos ocupando en el interior tambi\u00e9n, hemos tenido ayuda por todas partes, la verdad que hemos tenido mucho apoyo de los ex alumnos por sacar adelante al Liceo Roberto Humeres, por darle el reconocimiento que siempre ha tenido y en fortalecerlo y empezar un camino nuevo\u00bb, dijo a Diario El Trabajo Romina Fumey Abarz\u00faa, directora del establecimiento.<\/p>\n<p>La actividad cont\u00f3 con la presencia del Alcalde Patricio Freire, quien recorri\u00f3 las instalaciones conversando con los docentes y ex-alumnos presentes. \u00abEstamos felices, porque estamos viendo un cambio en el Liceo Roberto Humeres, que quiere la comunidad, no solamente los ex-alumnos, sino todos los sanfelipe\u00f1os. Hoy d\u00eda este liceo tiene otra m\u00edstica y con esta actividad que se realiza con el aporte de los ex-alumnos y de los docentes, le estamos cambiando la cara al Liceo Roberto Humeres, porque estamos enfocados en sacar adelante este emblem\u00e1tico establecimiento\u00bb, dijo el Alcalde Patricio Freire.<\/p>\n<p>Y ese apoyo de parte de los es alumnos se plasm\u00f3 el viernes, cuando llegaron entusiasmados en cooperar con el establecimientos que los cobij\u00f3 en su etapa escolar.<\/p>\n<p>\u00abMe parece extraordinario como ex alumnos poder participar y colaborar, me gusta mucho esta iniciativa, espero que sea la primera de muchas otras, porque la idea es que no s\u00f3lo sea la fachada, ojal\u00e1 que tambi\u00e9n se refleje en un cambio al interior, en la capacitaci\u00f3n de los j\u00f3venes\u00bb, dijo Hugo Mu\u00f1oz.<\/p>\n<p>Para Gustavo Carter, otro ex-alumno, esta es una gran oportunidad para potenciar el liceo, \u00abespero que esta sea la primera de muchas acciones que fortalezcan no s\u00f3lo la parte de infraestructura, sino que vayamos a fortalecer profundamente la parte pedag\u00f3gica, que este liceo vuelva a ser el liceo que fue en aquellos a\u00f1os, que podemos decirlo con orgullo, por donde pasaron incluso presidentes de la Rep\u00fablica que se educaron ac\u00e1\u00bb.<\/p>\n<p>La actividad del viernes buscaba reconstruir los espacios, no solo la fachada sino tambi\u00e9n el interior y por eso estar fue la primera \u2018minga\u2019 de muchas que vendr\u00e1n, donde nuevamente ser\u00e1 convocada toda la comunidad educativa, y en la que se busca reconstruir salas, los patios y hacer murales, \u00abla idea es que todos construyamos un liceo nuevo. Este es un colegio con m\u00e1s de 75 a\u00f1os de historia y la verdad es que se ha ido perdiendo y lleg\u00f3 el momento de repuntarlo desde todos los escenarios, estamos por una educaci\u00f3n de calidad, queremos mejorar tambi\u00e9n los puntajes, mejorar la formaci\u00f3n de los estudiantes pero tambi\u00e9n formar buenas personas, queremos formar sanfelipe\u00f1os que est\u00e9n dispuestos a una vida completa, que tiene que ver con lo educativo as\u00ed como la formaci\u00f3n personal\u00bb, sostuvo Fumey.<\/p>\n<p>Y para ello, la nueva direcci\u00f3n cuenta con un plan de gesti\u00f3n que est\u00e1 planificado para desarrollar las habilidades cognitivas de los estudiantes, que tiene que ver con el conocimiento y tambi\u00e9n con la parte personal, viendo las habilidades emocionales de los alumnos. \u00abEs muy importante partir con un equipo de trabajo, educadores conscientes de la formaci\u00f3n de los estudiantes para luego llegar a los estudiantes\u00bb, enfatiz\u00f3 la directora.<\/p>\n<p>&nbsp;<\/p>\n<p>&nbsp;<\/p>\n","protected":false},"excerpt":{"rendered":"<p>Los ex-alumnos, profesores y directivos del Liceo Roberto Humeres, participaron el viernes reci\u00e9n pasado en la \u2018minga\u2019 de fachada, que ten\u00eda como objetivo renovar el establecimiento a la espera de la entrada&#8230;<\/p>\n","protected":false},"author":482,"featured_media":43788,"comment_status":"open","ping_status":"closed","sticky":false,"template":"","format":"standard","meta":{"advanced_seo_description":"","jetpack_seo_html_title":"","jetpack_seo_noindex":false,"_jetpack_memberships_contains_paid_content":false,"footnotes":""},"categories":[15],"tags":[],"class_list":["post-43787","post","type-post","status-publish","format-standard","has-post-thumbnail","hentry","category-comunidad"],"jetpack_featured_media_url":"https:\/\/i0.wp.com\/eltrabajo.cl\/portal\/wp-content\/uploads\/2014\/03\/Minga1.jpg?fit=528%2C359&ssl=1","jetpack_sharing_enabled":true,"jetpack_likes_enabled":true,"jetpack-related-posts":[],"_links":{"self":[{"href":"https:\/\/eltrabajo.cl\/portal\/wp-json\/wp\/v2\/posts\/43787","targetHints":{"allow":["GET"]}}],"collection":[{"href":"https:\/\/eltrabajo.cl\/portal\/wp-json\/wp\/v2\/posts"}],"about":[{"href":"https:\/\/eltrabajo.cl\/portal\/wp-json\/wp\/v2\/types\/post"}],"author":[{"embeddable":true,"href":"https:\/\/eltrabajo.cl\/portal\/wp-json\/wp\/v2\/users\/482"}],"replies":[{"embeddable":true,"href":"https:\/\/eltrabajo.cl\/portal\/wp-json\/wp\/v2\/comments?post=43787"}],"version-history":[{"count":0,"href":"https:\/\/eltrabajo.cl\/portal\/wp-json\/wp\/v2\/posts\/43787\/revisions"}],"wp:featuredmedia":[{"embeddable":true,"href":"https:\/\/eltrabajo.cl\/portal\/wp-json\/wp\/v2\/media\/43788"}],"wp:attachment":[{"href":"https:\/\/eltrabajo.cl\/portal\/wp-json\/wp\/v2\/media?parent=43787"}],"wp:term":[{"taxonomy":"category","embeddable":true,"href":"https:\/\/eltrabajo.cl\/portal\/wp-json\/wp\/v2\/categories?post=43787"},{"taxonomy":"post_tag","embeddable":true,"href":"https:\/\/eltrabajo.cl\/portal\/wp-json\/wp\/v2\/tags?post=43787"}],"curies":[{"name":"wp","href":"https:\/\/api.w.org\/{rel}","templated":true}]}}