{"id":43792,"date":"2014-03-03T09:52:22","date_gmt":"2014-03-03T12:52:22","guid":{"rendered":"http:\/\/www.eltrabajo.cl\/portal\/?p=43792"},"modified":"2014-03-03T10:26:03","modified_gmt":"2014-03-03T13:26:03","slug":"nuevo-caso-de-joven-que-sufrio-quemaduras-a-raiz-de-espuma-en-spray","status":"publish","type":"post","link":"https:\/\/eltrabajo.cl\/portal\/nuevo-caso-de-joven-que-sufrio-quemaduras-a-raiz-de-espuma-en-spray\/","title":{"rendered":"Nuevo caso de joven que sufri\u00f3 quemaduras a ra\u00edz de espuma en spray"},"content":{"rendered":"<figure id=\"attachment_43793\" aria-describedby=\"caption-attachment-43793\" style=\"width: 296px\" class=\"wp-caption alignleft\"><img data-recalc-dims=\"1\" loading=\"lazy\" decoding=\"async\" class=\" wp-image-43793  \" alt=\"Al ver esta imagen queda en evidencia lo da\u00f1ino de esta espuma, al igual como el caso difundido anteriormente con la joven de 14 a\u00f1os de Calle Comercio y otro m\u00e1s de una joven de Calle San Mart\u00edn.\" src=\"https:\/\/i0.wp.com\/www.eltrabajo.cl\/portal\/wp-content\/uploads\/2014\/03\/DENUNCIA-ESPUMA-SPRAY.jpg?resize=296%2C393\" width=\"296\" height=\"393\" srcset=\"https:\/\/i0.wp.com\/eltrabajo.cl\/portal\/wp-content\/uploads\/2014\/03\/DENUNCIA-ESPUMA-SPRAY.jpg?w=529&amp;ssl=1 529w, https:\/\/i0.wp.com\/eltrabajo.cl\/portal\/wp-content\/uploads\/2014\/03\/DENUNCIA-ESPUMA-SPRAY.jpg?resize=113%2C150&amp;ssl=1 113w, https:\/\/i0.wp.com\/eltrabajo.cl\/portal\/wp-content\/uploads\/2014\/03\/DENUNCIA-ESPUMA-SPRAY.jpg?resize=226%2C300&amp;ssl=1 226w, https:\/\/i0.wp.com\/eltrabajo.cl\/portal\/wp-content\/uploads\/2014\/03\/DENUNCIA-ESPUMA-SPRAY.jpg?resize=400%2C530&amp;ssl=1 400w\" sizes=\"auto, (max-width: 296px) 100vw, 296px\" \/><\/a><figcaption id=\"caption-attachment-43793\" class=\"wp-caption-text\">Al ver esta imagen queda en evidencia lo da\u00f1ino de esta espuma, al igual como el caso difundido anteriormente con la joven de 14 a\u00f1os de Calle Comercio y otro m\u00e1s de una joven de Calle San Mart\u00edn.<\/figcaption><\/figure>\n<p><strong>PUTAENDO.<\/strong>&#8211; A medida que transcurren los d\u00edas se van conociendo nuevos casos de personas que han sufrido lesiones ocasionadas por la espuma en spray que fue arrojada indiscriminadamente en la \u00faltima versi\u00f3n del Carnaval de la Chaya en Putaendo.<\/p>\n<p>D.D.L.H. tambi\u00e9n acudi\u00f3 a una de las jornadas del Carnaval de la Chaya y su cuello y parte de su rostro fue rociado con espuma en spray y al d\u00eda siguiente comenz\u00f3 a sentir una fuerte picaz\u00f3n y dolores que con el transcurrir de los d\u00edas se transformaron en una grave quemadura que ha afectado su cuello, el que tal como lo muestra la fotograf\u00eda, evidencia el da\u00f1o ocasionado por este producto que fue vendido en varios locales comerciales establecidos en el centro de Putaendo y tambi\u00e9n por algunos comerciantes ambulantes, los que defienden la venta de este producto argumentando que no es da\u00f1ino para la salud.<\/p>\n<p>Al ver esta imagen queda en evidencia que al igual como el caso difundido anteriormente con la joven de 14 a\u00f1os de Calle Comercio y otro m\u00e1s de una joven de Calle San Mart\u00edn, la espuma ha causado este tipo de lesiones, a lo que se suman otros casos m\u00e1s que no son de conocimiento p\u00fablico y que originaron irritaciones en los ojos, en la cara y sobre todo en el cuello de varios j\u00f3venes.<\/p>\n<p>Esta situaci\u00f3n debe ser considerada por las autoridades locales para que en la pr\u00f3xima versi\u00f3n del Carnaval de la Chaya se busque con tiempo la forma de prohibir efectivamente la venta de estos productos, para lo cual tambi\u00e9n la C\u00e1mara de Comercio y Turismo de Putaendo debe ser parte de esta soluci\u00f3n solicitando a los comerciantes establecidos que no vendan la espuma en spray, ya que si bien es cierto es una ganancia para los comerciantes que merecidamente la obtienen en esta fiesta, claramente el da\u00f1o que ha ocasionado este producto es evidente y peligroso.<\/p>\n<p>Patricio Gallardo M.<\/p>\n","protected":false},"excerpt":{"rendered":"<p>PUTAENDO.&#8211; A medida que transcurren los d\u00edas se van conociendo nuevos casos de personas que han sufrido lesiones ocasionadas por la espuma en spray que fue arrojada indiscriminadamente en la \u00faltima versi\u00f3n&#8230;<\/p>\n","protected":false},"author":482,"featured_media":43793,"comment_status":"open","ping_status":"closed","sticky":false,"template":"","format":"standard","meta":{"advanced_seo_description":"","jetpack_seo_html_title":"","jetpack_seo_noindex":false,"_jetpack_memberships_contains_paid_content":false,"footnotes":""},"categories":[15],"tags":[],"class_list":["post-43792","post","type-post","status-publish","format-standard","has-post-thumbnail","hentry","category-comunidad"],"jetpack_featured_media_url":"https:\/\/i0.wp.com\/eltrabajo.cl\/portal\/wp-content\/uploads\/2014\/03\/DENUNCIA-ESPUMA-SPRAY.jpg?fit=529%2C701&ssl=1","jetpack_sharing_enabled":true,"jetpack_likes_enabled":true,"jetpack-related-posts":[],"_links":{"self":[{"href":"https:\/\/eltrabajo.cl\/portal\/wp-json\/wp\/v2\/posts\/43792","targetHints":{"allow":["GET"]}}],"collection":[{"href":"https:\/\/eltrabajo.cl\/portal\/wp-json\/wp\/v2\/posts"}],"about":[{"href":"https:\/\/eltrabajo.cl\/portal\/wp-json\/wp\/v2\/types\/post"}],"author":[{"embeddable":true,"href":"https:\/\/eltrabajo.cl\/portal\/wp-json\/wp\/v2\/users\/482"}],"replies":[{"embeddable":true,"href":"https:\/\/eltrabajo.cl\/portal\/wp-json\/wp\/v2\/comments?post=43792"}],"version-history":[{"count":0,"href":"https:\/\/eltrabajo.cl\/portal\/wp-json\/wp\/v2\/posts\/43792\/revisions"}],"wp:featuredmedia":[{"embeddable":true,"href":"https:\/\/eltrabajo.cl\/portal\/wp-json\/wp\/v2\/media\/43793"}],"wp:attachment":[{"href":"https:\/\/eltrabajo.cl\/portal\/wp-json\/wp\/v2\/media?parent=43792"}],"wp:term":[{"taxonomy":"category","embeddable":true,"href":"https:\/\/eltrabajo.cl\/portal\/wp-json\/wp\/v2\/categories?post=43792"},{"taxonomy":"post_tag","embeddable":true,"href":"https:\/\/eltrabajo.cl\/portal\/wp-json\/wp\/v2\/tags?post=43792"}],"curies":[{"name":"wp","href":"https:\/\/api.w.org\/{rel}","templated":true}]}}