{"id":43797,"date":"2014-03-03T09:56:28","date_gmt":"2014-03-03T12:56:28","guid":{"rendered":"http:\/\/www.eltrabajo.cl\/portal\/?p=43797"},"modified":"2014-03-03T10:25:14","modified_gmt":"2014-03-03T13:25:14","slug":"buses-ahumada-reajusta-tarifas-en-recorridos-de-aconcagua-santiago","status":"publish","type":"post","link":"https:\/\/eltrabajo.cl\/portal\/buses-ahumada-reajusta-tarifas-en-recorridos-de-aconcagua-santiago\/","title":{"rendered":"Buses Ahumada reajusta tarifas en recorridos de Aconcagua-Santiago"},"content":{"rendered":"<figure id=\"attachment_43798\" aria-describedby=\"caption-attachment-43798\" style=\"width: 529px\" class=\"wp-caption alignnone\"><img data-recalc-dims=\"1\" loading=\"lazy\" decoding=\"async\" class=\"size-full wp-image-43798\" alt=\"A partir del s\u00e1bado 1 de marzo los valores de los pasajes quedan en $3.300 para el servicio San Felipe-Los Andes hacia Santiago y viceversa; $2.800 para los pasajeros frecuentes como son los estudiantes y de $2.300 para el caso del intermedio.\" src=\"https:\/\/i0.wp.com\/www.eltrabajo.cl\/portal\/wp-content\/uploads\/2014\/03\/Buses1.jpg?resize=529%2C357\" width=\"529\" height=\"357\" srcset=\"https:\/\/i0.wp.com\/eltrabajo.cl\/portal\/wp-content\/uploads\/2014\/03\/Buses1.jpg?w=529&amp;ssl=1 529w, https:\/\/i0.wp.com\/eltrabajo.cl\/portal\/wp-content\/uploads\/2014\/03\/Buses1.jpg?resize=200%2C134&amp;ssl=1 200w, https:\/\/i0.wp.com\/eltrabajo.cl\/portal\/wp-content\/uploads\/2014\/03\/Buses1.jpg?resize=300%2C202&amp;ssl=1 300w, https:\/\/i0.wp.com\/eltrabajo.cl\/portal\/wp-content\/uploads\/2014\/03\/Buses1.jpg?resize=150%2C101&amp;ssl=1 150w, https:\/\/i0.wp.com\/eltrabajo.cl\/portal\/wp-content\/uploads\/2014\/03\/Buses1.jpg?resize=400%2C269&amp;ssl=1 400w\" sizes=\"auto, (max-width: 529px) 100vw, 529px\" \/><\/a><figcaption id=\"caption-attachment-43798\" class=\"wp-caption-text\">A partir del s\u00e1bado 1 de marzo los valores de los pasajes quedan en $3.300 para el servicio San Felipe-Los Andes hacia Santiago y viceversa; $2.800 para los pasajeros frecuentes como son los estudiantes y de $2.300 para el caso del intermedio.<\/figcaption><\/figure>\n<p>A contar de este s\u00e1bado 1 de marzo, Buses Ahumada resolvi\u00f3 reajustar levemente sus tarifas, en cien pesos, para sus servicios San Felipe y Los Andes hacia Santiago. La medida responde al comportamiento negativo del mercado en materia del precio del d\u00f3lar y por ende, el incremento en los valores de insumos para el transporte de pasajeros. La informaci\u00f3n fue confirmada por el representante de la Gerencia de Buses Ahumada, Christian Acevedo D\u00edaz, quien manifest\u00f3 que despu\u00e9s de una serie de an\u00e1lisis, se resolvi\u00f3 que este incremento fuese del menor impacto para los clientes, entendiendo que se produce en un mes complejo como marzo, en que existe una serie de compromisos que se deben cumplir por parte de los chilenos y particularmente los aconcag\u00fcinos.<\/p>\n<p>No obstante, manifest\u00f3 que como todas las empresas de transporte de Pasajeros, Ahumada ha tenido que resistir los embates del alza de combustibles y, aunque el petr\u00f3leo no se ha visto tan trastocado como la bencina, la gran mayor\u00eda de los dem\u00e1s insumos utilizados en las m\u00e1quinas, han registrado constantes alzas.<\/p>\n<p>\u00abA partir de este s\u00e1bado 1 de marzo, se ha dispuesto un alza en las tarifas de Ahumada, que representa aproximadamente un 4% de reajuste. Esta medida obedece a la manera en que se ha comportado el mercado con el tema del d\u00f3lar, registrando un incremento importante, el que ha derivado en un alza en todos los insumos que utilizamos, como los neum\u00e1ticos o el petr\u00f3leo\u00bb, se\u00f1al\u00f3 Acevedo.<\/p>\n<p>A\u00f1adi\u00f3 que si bien en diciembre pasado hubo otro reajuste menor en los precios de los pasajes, lo cierto es que previo a ello transcurrieron casi dos a\u00f1os en que no se aplicaron alzas de tarifas.<\/p>\n<p>De esta manera, a prop\u00f3sito de este reajuste, los valores de los pasajes quedan en $3.300 para el servicio San Felipe-Los Andes hacia Santiago y viceversa; $2.800 para los pasajeros frecuentes como son los estudiantes y de $2.300 para el caso del intermedio. Recalc\u00f3 Christian Acevedo que a diferencia de muchas empresas, que en fechas peack como fines de semana largo o en fechas importantes aplican un alza muy significativa de tarifas, Buses Ahumada siempre ha mantenido los mismos valores de los pasajes.<\/p>\n<p>&nbsp;<\/p>\n","protected":false},"excerpt":{"rendered":"<p>A contar de este s\u00e1bado 1 de marzo, Buses Ahumada resolvi\u00f3 reajustar levemente sus tarifas, en cien pesos, para sus servicios San Felipe y Los Andes hacia Santiago. La medida responde al&#8230;<\/p>\n","protected":false},"author":482,"featured_media":43798,"comment_status":"open","ping_status":"closed","sticky":false,"template":"","format":"standard","meta":{"advanced_seo_description":"","jetpack_seo_html_title":"","jetpack_seo_noindex":false,"_jetpack_memberships_contains_paid_content":false,"footnotes":""},"categories":[15],"tags":[],"class_list":["post-43797","post","type-post","status-publish","format-standard","has-post-thumbnail","hentry","category-comunidad"],"jetpack_featured_media_url":"https:\/\/i0.wp.com\/eltrabajo.cl\/portal\/wp-content\/uploads\/2014\/03\/Buses1.jpg?fit=529%2C357&ssl=1","jetpack_sharing_enabled":true,"jetpack_likes_enabled":true,"jetpack-related-posts":[],"_links":{"self":[{"href":"https:\/\/eltrabajo.cl\/portal\/wp-json\/wp\/v2\/posts\/43797","targetHints":{"allow":["GET"]}}],"collection":[{"href":"https:\/\/eltrabajo.cl\/portal\/wp-json\/wp\/v2\/posts"}],"about":[{"href":"https:\/\/eltrabajo.cl\/portal\/wp-json\/wp\/v2\/types\/post"}],"author":[{"embeddable":true,"href":"https:\/\/eltrabajo.cl\/portal\/wp-json\/wp\/v2\/users\/482"}],"replies":[{"embeddable":true,"href":"https:\/\/eltrabajo.cl\/portal\/wp-json\/wp\/v2\/comments?post=43797"}],"version-history":[{"count":0,"href":"https:\/\/eltrabajo.cl\/portal\/wp-json\/wp\/v2\/posts\/43797\/revisions"}],"wp:featuredmedia":[{"embeddable":true,"href":"https:\/\/eltrabajo.cl\/portal\/wp-json\/wp\/v2\/media\/43798"}],"wp:attachment":[{"href":"https:\/\/eltrabajo.cl\/portal\/wp-json\/wp\/v2\/media?parent=43797"}],"wp:term":[{"taxonomy":"category","embeddable":true,"href":"https:\/\/eltrabajo.cl\/portal\/wp-json\/wp\/v2\/categories?post=43797"},{"taxonomy":"post_tag","embeddable":true,"href":"https:\/\/eltrabajo.cl\/portal\/wp-json\/wp\/v2\/tags?post=43797"}],"curies":[{"name":"wp","href":"https:\/\/api.w.org\/{rel}","templated":true}]}}