{"id":43803,"date":"2014-03-03T10:01:51","date_gmt":"2014-03-03T13:01:51","guid":{"rendered":"http:\/\/www.eltrabajo.cl\/portal\/?p=43803"},"modified":"2014-03-03T10:24:40","modified_gmt":"2014-03-03T13:24:40","slug":"a-partir-de-este-viernes-7-la-bioferia-se-instalara-en-la-plaza-de-armas","status":"publish","type":"post","link":"https:\/\/eltrabajo.cl\/portal\/a-partir-de-este-viernes-7-la-bioferia-se-instalara-en-la-plaza-de-armas\/","title":{"rendered":"A partir de este viernes 7 la Bioferia se instalar\u00e1 en la Plaza de Armas"},"content":{"rendered":"<figure id=\"attachment_43804\" aria-describedby=\"caption-attachment-43804\" style=\"width: 423px\" class=\"wp-caption alignleft\"><img data-recalc-dims=\"1\" loading=\"lazy\" decoding=\"async\" class=\" wp-image-43804 \" alt=\"La Bioferia contempla la presencia de 22 expositores, entre los que se cuentan alimentaci\u00f3n saludable, veterinaria natural, frutas y hortalizas.\" src=\"https:\/\/i0.wp.com\/www.eltrabajo.cl\/portal\/wp-content\/uploads\/2014\/03\/bioferia1.jpg?resize=423%2C288\" width=\"423\" height=\"288\" srcset=\"https:\/\/i0.wp.com\/eltrabajo.cl\/portal\/wp-content\/uploads\/2014\/03\/bioferia1.jpg?w=529&amp;ssl=1 529w, https:\/\/i0.wp.com\/eltrabajo.cl\/portal\/wp-content\/uploads\/2014\/03\/bioferia1.jpg?resize=200%2C136&amp;ssl=1 200w, https:\/\/i0.wp.com\/eltrabajo.cl\/portal\/wp-content\/uploads\/2014\/03\/bioferia1.jpg?resize=300%2C204&amp;ssl=1 300w, https:\/\/i0.wp.com\/eltrabajo.cl\/portal\/wp-content\/uploads\/2014\/03\/bioferia1.jpg?resize=150%2C102&amp;ssl=1 150w, https:\/\/i0.wp.com\/eltrabajo.cl\/portal\/wp-content\/uploads\/2014\/03\/bioferia1.jpg?resize=400%2C272&amp;ssl=1 400w\" sizes=\"auto, (max-width: 423px) 100vw, 423px\" \/><\/a><figcaption id=\"caption-attachment-43804\" class=\"wp-caption-text\">La Bioferia contempla la presencia de 22 expositores, entre los que se cuentan alimentaci\u00f3n saludable, veterinaria natural, frutas y hortalizas.<\/figcaption><\/figure>\n<p>Desde el pr\u00f3ximo viernes 7 de marzo y todos los primeros viernes de cada mes, en la Plaza de Armas de nuestra comuna se comenzar\u00e1 a desarrollar la Bioferia, una iniciativa que busca ser un espacio de encuentro, comercializaci\u00f3n y difusi\u00f3n de las iniciativas locales org\u00e1nicas y de producci\u00f3n limpia que se desarrollan en la regi\u00f3n. El objetivo de la actividad es acercar estos temas sobre alimentaci\u00f3n saludable y reciclaje a la comunidad, de manera pr\u00e1ctica y a su alcance, por ello los expositores representan una variedad de actividades en el \u00e1mbito del reciclaje y producci\u00f3n limpia.<\/p>\n<p>La Bioferia contempla la presencia de 22 expositores, entre los que se cuentan alimentaci\u00f3n saludable, veterinaria natural, frutas y hortalizas, cosm\u00e9tica natural, reposter\u00eda integral, dise\u00f1o y accesorios en tema de reciclaje, quesos y l\u00e1cteos de cabra y oveja y apicultura.<\/p>\n<p>Seg\u00fan explic\u00f3 Ximena Cadena, coordinadora de la actividad, \u00abmuchas veces hablamos de sustentabildiad, de reciclaje pero necesitamos algo pr\u00e1ctico, en lo que podamos participar, entonces la Bioferia cuenta con un stand, donde se capta la gente para llevar su contenedores a la casa y donde pueden ir reciclando, otra persona es la encargada del reciclaje del papel, ella hace joyas, cuadernos, agendas, todo con el papel que se recicla, el stand de energ\u00eda renovable se encarga de capacitar a la gente en aspectos como energ\u00eda e\u00f3lica, paneles solares o economizaci\u00f3n de agua\u00bb.<\/p>\n<p>Cadena sostuvo que adem\u00e1s de encontrar producci\u00f3n en esta Bioferia, quienes la visiten tambi\u00e9n podr\u00e1n acceder a proyectos de sustentabilidad, porque adem\u00e1s de mostrar productos la idea es educar a la comunidad. La Bioferia ha encontrado bastante apoyo en las municipalidades, lo que da cuenta de la preocupaci\u00f3n de estas corporaciones por el tema, lo que va de la mano del inter\u00e9s de la propia comunidad que se siente parte de estos aspectos.<\/p>\n<p>La iniciativa permitir\u00e1, adem\u00e1s de ense\u00f1ar a la comunidad, los visitantes puedan llevar productos que les permitan reciclar.<\/p>\n<p>Odette Illanes, Coordinadora Comunal de Turismo invit\u00f3 a toda la comunidad a participar de la actividad, que es apoyada por la Municipalidad de San Felipe, ya que este tema es de especial inter\u00e9s del Alcalde Patricio Freire, la que se realizar\u00e1 todos los viernes de cada mes.<\/p>\n<p>&nbsp;<\/p>\n","protected":false},"excerpt":{"rendered":"<p>Desde el pr\u00f3ximo viernes 7 de marzo y todos los primeros viernes de cada mes, en la Plaza de Armas de nuestra comuna se comenzar\u00e1 a desarrollar la Bioferia, una iniciativa que&#8230;<\/p>\n","protected":false},"author":482,"featured_media":43804,"comment_status":"open","ping_status":"closed","sticky":false,"template":"","format":"standard","meta":{"advanced_seo_description":"","jetpack_seo_html_title":"","jetpack_seo_noindex":false,"_jetpack_memberships_contains_paid_content":false,"footnotes":""},"categories":[1],"tags":[],"class_list":["post-43803","post","type-post","status-publish","format-standard","has-post-thumbnail","hentry","category-cronica"],"jetpack_featured_media_url":"https:\/\/i0.wp.com\/eltrabajo.cl\/portal\/wp-content\/uploads\/2014\/03\/bioferia1.jpg?fit=529%2C360&ssl=1","jetpack_sharing_enabled":true,"jetpack_likes_enabled":true,"jetpack-related-posts":[],"_links":{"self":[{"href":"https:\/\/eltrabajo.cl\/portal\/wp-json\/wp\/v2\/posts\/43803","targetHints":{"allow":["GET"]}}],"collection":[{"href":"https:\/\/eltrabajo.cl\/portal\/wp-json\/wp\/v2\/posts"}],"about":[{"href":"https:\/\/eltrabajo.cl\/portal\/wp-json\/wp\/v2\/types\/post"}],"author":[{"embeddable":true,"href":"https:\/\/eltrabajo.cl\/portal\/wp-json\/wp\/v2\/users\/482"}],"replies":[{"embeddable":true,"href":"https:\/\/eltrabajo.cl\/portal\/wp-json\/wp\/v2\/comments?post=43803"}],"version-history":[{"count":0,"href":"https:\/\/eltrabajo.cl\/portal\/wp-json\/wp\/v2\/posts\/43803\/revisions"}],"wp:featuredmedia":[{"embeddable":true,"href":"https:\/\/eltrabajo.cl\/portal\/wp-json\/wp\/v2\/media\/43804"}],"wp:attachment":[{"href":"https:\/\/eltrabajo.cl\/portal\/wp-json\/wp\/v2\/media?parent=43803"}],"wp:term":[{"taxonomy":"category","embeddable":true,"href":"https:\/\/eltrabajo.cl\/portal\/wp-json\/wp\/v2\/categories?post=43803"},{"taxonomy":"post_tag","embeddable":true,"href":"https:\/\/eltrabajo.cl\/portal\/wp-json\/wp\/v2\/tags?post=43803"}],"curies":[{"name":"wp","href":"https:\/\/api.w.org\/{rel}","templated":true}]}}