{"id":43807,"date":"2014-03-03T10:03:27","date_gmt":"2014-03-03T13:03:27","guid":{"rendered":"http:\/\/www.eltrabajo.cl\/portal\/?p=43807"},"modified":"2014-03-03T10:03:27","modified_gmt":"2014-03-03T13:03:27","slug":"vecinos-de-curimon-ya-cuentan-con-calle-san-francisco-mejorada","status":"publish","type":"post","link":"https:\/\/eltrabajo.cl\/portal\/vecinos-de-curimon-ya-cuentan-con-calle-san-francisco-mejorada\/","title":{"rendered":"Vecinos de Curim\u00f3n ya cuentan con Calle San Francisco mejorada"},"content":{"rendered":"<figure id=\"attachment_43808\" aria-describedby=\"caption-attachment-43808\" style=\"width: 529px\" class=\"wp-caption alignnone\"><a href=\"https:\/\/i0.wp.com\/www.eltrabajo.cl\/portal\/wp-content\/uploads\/2014\/03\/inauguracion.jpg\"><img data-recalc-dims=\"1\" loading=\"lazy\" decoding=\"async\" class=\"size-full wp-image-43808\" alt=\"El proyecto fue ejecutado el a\u00f1o pasado, en la administraci\u00f3n del Alcalde Patricio Freire, y ha mejorado la calidad de vida de los vecinos del sector. \" src=\"https:\/\/i0.wp.com\/www.eltrabajo.cl\/portal\/wp-content\/uploads\/2014\/03\/inauguracion.jpg?resize=529%2C361\" width=\"529\" height=\"361\" srcset=\"https:\/\/i0.wp.com\/eltrabajo.cl\/portal\/wp-content\/uploads\/2014\/03\/inauguracion.jpg?w=529&amp;ssl=1 529w, https:\/\/i0.wp.com\/eltrabajo.cl\/portal\/wp-content\/uploads\/2014\/03\/inauguracion.jpg?resize=200%2C136&amp;ssl=1 200w, https:\/\/i0.wp.com\/eltrabajo.cl\/portal\/wp-content\/uploads\/2014\/03\/inauguracion.jpg?resize=300%2C204&amp;ssl=1 300w, https:\/\/i0.wp.com\/eltrabajo.cl\/portal\/wp-content\/uploads\/2014\/03\/inauguracion.jpg?resize=150%2C102&amp;ssl=1 150w, https:\/\/i0.wp.com\/eltrabajo.cl\/portal\/wp-content\/uploads\/2014\/03\/inauguracion.jpg?resize=400%2C272&amp;ssl=1 400w\" sizes=\"auto, (max-width: 529px) 100vw, 529px\" \/><\/a><figcaption id=\"caption-attachment-43808\" class=\"wp-caption-text\">El proyecto fue ejecutado el a\u00f1o pasado, en la administraci\u00f3n del Alcalde Patricio Freire, y ha mejorado la calidad de vida de los vecinos del sector.<\/figcaption><\/figure>\n<p>Contar con Calle San Francisco en Curim\u00f3n pavimentada y en buenas condiciones, era una idea que por muchos a\u00f1os lo vecinos de ese sector so\u00f1aron. Golpearon puertas y atravesaron varias dificultades, pero finalmente en la administraci\u00f3n del Alcalde patricio Freire, este sue\u00f1o es una realidad. En horas de la tarde de este s\u00e1bado, y con la presencia de m\u00e1s de un centenar de vecinos, del Alcalde Patricio Freire y autoridades de la provincia, los trabajos de mejoramiento de la calle fueron inaugurados.<\/p>\n<p>Con una inversi\u00f3n que super\u00f3 los 187 millones de pesos, el proyecto contemplaba la pavimentaci\u00f3n de 535 metros lineales de calle entre Santiago Buenas y la Ruta E-809, con una superficie de 3.746 metros cuadrados de calzada. La iniciativa comenz\u00f3 a ejecutarse en el mes de noviembre del a\u00f1o pasado, luego de terminado el proyecto complementario de arranques de alcantarillado en las viviendas que se ubican en esta arteria y que fue financiado por la Municipalidad de San Felipe, lo que no estaba contemplado en el proyecto original y que oblig\u00f3 a realizar ajustes a la iniciativa.<\/p>\n<p>\u201cCuando asumimos el Municipio, este proyecto ven\u00eda en v\u00edas de ejecuci\u00f3n pero hubo que saltar vallas, porque el dise\u00f1o del proyecto ven\u00eda sin conexi\u00f3n de alcantarillado, tuvimos que sacar las observaciones e hicimos todas las obras en beneficio de los vecinos. Cuando asumimos priorizamos la realizaci\u00f3n de este proyecto, por encima de otras iniciativas, porque entendimos que iba en beneficio de los residentes de este sector, que por muchos a\u00f1os se han sentido postergados, y as\u00ed mejor\u00e1bamos su calidad de vida, que es lo que nos motiva en esta administraci\u00f3n, porque queremos hacer de San Felipe una comuna de oportunidades para todos y todas\u201d, dijo el Alcalde Patricio Freire.<\/p>\n<p>Durante la ceremonia la Presidente de la Junta de Vecinos, Pierina Rivillo, destac\u00f3 el trabajo que realizaron los vecinos durante todos estos a\u00f1os, el que signific\u00f3 golpear muchas puertas y atravesar momentos complejos, y agradeci\u00f3 el trabajo del municipio, que logr\u00f3 ejecutar el proyecto y entregarlo para el uso, en los plazos establecidos.<\/p>\n<p>\u201cEstoy feliz y agradecida de las autoridades, agradecida de la empresa que se port\u00f3 muy bien, de los vecinos que lograron sacar este proyecto adelante. Este proyecto beneficia a muchas personas, porque este camino es conectividad a las carreteras y a las comunas. Hace 15 a\u00f1os que se est\u00e1n golpeando puertas, despu\u00e9s se integr\u00f3 la Junta de Adelanto y la Junta de Vecinos hasta que sacamos esto adelante\u201d, dijo la dirigente.<\/p>\n<p>Durante la ceremonia de inauguraci\u00f3n la junta de vecinos premi\u00f3 a vecinos destacados del sector, quienes contribuyeron en la materializaci\u00f3n de la iniciativa, que luego de 15 a\u00f1os finalmente es una realidad.<\/p>\n<p>&nbsp;<\/p>\n","protected":false},"excerpt":{"rendered":"<p>Contar con Calle San Francisco en Curim\u00f3n pavimentada y en buenas condiciones, era una idea que por muchos a\u00f1os lo vecinos de ese sector so\u00f1aron. Golpearon puertas y atravesaron varias dificultades, pero&#8230;<\/p>\n","protected":false},"author":482,"featured_media":43808,"comment_status":"open","ping_status":"closed","sticky":false,"template":"","format":"standard","meta":{"advanced_seo_description":"","jetpack_seo_html_title":"","jetpack_seo_noindex":false,"_jetpack_memberships_contains_paid_content":false,"footnotes":""},"categories":[1],"tags":[],"class_list":["post-43807","post","type-post","status-publish","format-standard","has-post-thumbnail","hentry","category-cronica"],"jetpack_featured_media_url":"https:\/\/i0.wp.com\/eltrabajo.cl\/portal\/wp-content\/uploads\/2014\/03\/inauguracion.jpg?fit=529%2C361&ssl=1","jetpack_sharing_enabled":true,"jetpack_likes_enabled":true,"jetpack-related-posts":[],"_links":{"self":[{"href":"https:\/\/eltrabajo.cl\/portal\/wp-json\/wp\/v2\/posts\/43807","targetHints":{"allow":["GET"]}}],"collection":[{"href":"https:\/\/eltrabajo.cl\/portal\/wp-json\/wp\/v2\/posts"}],"about":[{"href":"https:\/\/eltrabajo.cl\/portal\/wp-json\/wp\/v2\/types\/post"}],"author":[{"embeddable":true,"href":"https:\/\/eltrabajo.cl\/portal\/wp-json\/wp\/v2\/users\/482"}],"replies":[{"embeddable":true,"href":"https:\/\/eltrabajo.cl\/portal\/wp-json\/wp\/v2\/comments?post=43807"}],"version-history":[{"count":0,"href":"https:\/\/eltrabajo.cl\/portal\/wp-json\/wp\/v2\/posts\/43807\/revisions"}],"wp:featuredmedia":[{"embeddable":true,"href":"https:\/\/eltrabajo.cl\/portal\/wp-json\/wp\/v2\/media\/43808"}],"wp:attachment":[{"href":"https:\/\/eltrabajo.cl\/portal\/wp-json\/wp\/v2\/media?parent=43807"}],"wp:term":[{"taxonomy":"category","embeddable":true,"href":"https:\/\/eltrabajo.cl\/portal\/wp-json\/wp\/v2\/categories?post=43807"},{"taxonomy":"post_tag","embeddable":true,"href":"https:\/\/eltrabajo.cl\/portal\/wp-json\/wp\/v2\/tags?post=43807"}],"curies":[{"name":"wp","href":"https:\/\/api.w.org\/{rel}","templated":true}]}}