{"id":43823,"date":"2014-03-03T10:23:07","date_gmt":"2014-03-03T13:23:07","guid":{"rendered":"http:\/\/www.eltrabajo.cl\/portal\/?p=43823"},"modified":"2014-03-03T10:23:36","modified_gmt":"2014-03-03T13:23:36","slug":"pedimos-disculpas-a-los-sanfelipenos-por-malos-ratos-que-han-pasado","status":"publish","type":"post","link":"https:\/\/eltrabajo.cl\/portal\/pedimos-disculpas-a-los-sanfelipenos-por-malos-ratos-que-han-pasado\/","title":{"rendered":"\u201cPedimos disculpas a los sanfelipe\u00f1os por malos ratos que han pasado\u201d"},"content":{"rendered":"<figure id=\"attachment_43824\" aria-describedby=\"caption-attachment-43824\" style=\"width: 317px\" class=\"wp-caption alignleft\"><img data-recalc-dims=\"1\" loading=\"lazy\" decoding=\"async\" class=\" wp-image-43824 \" alt=\"Patricio Gonz\u00e1lez, Administrador Municipal, se\u00f1al\u00f3 que la empresa deber\u00e1 realizar los reembolsos que sean pertinentes.\" src=\"https:\/\/i0.wp.com\/www.eltrabajo.cl\/portal\/wp-content\/uploads\/2014\/03\/Patricio-Gonzalez.jpg?resize=317%2C240\" width=\"317\" height=\"240\" srcset=\"https:\/\/i0.wp.com\/eltrabajo.cl\/portal\/wp-content\/uploads\/2014\/03\/Patricio-Gonzalez.jpg?w=528&amp;ssl=1 528w, https:\/\/i0.wp.com\/eltrabajo.cl\/portal\/wp-content\/uploads\/2014\/03\/Patricio-Gonzalez.jpg?resize=198%2C150&amp;ssl=1 198w, https:\/\/i0.wp.com\/eltrabajo.cl\/portal\/wp-content\/uploads\/2014\/03\/Patricio-Gonzalez.jpg?resize=300%2C227&amp;ssl=1 300w, https:\/\/i0.wp.com\/eltrabajo.cl\/portal\/wp-content\/uploads\/2014\/03\/Patricio-Gonzalez.jpg?resize=150%2C113&amp;ssl=1 150w, https:\/\/i0.wp.com\/eltrabajo.cl\/portal\/wp-content\/uploads\/2014\/03\/Patricio-Gonzalez.jpg?resize=400%2C303&amp;ssl=1 400w\" sizes=\"auto, (max-width: 317px) 100vw, 317px\" \/><\/a><figcaption id=\"caption-attachment-43824\" class=\"wp-caption-text\">Patricio Gonz\u00e1lez, Administrador Municipal, se\u00f1al\u00f3 que la empresa deber\u00e1 realizar los reembolsos que sean pertinentes.<\/figcaption><\/figure>\n<p>Tras la investigaci\u00f3n realizada por Diario El Trabajo sobre vicios en el sistema de parqu\u00edmetros, diversas han sido las reacciones en el \u00e1mbito municipal. Esto porque tanto el Alcalde Patricio Freire, como el Administrador Municipal, Patricio Gonz\u00e1lez y el Asesor Jur\u00eddico de la Municipalidad, Jorge Jara, convocaron a una reuni\u00f3n de urgencia con personal de la empresa Ingenier\u00eda y Transporte Epark Ltda., para conocer la f\u00f3rmula en que se zanjar\u00e1 este fraude cometido por algunos trabajadores de la citada empresa de parqu\u00edmetros.<\/p>\n<p>Al respecto Patricio Gonz\u00e1lez se\u00f1al\u00f3 a Diario El Trabajo que \u201cnosotros coordinamos una reuni\u00f3n con la gerencia de Epark de Santiago, y les hicimos ver las denuncias que exist\u00edan, y efectivamente ellos al hacer las investigaciones corroboran que hubo personal de la empresa, que cobraron indebidamente y en exceso, en particular despu\u00e9s de haber contratado seis personas de otra comuna, que son las que habr\u00edan cometido esta irregularidad\u201d.<\/p>\n<p>Ellos se comprometieron a hacer el reembolso a las personas que se les hubiese cobrado dem\u00e1s. En ese aspecto, Gonz\u00e1lez se\u00f1al\u00f3 que cada automovilista que se vea afectado por esta situaci\u00f3n, podr\u00e1 acercarse a la empresa declarando el tiempo que realmente estuvo utilizando el servicio. \u201cBastar\u00e1 con esa simple declaraci\u00f3n para que la empresa haga el descuento o reembolso que corresponda\u201d, puntualiz\u00f3.<\/p>\n<p>El Administrador Municipal se\u00f1al\u00f3 que para el municipio este es un tema sensible y \u201ca petici\u00f3n del Alcalde Patricio Freire, pedimos las excusas correspondientes por los malos ratos que han vivido los sanfelipe\u00f1os, son situaciones que escapan a nuestra fiscalizaci\u00f3n y escapa a lo que todos entendemos por un buen comportamiento de un contrato. Junto con eso le pedimos a la empresa que saque un comunicado formal dando las explicaciones correspondientes porque son ellos los principales responsables de administrar este sistema\u201d.<\/p>\n<p>Por \u00faltimo, Gonz\u00e1lez dijo que el municipio \u201cpide disculpas a los sanfelipe\u00f1os por el mal rato causado\u201d.<\/p>\n","protected":false},"excerpt":{"rendered":"<p>Tras la investigaci\u00f3n realizada por Diario El Trabajo sobre vicios en el sistema de parqu\u00edmetros, diversas han sido las reacciones en el \u00e1mbito municipal. Esto porque tanto el Alcalde Patricio Freire, como&#8230;<\/p>\n","protected":false},"author":482,"featured_media":43824,"comment_status":"open","ping_status":"closed","sticky":false,"template":"","format":"standard","meta":{"advanced_seo_description":"","jetpack_seo_html_title":"","jetpack_seo_noindex":false,"_jetpack_memberships_contains_paid_content":false,"footnotes":""},"categories":[1],"tags":[],"class_list":["post-43823","post","type-post","status-publish","format-standard","has-post-thumbnail","hentry","category-cronica"],"jetpack_featured_media_url":"https:\/\/i0.wp.com\/eltrabajo.cl\/portal\/wp-content\/uploads\/2014\/03\/Patricio-Gonzalez.jpg?fit=528%2C400&ssl=1","jetpack_sharing_enabled":true,"jetpack_likes_enabled":true,"jetpack-related-posts":[],"_links":{"self":[{"href":"https:\/\/eltrabajo.cl\/portal\/wp-json\/wp\/v2\/posts\/43823","targetHints":{"allow":["GET"]}}],"collection":[{"href":"https:\/\/eltrabajo.cl\/portal\/wp-json\/wp\/v2\/posts"}],"about":[{"href":"https:\/\/eltrabajo.cl\/portal\/wp-json\/wp\/v2\/types\/post"}],"author":[{"embeddable":true,"href":"https:\/\/eltrabajo.cl\/portal\/wp-json\/wp\/v2\/users\/482"}],"replies":[{"embeddable":true,"href":"https:\/\/eltrabajo.cl\/portal\/wp-json\/wp\/v2\/comments?post=43823"}],"version-history":[{"count":0,"href":"https:\/\/eltrabajo.cl\/portal\/wp-json\/wp\/v2\/posts\/43823\/revisions"}],"wp:featuredmedia":[{"embeddable":true,"href":"https:\/\/eltrabajo.cl\/portal\/wp-json\/wp\/v2\/media\/43824"}],"wp:attachment":[{"href":"https:\/\/eltrabajo.cl\/portal\/wp-json\/wp\/v2\/media?parent=43823"}],"wp:term":[{"taxonomy":"category","embeddable":true,"href":"https:\/\/eltrabajo.cl\/portal\/wp-json\/wp\/v2\/categories?post=43823"},{"taxonomy":"post_tag","embeddable":true,"href":"https:\/\/eltrabajo.cl\/portal\/wp-json\/wp\/v2\/tags?post=43823"}],"curies":[{"name":"wp","href":"https:\/\/api.w.org\/{rel}","templated":true}]}}