{"id":43836,"date":"2014-03-05T09:16:33","date_gmt":"2014-03-05T12:16:33","guid":{"rendered":"http:\/\/www.eltrabajo.cl\/portal\/?p=43836"},"modified":"2014-03-05T09:16:33","modified_gmt":"2014-03-05T12:16:33","slug":"demarcan-pasos-peatonales-para-mejorar-seguridad-en-colegios","status":"publish","type":"post","link":"https:\/\/eltrabajo.cl\/portal\/demarcan-pasos-peatonales-para-mejorar-seguridad-en-colegios\/","title":{"rendered":"Demarcan pasos peatonales para mejorar seguridad en colegios"},"content":{"rendered":"<figure id=\"attachment_43837\" aria-describedby=\"caption-attachment-43837\" style=\"width: 529px\" class=\"wp-caption alignnone\"><a href=\"https:\/\/i0.wp.com\/www.eltrabajo.cl\/portal\/wp-content\/uploads\/2014\/03\/Pnitado1.jpg\"><img data-recalc-dims=\"1\" loading=\"lazy\" decoding=\"async\" class=\"size-full wp-image-43837\" alt=\"Se reinstal\u00f3 el lomo-toro en Avenida Independencia frente a la Escuela Espa\u00f1a, el cual hab\u00eda sido sacado producto de los trabajos de repavimentaci\u00f3n de esa arteria.\" src=\"https:\/\/i0.wp.com\/www.eltrabajo.cl\/portal\/wp-content\/uploads\/2014\/03\/Pnitado1.jpg?resize=529%2C370\" width=\"529\" height=\"370\" srcset=\"https:\/\/i0.wp.com\/eltrabajo.cl\/portal\/wp-content\/uploads\/2014\/03\/Pnitado1.jpg?w=529&amp;ssl=1 529w, https:\/\/i0.wp.com\/eltrabajo.cl\/portal\/wp-content\/uploads\/2014\/03\/Pnitado1.jpg?resize=200%2C139&amp;ssl=1 200w, https:\/\/i0.wp.com\/eltrabajo.cl\/portal\/wp-content\/uploads\/2014\/03\/Pnitado1.jpg?resize=300%2C209&amp;ssl=1 300w, https:\/\/i0.wp.com\/eltrabajo.cl\/portal\/wp-content\/uploads\/2014\/03\/Pnitado1.jpg?resize=150%2C104&amp;ssl=1 150w, https:\/\/i0.wp.com\/eltrabajo.cl\/portal\/wp-content\/uploads\/2014\/03\/Pnitado1.jpg?resize=400%2C279&amp;ssl=1 400w\" sizes=\"auto, (max-width: 529px) 100vw, 529px\" \/><\/a><figcaption id=\"caption-attachment-43837\" class=\"wp-caption-text\">Se reinstal\u00f3 el lomo-toro en Avenida Independencia frente a la Escuela Espa\u00f1a, el cual hab\u00eda sido sacado producto de los trabajos de repavimentaci\u00f3n de esa arteria.<\/figcaption><\/figure>\n<p><strong>LOS ANDES.<\/strong>&#8211; La Municipalidad de Los Andes llev\u00f3 adelante en los \u00faltimos d\u00edas una demarcaci\u00f3n de pasos peatonales en los accesos a los establecimientos educacionales a fin de brindar mayor seguridad a los alumnos que en forma masiva retomar\u00e1n sus clases este mi\u00e9rcoles. El Alcalde Mauricio Navarro indic\u00f3 que junto a esta demarcaci\u00f3n se reinstal\u00f3 el lomo-toro en Avenida Independencia frente a la Escuela Espa\u00f1a, el cual hab\u00eda sido sacado producto de los trabajos de repavimentaci\u00f3n de esa arteria.<\/p>\n<p>Sobre este reductor, la autoridad dijo que cumple con todas las normas de seguridad, \u201cya que es distinto al de los que estamos acostumbrados que est\u00e1n completamente pintados, sino que el tipo de pintura es la suficiente para permitir un anuncio al automovilista de que debe reducir su velocidad, adem\u00e1s de que estamos frente a una zona de colegio\u201d.<\/p>\n<p>Asimismo, el edil dijo que la idea es permitir el ingreso de los alumnos a los colegios de manera segura, \u201cpor lo que siguiendo esta l\u00f3gica quiero invitar a los pap\u00e1s y las mam\u00e1s a seguir confiando en el sistema p\u00fablico de educaci\u00f3n, pues a\u00fan tenemos matr\u00edcula en algunos establecimientos como la escuela Espa\u00f1a y Jos\u00e9 Miguel Carrera, en ambas con jornada escolar completa en k\u00ednder y prekinder, pero en la escuela Espa\u00f1a incorpora toda la b\u00e1sica\u201d.<\/p>\n<p>Navarro afirm\u00f3 que como municipio est\u00e1n trabajando fuertemente para brindar seguridad en los colegios. Por otra parte, la autoridad dijo que el ingreso masivo a clases de los estudiantes este d\u00eda mi\u00e9rcoles implicar\u00e1 tambi\u00e9n un aumento de la circulaci\u00f3n de veh\u00edculos, \u201cpor lo que hacemos un llamado a prever esta situaci\u00f3n, levantarse un poco m\u00e1s temprano de tal forma de no sufrir la congesti\u00f3n y ojal\u00e1 tambi\u00e9n compartir veh\u00edculo, sobre todo si un vecino con otro tienen a sus hijos en los mismos colegios, ya que con ello aminoramos los riesgos, disminuimos el consumo de combustible y descongestionamos las calles\u201d.<\/p>\n<p>&nbsp;<\/p>\n","protected":false},"excerpt":{"rendered":"<p>LOS ANDES.&#8211; La Municipalidad de Los Andes llev\u00f3 adelante en los \u00faltimos d\u00edas una demarcaci\u00f3n de pasos peatonales en los accesos a los establecimientos educacionales a fin de brindar mayor seguridad a&#8230;<\/p>\n","protected":false},"author":482,"featured_media":43837,"comment_status":"open","ping_status":"closed","sticky":false,"template":"","format":"standard","meta":{"advanced_seo_description":"","jetpack_seo_html_title":"","jetpack_seo_noindex":false,"_jetpack_memberships_contains_paid_content":false,"footnotes":""},"categories":[1],"tags":[],"class_list":["post-43836","post","type-post","status-publish","format-standard","has-post-thumbnail","hentry","category-cronica"],"jetpack_featured_media_url":"https:\/\/i0.wp.com\/eltrabajo.cl\/portal\/wp-content\/uploads\/2014\/03\/Pnitado1.jpg?fit=529%2C370&ssl=1","jetpack_sharing_enabled":true,"jetpack_likes_enabled":true,"jetpack-related-posts":[],"_links":{"self":[{"href":"https:\/\/eltrabajo.cl\/portal\/wp-json\/wp\/v2\/posts\/43836","targetHints":{"allow":["GET"]}}],"collection":[{"href":"https:\/\/eltrabajo.cl\/portal\/wp-json\/wp\/v2\/posts"}],"about":[{"href":"https:\/\/eltrabajo.cl\/portal\/wp-json\/wp\/v2\/types\/post"}],"author":[{"embeddable":true,"href":"https:\/\/eltrabajo.cl\/portal\/wp-json\/wp\/v2\/users\/482"}],"replies":[{"embeddable":true,"href":"https:\/\/eltrabajo.cl\/portal\/wp-json\/wp\/v2\/comments?post=43836"}],"version-history":[{"count":0,"href":"https:\/\/eltrabajo.cl\/portal\/wp-json\/wp\/v2\/posts\/43836\/revisions"}],"wp:featuredmedia":[{"embeddable":true,"href":"https:\/\/eltrabajo.cl\/portal\/wp-json\/wp\/v2\/media\/43837"}],"wp:attachment":[{"href":"https:\/\/eltrabajo.cl\/portal\/wp-json\/wp\/v2\/media?parent=43836"}],"wp:term":[{"taxonomy":"category","embeddable":true,"href":"https:\/\/eltrabajo.cl\/portal\/wp-json\/wp\/v2\/categories?post=43836"},{"taxonomy":"post_tag","embeddable":true,"href":"https:\/\/eltrabajo.cl\/portal\/wp-json\/wp\/v2\/tags?post=43836"}],"curies":[{"name":"wp","href":"https:\/\/api.w.org\/{rel}","templated":true}]}}