{"id":43840,"date":"2014-03-05T09:18:30","date_gmt":"2014-03-05T12:18:30","guid":{"rendered":"http:\/\/www.eltrabajo.cl\/portal\/?p=43840"},"modified":"2014-03-05T09:39:05","modified_gmt":"2014-03-05T12:39:05","slug":"alcalde-pradenas-realiza-positivo-balance-por-gestion-de-intendente-celis","status":"publish","type":"post","link":"https:\/\/eltrabajo.cl\/portal\/alcalde-pradenas-realiza-positivo-balance-por-gestion-de-intendente-celis\/","title":{"rendered":"Alcalde Pradenas realiza positivo balance por gesti\u00f3n de Intendente Celis"},"content":{"rendered":"<figure id=\"attachment_43841\" aria-describedby=\"caption-attachment-43841\" style=\"width: 529px\" class=\"wp-caption alignnone\"><img data-recalc-dims=\"1\" loading=\"lazy\" decoding=\"async\" class=\"size-full wp-image-43841\" alt=\"El Alcalde Luis Pradenas recibi\u00f3 al Intendente Ra\u00fal C\u00e9lis Montt, con la finalidad de realizar un balance sobre el trabajo realizado durante los \u00faltimos cuatro a\u00f1os.\" src=\"https:\/\/i0.wp.com\/www.eltrabajo.cl\/portal\/wp-content\/uploads\/2014\/03\/Visita1.jpg?resize=529%2C367\" width=\"529\" height=\"367\" srcset=\"https:\/\/i0.wp.com\/eltrabajo.cl\/portal\/wp-content\/uploads\/2014\/03\/Visita1.jpg?w=529&amp;ssl=1 529w, https:\/\/i0.wp.com\/eltrabajo.cl\/portal\/wp-content\/uploads\/2014\/03\/Visita1.jpg?resize=200%2C138&amp;ssl=1 200w, https:\/\/i0.wp.com\/eltrabajo.cl\/portal\/wp-content\/uploads\/2014\/03\/Visita1.jpg?resize=300%2C208&amp;ssl=1 300w, https:\/\/i0.wp.com\/eltrabajo.cl\/portal\/wp-content\/uploads\/2014\/03\/Visita1.jpg?resize=150%2C104&amp;ssl=1 150w, https:\/\/i0.wp.com\/eltrabajo.cl\/portal\/wp-content\/uploads\/2014\/03\/Visita1.jpg?resize=400%2C277&amp;ssl=1 400w\" sizes=\"auto, (max-width: 529px) 100vw, 529px\" \/><\/a><figcaption id=\"caption-attachment-43841\" class=\"wp-caption-text\">El Alcalde Luis Pradenas recibi\u00f3 al Intendente Ra\u00fal C\u00e9lis Montt, con la finalidad de realizar un balance sobre el trabajo realizado durante los \u00faltimos cuatro a\u00f1os.<\/figcaption><\/figure>\n<p><strong>PANQUEHUE<\/strong>.- El Alcalde Luis Pradenas la ma\u00f1ana de este martes, recibi\u00f3 al Intendente Ra\u00fal C\u00e9lis Montt, con la finalidad de realizar un balance sobre lo realizado por la autoridad del Gobierno Regional durante los \u00faltimos cuatro a\u00f1os. Luego de una reuni\u00f3n, que dur\u00f3 cerca de una hora, el jefe comunal agradeci\u00f3 al intendente la deferencia de venir a despedirse despu\u00e9s de cuatro a\u00f1os de trabajo en conjunto, \u00abestoy agradecido de la gesti\u00f3n del Gobierno Regional, no me queda m\u00e1s que agradecer lo que se hizo, donde la V Regi\u00f3n tuvo un crecimiento importante dentro de los \u00faltimos cuatros a\u00f1os. Esta autoridad gobern\u00f3 con equidad. Mientras los Intendentes Gobiernen bien, la V Regi\u00f3n se desarrolla\u00bb.<\/p>\n<p>En lo que se refiere a la materializaci\u00f3n de proyectos, el edil de Panquehue realiz\u00f3 un positivo balance, se\u00f1alando que \u00abse construy\u00f3 una Planta de Tratamiento de aguas servidas que ha sido modelo en la Regi\u00f3n. Hemos logrado pavimentos participativos de tres poblaciones y este a\u00f1o estamos terminando las \u00faltimas dos calles. Se ha mejorado la infraestructura en educaci\u00f3n y hemos mejorado algunas calles rurales, lo que demuestra que la gesti\u00f3n del Intendente es bastante\u00bb.<\/p>\n<p>Uno de los proyectos emblem\u00e1ticos en la comuna fue la construcci\u00f3n del Alcantarillado. \u00abTambi\u00e9n uno de los proyectos emblem\u00e1ticos fue la extensi\u00f3n de la red de alcantarillado, de Panquehue Centro a Escorial y Palomar interior, donde queda el 70% de la comuna con alcantarillado\u00bb, manifest\u00f3 el edil.<\/p>\n<p>Tambi\u00e9n el jefe comunal se\u00f1al\u00f3 que se est\u00e1 terminando en licitaci\u00f3n con dos proyectos importantes para el sector de Lo campo como es una sede social e iluminaci\u00f3n de \u00e1reas verdes.<\/p>\n<p>En tanto, el Intendente Ra\u00fal C\u00e9lis, pr\u00f3ximo a dejar su cargo, coment\u00f3 que la reuni\u00f3n fue muy grata, destacando que el Alcalde Pradenas siempre fue un gran colaborador, \u00absiempre estuvo dispuesto a escucharnos y nosotros intentamos atender sus requerimiento para con nosotros. Es un alcalde comprometido con su comuna, lucho much\u00edsimo por sacar adelante el proyecto de la Planta de Tratamiento y obras como pavimentaci\u00f3n y alcantarillado. Con poco recursos el Alcalde Pradenas ha logrado realizar much\u00edsimas cosas\u00bb.<\/p>\n<p>&nbsp;<\/p>\n","protected":false},"excerpt":{"rendered":"<p>PANQUEHUE.- El Alcalde Luis Pradenas la ma\u00f1ana de este martes, recibi\u00f3 al Intendente Ra\u00fal C\u00e9lis Montt, con la finalidad de realizar un balance sobre lo realizado por la autoridad del Gobierno Regional&#8230;<\/p>\n","protected":false},"author":482,"featured_media":43841,"comment_status":"open","ping_status":"closed","sticky":false,"template":"","format":"standard","meta":{"advanced_seo_description":"","jetpack_seo_html_title":"","jetpack_seo_noindex":false,"_jetpack_memberships_contains_paid_content":false,"footnotes":""},"categories":[1],"tags":[],"class_list":["post-43840","post","type-post","status-publish","format-standard","has-post-thumbnail","hentry","category-cronica"],"jetpack_featured_media_url":"https:\/\/i0.wp.com\/eltrabajo.cl\/portal\/wp-content\/uploads\/2014\/03\/Visita1.jpg?fit=529%2C367&ssl=1","jetpack_sharing_enabled":true,"jetpack_likes_enabled":true,"jetpack-related-posts":[],"_links":{"self":[{"href":"https:\/\/eltrabajo.cl\/portal\/wp-json\/wp\/v2\/posts\/43840","targetHints":{"allow":["GET"]}}],"collection":[{"href":"https:\/\/eltrabajo.cl\/portal\/wp-json\/wp\/v2\/posts"}],"about":[{"href":"https:\/\/eltrabajo.cl\/portal\/wp-json\/wp\/v2\/types\/post"}],"author":[{"embeddable":true,"href":"https:\/\/eltrabajo.cl\/portal\/wp-json\/wp\/v2\/users\/482"}],"replies":[{"embeddable":true,"href":"https:\/\/eltrabajo.cl\/portal\/wp-json\/wp\/v2\/comments?post=43840"}],"version-history":[{"count":0,"href":"https:\/\/eltrabajo.cl\/portal\/wp-json\/wp\/v2\/posts\/43840\/revisions"}],"wp:featuredmedia":[{"embeddable":true,"href":"https:\/\/eltrabajo.cl\/portal\/wp-json\/wp\/v2\/media\/43841"}],"wp:attachment":[{"href":"https:\/\/eltrabajo.cl\/portal\/wp-json\/wp\/v2\/media?parent=43840"}],"wp:term":[{"taxonomy":"category","embeddable":true,"href":"https:\/\/eltrabajo.cl\/portal\/wp-json\/wp\/v2\/categories?post=43840"},{"taxonomy":"post_tag","embeddable":true,"href":"https:\/\/eltrabajo.cl\/portal\/wp-json\/wp\/v2\/tags?post=43840"}],"curies":[{"name":"wp","href":"https:\/\/api.w.org\/{rel}","templated":true}]}}