{"id":43844,"date":"2014-03-05T09:19:32","date_gmt":"2014-03-05T12:19:32","guid":{"rendered":"http:\/\/www.eltrabajo.cl\/portal\/?p=43844"},"modified":"2014-03-05T09:19:32","modified_gmt":"2014-03-05T12:19:32","slug":"camiones-recolectores-de-basura-ya-estan-en-funcionamiento","status":"publish","type":"post","link":"https:\/\/eltrabajo.cl\/portal\/camiones-recolectores-de-basura-ya-estan-en-funcionamiento\/","title":{"rendered":"Camiones recolectores de basura ya est\u00e1n en funcionamiento"},"content":{"rendered":"<figure id=\"attachment_43845\" aria-describedby=\"caption-attachment-43845\" style=\"width: 529px\" class=\"wp-caption alignnone\"><a href=\"https:\/\/i0.wp.com\/www.eltrabajo.cl\/portal\/wp-content\/uploads\/2014\/03\/Basura1.jpg\"><img data-recalc-dims=\"1\" loading=\"lazy\" decoding=\"async\" class=\"size-full wp-image-43845\" alt=\"Dos de los tres camiones destinados al mencionado servicio, se encontraban en \u2018panne\u2019 desde el d\u00eda martes 18 de febrero.\" src=\"https:\/\/i0.wp.com\/www.eltrabajo.cl\/portal\/wp-content\/uploads\/2014\/03\/Basura1.jpg?resize=529%2C401\" width=\"529\" height=\"401\" srcset=\"https:\/\/i0.wp.com\/eltrabajo.cl\/portal\/wp-content\/uploads\/2014\/03\/Basura1.jpg?w=529&amp;ssl=1 529w, https:\/\/i0.wp.com\/eltrabajo.cl\/portal\/wp-content\/uploads\/2014\/03\/Basura1.jpg?resize=197%2C150&amp;ssl=1 197w, https:\/\/i0.wp.com\/eltrabajo.cl\/portal\/wp-content\/uploads\/2014\/03\/Basura1.jpg?resize=300%2C227&amp;ssl=1 300w, https:\/\/i0.wp.com\/eltrabajo.cl\/portal\/wp-content\/uploads\/2014\/03\/Basura1.jpg?resize=150%2C113&amp;ssl=1 150w, https:\/\/i0.wp.com\/eltrabajo.cl\/portal\/wp-content\/uploads\/2014\/03\/Basura1.jpg?resize=400%2C303&amp;ssl=1 400w\" sizes=\"auto, (max-width: 529px) 100vw, 529px\" \/><\/a><figcaption id=\"caption-attachment-43845\" class=\"wp-caption-text\">Dos de los tres camiones destinados al mencionado servicio, se encontraban en \u2018panne\u2019 desde el d\u00eda martes 18 de febrero.<\/figcaption><\/figure>\n<p><strong>LLAY LLAY<\/strong>.- Debido a la problem\u00e1tica presentada en el sector rural por la acumulaci\u00f3n de basura en las \u00faltimas semanas, la Municipalidad de Llay Llay inform\u00f3 que por problemas mec\u00e1nicos, dos de los tres camiones destinados al mencionado servicio, se encontraban en \u2018panne\u2019 desde el d\u00eda martes 18 de febrero, quedando a disposici\u00f3n de toda la comunidad solamente un cami\u00f3n, el cual no alcanz\u00f3 a cubrir el sector rural en el \u00faltimo tiempo.<\/p>\n<p>Seg\u00fan informa el Alcalde (S) Luis Soto, actualmente los camiones est\u00e1n reparados, por lo que considerando el colapso que provoc\u00f3 esta situaci\u00f3n en la comunidad, se destin\u00f3 hacer retiro de residuos en el sector urbano, pendiente de la semana anterior, y colegios, entre el d\u00eda lunes 03 y el martes 04 de marzo. A partir del d\u00eda mi\u00e9rcoles 05 de marzo se retoma con normalidad el servicio para el sector rural y urbano.<\/p>\n<p>Luis Soto inform\u00f3 adem\u00e1s que la municipalidad no retirar\u00e1 m\u00e1s los tambores particulares que excedan los 60 litros, \u201cNo es algo que imponga la Municipalidad, sino que por Ley los trabajadores no pueden retirar m\u00e1s de ese peso. Con los contenedores de pl\u00e1stico de 400 litros no hay problema ya que el cami\u00f3n cuenta con alza contenedor, no as\u00ed para los tambores de fierros\u201d.<\/p>\n<p>Seg\u00fan dice la normativa Laboral Ley N\u00ba 20.001, que regula peso m\u00e1ximo de carga humana se hace necesario se\u00f1alar que a contar del d\u00eda 16 de agosto del a\u00f1o 2007, se debe utilizar carros de arrastre denominados contenedores para realizar el retiro de residuos domiciliarios. Se entiende que la Ley del Saco, regula la manipulaci\u00f3n, riesgos de salud y las condiciones f\u00edsicas del trabajador.<\/p>\n<p>El Alcalde (S) dijo adem\u00e1s, que este municipio est\u00e1 tomando todas las medidas que tiene a su alcance.<\/p>\n","protected":false},"excerpt":{"rendered":"<p>LLAY LLAY.- Debido a la problem\u00e1tica presentada en el sector rural por la acumulaci\u00f3n de basura en las \u00faltimas semanas, la Municipalidad de Llay Llay inform\u00f3 que por problemas mec\u00e1nicos, dos de&#8230;<\/p>\n","protected":false},"author":482,"featured_media":43845,"comment_status":"open","ping_status":"closed","sticky":false,"template":"","format":"standard","meta":{"advanced_seo_description":"","jetpack_seo_html_title":"","jetpack_seo_noindex":false,"_jetpack_memberships_contains_paid_content":false,"footnotes":""},"categories":[1],"tags":[],"class_list":["post-43844","post","type-post","status-publish","format-standard","has-post-thumbnail","hentry","category-cronica"],"jetpack_featured_media_url":"https:\/\/i0.wp.com\/eltrabajo.cl\/portal\/wp-content\/uploads\/2014\/03\/Basura1.jpg?fit=529%2C401&ssl=1","jetpack_sharing_enabled":true,"jetpack_likes_enabled":true,"jetpack-related-posts":[],"_links":{"self":[{"href":"https:\/\/eltrabajo.cl\/portal\/wp-json\/wp\/v2\/posts\/43844","targetHints":{"allow":["GET"]}}],"collection":[{"href":"https:\/\/eltrabajo.cl\/portal\/wp-json\/wp\/v2\/posts"}],"about":[{"href":"https:\/\/eltrabajo.cl\/portal\/wp-json\/wp\/v2\/types\/post"}],"author":[{"embeddable":true,"href":"https:\/\/eltrabajo.cl\/portal\/wp-json\/wp\/v2\/users\/482"}],"replies":[{"embeddable":true,"href":"https:\/\/eltrabajo.cl\/portal\/wp-json\/wp\/v2\/comments?post=43844"}],"version-history":[{"count":0,"href":"https:\/\/eltrabajo.cl\/portal\/wp-json\/wp\/v2\/posts\/43844\/revisions"}],"wp:featuredmedia":[{"embeddable":true,"href":"https:\/\/eltrabajo.cl\/portal\/wp-json\/wp\/v2\/media\/43845"}],"wp:attachment":[{"href":"https:\/\/eltrabajo.cl\/portal\/wp-json\/wp\/v2\/media?parent=43844"}],"wp:term":[{"taxonomy":"category","embeddable":true,"href":"https:\/\/eltrabajo.cl\/portal\/wp-json\/wp\/v2\/categories?post=43844"},{"taxonomy":"post_tag","embeddable":true,"href":"https:\/\/eltrabajo.cl\/portal\/wp-json\/wp\/v2\/tags?post=43844"}],"curies":[{"name":"wp","href":"https:\/\/api.w.org\/{rel}","templated":true}]}}