{"id":43848,"date":"2014-03-05T09:21:31","date_gmt":"2014-03-05T12:21:31","guid":{"rendered":"http:\/\/www.eltrabajo.cl\/portal\/?p=43848"},"modified":"2014-03-05T09:21:31","modified_gmt":"2014-03-05T12:21:31","slug":"inauguran-el-moderno-cesfam-dr-eduardo-raggio-de-catemu","status":"publish","type":"post","link":"https:\/\/eltrabajo.cl\/portal\/inauguran-el-moderno-cesfam-dr-eduardo-raggio-de-catemu\/","title":{"rendered":"Inauguran el moderno \u2018Cesfam Dr. Eduardo Raggio\u2019 de Catemu"},"content":{"rendered":"<figure id=\"attachment_43849\" aria-describedby=\"caption-attachment-43849\" style=\"width: 529px\" class=\"wp-caption alignnone\"><a href=\"https:\/\/i0.wp.com\/www.eltrabajo.cl\/portal\/wp-content\/uploads\/2014\/03\/CorteCinta1.jpg\"><img data-recalc-dims=\"1\" loading=\"lazy\" decoding=\"async\" class=\"size-full wp-image-43849\" alt=\"Con una inversi\u00f3n sectorial de m\u00e1s de $ 2.184 millones, este establecimiento se convierte en el N\u00b065 que se han entregado a lo largo del pa\u00eds.\" src=\"https:\/\/i0.wp.com\/www.eltrabajo.cl\/portal\/wp-content\/uploads\/2014\/03\/CorteCinta1.jpg?resize=529%2C305\" width=\"529\" height=\"305\" srcset=\"https:\/\/i0.wp.com\/eltrabajo.cl\/portal\/wp-content\/uploads\/2014\/03\/CorteCinta1.jpg?w=529&amp;ssl=1 529w, https:\/\/i0.wp.com\/eltrabajo.cl\/portal\/wp-content\/uploads\/2014\/03\/CorteCinta1.jpg?resize=200%2C115&amp;ssl=1 200w, https:\/\/i0.wp.com\/eltrabajo.cl\/portal\/wp-content\/uploads\/2014\/03\/CorteCinta1.jpg?resize=300%2C172&amp;ssl=1 300w, https:\/\/i0.wp.com\/eltrabajo.cl\/portal\/wp-content\/uploads\/2014\/03\/CorteCinta1.jpg?resize=150%2C86&amp;ssl=1 150w, https:\/\/i0.wp.com\/eltrabajo.cl\/portal\/wp-content\/uploads\/2014\/03\/CorteCinta1.jpg?resize=400%2C230&amp;ssl=1 400w\" sizes=\"auto, (max-width: 529px) 100vw, 529px\" \/><\/a><figcaption id=\"caption-attachment-43849\" class=\"wp-caption-text\">Con una inversi\u00f3n sectorial de m\u00e1s de $ 2.184 millones, este establecimiento se convierte en el N\u00b065 que se han entregado a lo largo del pa\u00eds.<\/figcaption><\/figure>\n<p><strong>CATEMU.<\/strong>&#8211; Presidida por el Subsecretario de Redes Asistenciales, Dr. Luis Castillo Fuenzalida, se realiz\u00f3 la ceremonia de inauguraci\u00f3n de la moderna infraestructura y equipamiento del nuevo Centro de Salud Familiar, Dr. Eduardo Raggio de Catemu, el cual luego de trece meses de construcci\u00f3n abre sus puertas para ponerse a disposici\u00f3n de los 14.000 usuarios de la comuna con una inversi\u00f3n de 2.000 millones de pesos.<\/p>\n<figure id=\"attachment_43850\" aria-describedby=\"caption-attachment-43850\" style=\"width: 423px\" class=\"wp-caption alignright\"><a href=\"https:\/\/i0.wp.com\/www.eltrabajo.cl\/portal\/wp-content\/uploads\/2014\/03\/CorteCinta3.jpg\"><img data-recalc-dims=\"1\" loading=\"lazy\" decoding=\"async\" class=\" wp-image-43850 \" alt=\"El Subsecretario de Redes Asistenciales, Dr. Luis Castillo Fuenzalida, particip\u00f3 en la ceremonia de inauguraci\u00f3n del nuevo Centro de Salud Familiar, Dr. Eduardo Raggio de  Catemu.\" src=\"https:\/\/i0.wp.com\/www.eltrabajo.cl\/portal\/wp-content\/uploads\/2014\/03\/CorteCinta3.jpg?resize=423%2C351\" width=\"423\" height=\"351\" srcset=\"https:\/\/i0.wp.com\/eltrabajo.cl\/portal\/wp-content\/uploads\/2014\/03\/CorteCinta3.jpg?w=529&amp;ssl=1 529w, https:\/\/i0.wp.com\/eltrabajo.cl\/portal\/wp-content\/uploads\/2014\/03\/CorteCinta3.jpg?resize=180%2C150&amp;ssl=1 180w, https:\/\/i0.wp.com\/eltrabajo.cl\/portal\/wp-content\/uploads\/2014\/03\/CorteCinta3.jpg?resize=300%2C248&amp;ssl=1 300w, https:\/\/i0.wp.com\/eltrabajo.cl\/portal\/wp-content\/uploads\/2014\/03\/CorteCinta3.jpg?resize=150%2C124&amp;ssl=1 150w, https:\/\/i0.wp.com\/eltrabajo.cl\/portal\/wp-content\/uploads\/2014\/03\/CorteCinta3.jpg?resize=400%2C331&amp;ssl=1 400w\" sizes=\"auto, (max-width: 423px) 100vw, 423px\" \/><\/a><figcaption id=\"caption-attachment-43850\" class=\"wp-caption-text\">El Subsecretario de Redes Asistenciales, Dr. Luis Castillo Fuenzalida, particip\u00f3 en la ceremonia de inauguraci\u00f3n del nuevo Centro de Salud Familiar, Dr. Eduardo Raggio de Catemu.<\/figcaption><\/figure>\n<p>\u201cDurante los \u00faltimos cuatro a\u00f1os hemos visto como la infraestructura de salud primaria en toda la zona de Aconcagua ha cambiado: En marzo de 2013 inauguramos junto a la comunidad el Cesfam Cordillera Andina de Los Andes; en junio del a\u00f1o pasado volvimos a la provincia a poner la primera piedra del Cesfam Centenario de Los Andes y en mayo de 2011, inauguramos el nuevo Cesfam de Llay Llay, que cuenta con un innovador sistema de agendamiento de Horas. Hoy, nuevamente ponemos en manos de la comunidad de Catemu un nuevo y moderno centro de salud familiar el n\u00famero 65 que ha entregado esta administraci\u00f3n a lo largo del pa\u00eds\u201d, se\u00f1al\u00f3 el Subsecretario de Redes Asistenciales, Dr. Luis Castillo Fuenzalida.<\/p>\n<p>El Alcalde Boris Luksic se refiri\u00f3 a la importancia de contar con esta nueva obra tanto para la comunidad de Catemu como para los funcionarios que all\u00ed se desempe\u00f1an. \u201cTenemos una cobertura hoy d\u00eda validada por Fonasa de 14.038 usuarios que porsupuesto que en el antiguo edificio de 800 mts. cuadrados se hac\u00eda bastante dificultoso el trabajo. Comenzamos a materializar este proyecto junto al Servicio de Salud Aconcagua, el Ministerio de Salud y el Gobierno Regional para por fin concretar esta obra que va a traer comodidad para los usuarios y para quienes trabajan all\u00ed. Estamos muy contentos porque esto va a permitir mejorar la atenci\u00f3n y entendemos que la comunidad as\u00ed lo percibe. Es un paso muy importante para la comuna y estamos orgullosos de liderar estos procesos de desarrollo para Catemu\u201d, dijo el edil.<\/p>\n<p>La Directora (S) del Servicio de Salud Aconcagua, Dra. Iris Boisier, respecto a la inversi\u00f3n y el modelo de salud implementado en la atenci\u00f3n primaria coment\u00f3 que \u201clas obras que hoy inauguramos han significado una inversi\u00f3n para el sector salud de poco m\u00e1s de 2.000 millones de pesos en obras civiles y equipamiento; pero hoy no s\u00f3lo quiero destacar la moderna infraestructura del establecimiento, sino el trabajo coordinado de los equipos de salud y la comunidad, a trav\u00e9s del modelo de atenci\u00f3n familiar y comunitario el cual potencia la responsabilidad de las familias para mejorar sus condiciones de salud\u201d.<\/p>\n<p><strong>EQUIPADO CON\u2026<\/strong><\/p>\n<p>El Cesfam Dr. Eduardo Raggio de Catemu es una obra de m\u00e1s de 1.600 metros cuadrados que representa una inversi\u00f3n sectorial de m\u00e1s de $ 2.184 millones, incluido equipamiento. El edificio cuenta con nueve box multiprop\u00f3sito; box ginecol\u00f3gicos; tres box dentales; tres box de salud mental; una sala de rehabilitaci\u00f3n; una sala de atenci\u00f3n oftalmol\u00f3gica; una sala estimulaci\u00f3n temprana; una sala de Rayos X dental; esterilizaci\u00f3n; una sala toma muestra; ecograf\u00eda; una sala IRA y ERA; curaci\u00f3n y tratamiento; vacunatorio; \u00e1reas administrativas; entrega y bodega PNAC y una Farmacia; sala multiuso; comedor y vestuarios funcionarios.<\/p>\n<p>La ceremonia estuvo marcada por varios momentos, uno de ellos el reconocimiento realizado por la Direcci\u00f3n del Servicio de Salud Aconcagua a la Directora del establecimiento, M. Elena Derderi\u00e1n, destacando el compromiso, liderazgo y trayectoria de quien ha sido un real aporte en el cumplimiento y manutenci\u00f3n de buenos indicadores sanitarios en la comuna de Catemu y quien por 12 a\u00f1os ha liderado la gesti\u00f3n del Cesfam.<\/p>\n<p>&nbsp;<\/p>\n","protected":false},"excerpt":{"rendered":"<p>CATEMU.&#8211; Presidida por el Subsecretario de Redes Asistenciales, Dr. Luis Castillo Fuenzalida, se realiz\u00f3 la ceremonia de inauguraci\u00f3n de la moderna infraestructura y equipamiento del nuevo Centro de Salud Familiar, Dr. Eduardo&#8230;<\/p>\n","protected":false},"author":482,"featured_media":43849,"comment_status":"open","ping_status":"closed","sticky":false,"template":"","format":"standard","meta":{"advanced_seo_description":"","jetpack_seo_html_title":"","jetpack_seo_noindex":false,"_jetpack_memberships_contains_paid_content":false,"footnotes":""},"categories":[1],"tags":[],"class_list":["post-43848","post","type-post","status-publish","format-standard","has-post-thumbnail","hentry","category-cronica"],"jetpack_featured_media_url":"https:\/\/i0.wp.com\/eltrabajo.cl\/portal\/wp-content\/uploads\/2014\/03\/CorteCinta1.jpg?fit=529%2C305&ssl=1","jetpack_sharing_enabled":true,"jetpack_likes_enabled":true,"jetpack-related-posts":[],"_links":{"self":[{"href":"https:\/\/eltrabajo.cl\/portal\/wp-json\/wp\/v2\/posts\/43848","targetHints":{"allow":["GET"]}}],"collection":[{"href":"https:\/\/eltrabajo.cl\/portal\/wp-json\/wp\/v2\/posts"}],"about":[{"href":"https:\/\/eltrabajo.cl\/portal\/wp-json\/wp\/v2\/types\/post"}],"author":[{"embeddable":true,"href":"https:\/\/eltrabajo.cl\/portal\/wp-json\/wp\/v2\/users\/482"}],"replies":[{"embeddable":true,"href":"https:\/\/eltrabajo.cl\/portal\/wp-json\/wp\/v2\/comments?post=43848"}],"version-history":[{"count":0,"href":"https:\/\/eltrabajo.cl\/portal\/wp-json\/wp\/v2\/posts\/43848\/revisions"}],"wp:featuredmedia":[{"embeddable":true,"href":"https:\/\/eltrabajo.cl\/portal\/wp-json\/wp\/v2\/media\/43849"}],"wp:attachment":[{"href":"https:\/\/eltrabajo.cl\/portal\/wp-json\/wp\/v2\/media?parent=43848"}],"wp:term":[{"taxonomy":"category","embeddable":true,"href":"https:\/\/eltrabajo.cl\/portal\/wp-json\/wp\/v2\/categories?post=43848"},{"taxonomy":"post_tag","embeddable":true,"href":"https:\/\/eltrabajo.cl\/portal\/wp-json\/wp\/v2\/tags?post=43848"}],"curies":[{"name":"wp","href":"https:\/\/api.w.org\/{rel}","templated":true}]}}