{"id":43853,"date":"2014-03-05T09:23:56","date_gmt":"2014-03-05T12:23:56","guid":{"rendered":"http:\/\/www.eltrabajo.cl\/portal\/?p=43853"},"modified":"2014-03-05T09:23:56","modified_gmt":"2014-03-05T12:23:56","slug":"comienza-proceso-de-forestacion-de-la-plaza-de-putaendo-impulsado-por-el-municipio","status":"publish","type":"post","link":"https:\/\/eltrabajo.cl\/portal\/comienza-proceso-de-forestacion-de-la-plaza-de-putaendo-impulsado-por-el-municipio\/","title":{"rendered":"Comienza proceso de forestaci\u00f3n de la plaza de Putaendo impulsado por el municipio"},"content":{"rendered":"<figure id=\"attachment_43854\" aria-describedby=\"caption-attachment-43854\" style=\"width: 528px\" class=\"wp-caption alignnone\"><a href=\"https:\/\/i0.wp.com\/www.eltrabajo.cl\/portal\/wp-content\/uploads\/2014\/03\/plaza1.jpg\"><img data-recalc-dims=\"1\" loading=\"lazy\" decoding=\"async\" class=\"size-full wp-image-43854\" alt=\"Cerca de 700 unidades entre \u00e1rboles, arbustos y plantas, formar\u00e1n parte del proceso de forestaci\u00f3n que est\u00e1 impulsando la Municipalidad de Putaendo.\" src=\"https:\/\/i0.wp.com\/www.eltrabajo.cl\/portal\/wp-content\/uploads\/2014\/03\/plaza1.jpg?resize=528%2C317\" width=\"528\" height=\"317\" srcset=\"https:\/\/i0.wp.com\/eltrabajo.cl\/portal\/wp-content\/uploads\/2014\/03\/plaza1.jpg?w=528&amp;ssl=1 528w, https:\/\/i0.wp.com\/eltrabajo.cl\/portal\/wp-content\/uploads\/2014\/03\/plaza1.jpg?resize=200%2C120&amp;ssl=1 200w, https:\/\/i0.wp.com\/eltrabajo.cl\/portal\/wp-content\/uploads\/2014\/03\/plaza1.jpg?resize=300%2C180&amp;ssl=1 300w, https:\/\/i0.wp.com\/eltrabajo.cl\/portal\/wp-content\/uploads\/2014\/03\/plaza1.jpg?resize=150%2C90&amp;ssl=1 150w, https:\/\/i0.wp.com\/eltrabajo.cl\/portal\/wp-content\/uploads\/2014\/03\/plaza1.jpg?resize=400%2C240&amp;ssl=1 400w\" sizes=\"auto, (max-width: 528px) 100vw, 528px\" \/><\/a><figcaption id=\"caption-attachment-43854\" class=\"wp-caption-text\">Cerca de 700 unidades entre \u00e1rboles, arbustos y plantas, formar\u00e1n parte del proceso de forestaci\u00f3n que est\u00e1 impulsando la Municipalidad de Putaendo.<\/figcaption><\/figure>\n<p><strong>PUTAENDO<\/strong>.- Cerca de 700 unidades entre \u00e1rboles, arbustos y plantas, formar\u00e1n parte del proceso de forestaci\u00f3n que est\u00e1 impulsando la Municipalidad de Putaendo en el marco de la remodelaci\u00f3n de la plaza de la comuna. La ma\u00f1ana de este martes el alcalde Guillermo Reyes, el director de SECPLAC y el Director de Obras de la Municipalidad de Putaendo hicieron entrega formal del terreno a la empresa Vivero El Almendral que se adjudic\u00f3 la licitaci\u00f3n p\u00fablica por un monto cercano a los $2.000.000 provenientes de fondos municipales propios y que deber\u00e1 plantar entre \u00e1rboles, arbustos y plantas una cantidad cercana a las 700 unidades en un plazo de 15 d\u00edas, lo que forma parte de la primera etapa de remodelaci\u00f3n de la Plaza de Putaendo.<\/p>\n<figure id=\"attachment_43855\" aria-describedby=\"caption-attachment-43855\" style=\"width: 423px\" class=\"wp-caption alignright\"><a href=\"https:\/\/i0.wp.com\/www.eltrabajo.cl\/portal\/wp-content\/uploads\/2014\/03\/plaza2.jpg\"><img data-recalc-dims=\"1\" loading=\"lazy\" decoding=\"async\" class=\" wp-image-43855 \" alt=\"El proyecto contempla arborizar y densificar la vegetaci\u00f3n con cercos bajos vegetativos y una fertilizaci\u00f3n de todos los jardines de la plaza de Putaendo.\" src=\"https:\/\/i0.wp.com\/www.eltrabajo.cl\/portal\/wp-content\/uploads\/2014\/03\/plaza2.jpg?resize=423%2C292\" width=\"423\" height=\"292\" srcset=\"https:\/\/i0.wp.com\/eltrabajo.cl\/portal\/wp-content\/uploads\/2014\/03\/plaza2.jpg?w=529&amp;ssl=1 529w, https:\/\/i0.wp.com\/eltrabajo.cl\/portal\/wp-content\/uploads\/2014\/03\/plaza2.jpg?resize=200%2C137&amp;ssl=1 200w, https:\/\/i0.wp.com\/eltrabajo.cl\/portal\/wp-content\/uploads\/2014\/03\/plaza2.jpg?resize=300%2C206&amp;ssl=1 300w, https:\/\/i0.wp.com\/eltrabajo.cl\/portal\/wp-content\/uploads\/2014\/03\/plaza2.jpg?resize=150%2C103&amp;ssl=1 150w, https:\/\/i0.wp.com\/eltrabajo.cl\/portal\/wp-content\/uploads\/2014\/03\/plaza2.jpg?resize=400%2C275&amp;ssl=1 400w\" sizes=\"auto, (max-width: 423px) 100vw, 423px\" \/><\/a><figcaption id=\"caption-attachment-43855\" class=\"wp-caption-text\">El proyecto contempla arborizar y densificar la vegetaci\u00f3n con cercos bajos vegetativos y una fertilizaci\u00f3n de todos los jardines de la plaza de Putaendo.<\/figcaption><\/figure>\n<p>El alcalde Guillermo Reyes dijo que en este proyecto de arborizaci\u00f3n se ha tomado la precauci\u00f3n de no incluir los lugares que sufrir\u00e1n modificaciones a prop\u00f3sito de la segunda etapa de remodelaci\u00f3n de la plaza e hizo un llamado a la comunidad y en especial para que los padres ense\u00f1en a sus hijos a cuidar los \u00e1rboles y plantas que formar\u00e1n parte de la nueva plaza, ya que indic\u00f3 que lamentablemente en otras ocasiones muchos \u00e1rboles y plantas fueron destruidos e incluso robados.<\/p>\n<p>Patricio Gallardo M.<\/p>\n<p>&nbsp;<\/p>\n","protected":false},"excerpt":{"rendered":"<p>PUTAENDO.- Cerca de 700 unidades entre \u00e1rboles, arbustos y plantas, formar\u00e1n parte del proceso de forestaci\u00f3n que est\u00e1 impulsando la Municipalidad de Putaendo en el marco de la remodelaci\u00f3n de la plaza&#8230;<\/p>\n","protected":false},"author":482,"featured_media":43854,"comment_status":"open","ping_status":"closed","sticky":false,"template":"","format":"standard","meta":{"advanced_seo_description":"","jetpack_seo_html_title":"","jetpack_seo_noindex":false,"_jetpack_memberships_contains_paid_content":false,"footnotes":""},"categories":[15],"tags":[],"class_list":["post-43853","post","type-post","status-publish","format-standard","has-post-thumbnail","hentry","category-comunidad"],"jetpack_featured_media_url":"https:\/\/i0.wp.com\/eltrabajo.cl\/portal\/wp-content\/uploads\/2014\/03\/plaza1.jpg?fit=528%2C317&ssl=1","jetpack_sharing_enabled":true,"jetpack_likes_enabled":true,"jetpack-related-posts":[],"_links":{"self":[{"href":"https:\/\/eltrabajo.cl\/portal\/wp-json\/wp\/v2\/posts\/43853","targetHints":{"allow":["GET"]}}],"collection":[{"href":"https:\/\/eltrabajo.cl\/portal\/wp-json\/wp\/v2\/posts"}],"about":[{"href":"https:\/\/eltrabajo.cl\/portal\/wp-json\/wp\/v2\/types\/post"}],"author":[{"embeddable":true,"href":"https:\/\/eltrabajo.cl\/portal\/wp-json\/wp\/v2\/users\/482"}],"replies":[{"embeddable":true,"href":"https:\/\/eltrabajo.cl\/portal\/wp-json\/wp\/v2\/comments?post=43853"}],"version-history":[{"count":0,"href":"https:\/\/eltrabajo.cl\/portal\/wp-json\/wp\/v2\/posts\/43853\/revisions"}],"wp:featuredmedia":[{"embeddable":true,"href":"https:\/\/eltrabajo.cl\/portal\/wp-json\/wp\/v2\/media\/43854"}],"wp:attachment":[{"href":"https:\/\/eltrabajo.cl\/portal\/wp-json\/wp\/v2\/media?parent=43853"}],"wp:term":[{"taxonomy":"category","embeddable":true,"href":"https:\/\/eltrabajo.cl\/portal\/wp-json\/wp\/v2\/categories?post=43853"},{"taxonomy":"post_tag","embeddable":true,"href":"https:\/\/eltrabajo.cl\/portal\/wp-json\/wp\/v2\/tags?post=43853"}],"curies":[{"name":"wp","href":"https:\/\/api.w.org\/{rel}","templated":true}]}}