{"id":43862,"date":"2014-03-05T09:26:09","date_gmt":"2014-03-05T12:26:09","guid":{"rendered":"http:\/\/www.eltrabajo.cl\/portal\/?p=43862"},"modified":"2014-03-05T09:26:09","modified_gmt":"2014-03-05T12:26:09","slug":"inauguran-mejoramiento-de-plazuela-de-sector-almendral-bajo","status":"publish","type":"post","link":"https:\/\/eltrabajo.cl\/portal\/inauguran-mejoramiento-de-plazuela-de-sector-almendral-bajo\/","title":{"rendered":"Inauguran mejoramiento de plazuela de sector Almendral Bajo"},"content":{"rendered":"<figure id=\"attachment_43863\" aria-describedby=\"caption-attachment-43863\" style=\"width: 528px\" class=\"wp-caption alignnone\"><a href=\"https:\/\/i0.wp.com\/www.eltrabajo.cl\/portal\/wp-content\/uploads\/2014\/03\/Plazuela1.jpg\"><img data-recalc-dims=\"1\" loading=\"lazy\" decoding=\"async\" class=\"size-full wp-image-43863\" alt=\"En horas de la tarde de este lunes, el Alcalde Patricio Freire inaugur\u00f3 el mejoramiento que se realiz\u00f3 en la plazuela del sector Almendral Bajo.\" src=\"https:\/\/i0.wp.com\/www.eltrabajo.cl\/portal\/wp-content\/uploads\/2014\/03\/Plazuela1.jpg?resize=528%2C360\" width=\"528\" height=\"360\" srcset=\"https:\/\/i0.wp.com\/eltrabajo.cl\/portal\/wp-content\/uploads\/2014\/03\/Plazuela1.jpg?w=528&amp;ssl=1 528w, https:\/\/i0.wp.com\/eltrabajo.cl\/portal\/wp-content\/uploads\/2014\/03\/Plazuela1.jpg?resize=200%2C136&amp;ssl=1 200w, https:\/\/i0.wp.com\/eltrabajo.cl\/portal\/wp-content\/uploads\/2014\/03\/Plazuela1.jpg?resize=300%2C204&amp;ssl=1 300w, https:\/\/i0.wp.com\/eltrabajo.cl\/portal\/wp-content\/uploads\/2014\/03\/Plazuela1.jpg?resize=150%2C102&amp;ssl=1 150w, https:\/\/i0.wp.com\/eltrabajo.cl\/portal\/wp-content\/uploads\/2014\/03\/Plazuela1.jpg?resize=400%2C272&amp;ssl=1 400w\" sizes=\"auto, (max-width: 528px) 100vw, 528px\" \/><\/a><figcaption id=\"caption-attachment-43863\" class=\"wp-caption-text\">En horas de la tarde de este lunes, el Alcalde Patricio Freire inaugur\u00f3 el mejoramiento que se realiz\u00f3 en la plazuela del sector Almendral Bajo.<\/figcaption><\/figure>\n<p>En horas de la tarde de este lunes, el Alcalde Patricio Freire inaugur\u00f3 el mejoramiento que se realiz\u00f3 en la plazuela del sector Almendral Bajo. Los trabajos fueron realizados en conjunto por los vecinos y funcionarios municipales, luego de que gestores territoriales de la Direcci\u00f3n de Desarrollo Comunitario se acercaran al sector para evaluar las necesidades de los vecinos. En el lugar fue mejorada la plazuela, fueron reparados los juegos infantiles que se ubican en el lugar e instalados dos bancos de plaza para que los vecinos puedan disfrutar del entorno y se limpi\u00f3 la maleza que cre\u00eda en los jardines.<\/p>\n<p>Los vecinos destacaron los trabajos que se realizaron en el lugar, especialmente el compromiso del Alcalde Freire con los sectores apartados del centro de la comuna.<\/p>\n<p>\u201cTen\u00edamos un sue\u00f1o, porque la reja estaba botada; los juegos estaban malos; sin pintar, faltaba pintura, faltaban muchas cosas; los \u00e1rboles estaban hasta abajo y llegaron los funcionarios de la Dideco ofreciendo la ayuda municipal y la aceptamos con cari\u00f1o y con el empe\u00f1o de los vecinos, ellos ayudaban a pintar y la directiva y los funcionarios de Dideco nos ayudaron mucho, por eso estoy muy agradecido. El alcalde se comprometi\u00f3 en su campa\u00f1a a ayudar y nos ha cumplido, por eso estoy agradecido de la Municipalidad\u201d, se\u00f1al\u00f3 Manuel Ponce, Presidente de la Junta de Vecinos.<\/p>\n<p>En la ceremonia fueron reconocidos los vecinos destacados del sector, que participaron en los trabajos de hermoseamiento, y entre ellos varios ni\u00f1os fueron distinguidos, a los que se sumaron el Alcalde Patricio Freire y el Director de Desarrollo Comunitario, Pablo Silva, por el apoyo que entregaron a los vecinos en el desarrollo de los trabajos.<\/p>\n<p>&nbsp;<\/p>\n","protected":false},"excerpt":{"rendered":"<p>En horas de la tarde de este lunes, el Alcalde Patricio Freire inaugur\u00f3 el mejoramiento que se realiz\u00f3 en la plazuela del sector Almendral Bajo. Los trabajos fueron realizados en conjunto por&#8230;<\/p>\n","protected":false},"author":482,"featured_media":43863,"comment_status":"open","ping_status":"closed","sticky":false,"template":"","format":"standard","meta":{"advanced_seo_description":"","jetpack_seo_html_title":"","jetpack_seo_noindex":false,"_jetpack_memberships_contains_paid_content":false,"footnotes":""},"categories":[15],"tags":[],"class_list":["post-43862","post","type-post","status-publish","format-standard","has-post-thumbnail","hentry","category-comunidad"],"jetpack_featured_media_url":"https:\/\/i0.wp.com\/eltrabajo.cl\/portal\/wp-content\/uploads\/2014\/03\/Plazuela1.jpg?fit=528%2C360&ssl=1","jetpack_sharing_enabled":true,"jetpack_likes_enabled":true,"jetpack-related-posts":[],"_links":{"self":[{"href":"https:\/\/eltrabajo.cl\/portal\/wp-json\/wp\/v2\/posts\/43862","targetHints":{"allow":["GET"]}}],"collection":[{"href":"https:\/\/eltrabajo.cl\/portal\/wp-json\/wp\/v2\/posts"}],"about":[{"href":"https:\/\/eltrabajo.cl\/portal\/wp-json\/wp\/v2\/types\/post"}],"author":[{"embeddable":true,"href":"https:\/\/eltrabajo.cl\/portal\/wp-json\/wp\/v2\/users\/482"}],"replies":[{"embeddable":true,"href":"https:\/\/eltrabajo.cl\/portal\/wp-json\/wp\/v2\/comments?post=43862"}],"version-history":[{"count":0,"href":"https:\/\/eltrabajo.cl\/portal\/wp-json\/wp\/v2\/posts\/43862\/revisions"}],"wp:featuredmedia":[{"embeddable":true,"href":"https:\/\/eltrabajo.cl\/portal\/wp-json\/wp\/v2\/media\/43863"}],"wp:attachment":[{"href":"https:\/\/eltrabajo.cl\/portal\/wp-json\/wp\/v2\/media?parent=43862"}],"wp:term":[{"taxonomy":"category","embeddable":true,"href":"https:\/\/eltrabajo.cl\/portal\/wp-json\/wp\/v2\/categories?post=43862"},{"taxonomy":"post_tag","embeddable":true,"href":"https:\/\/eltrabajo.cl\/portal\/wp-json\/wp\/v2\/tags?post=43862"}],"curies":[{"name":"wp","href":"https:\/\/api.w.org\/{rel}","templated":true}]}}