{"id":43865,"date":"2014-03-05T09:28:04","date_gmt":"2014-03-05T12:28:04","guid":{"rendered":"http:\/\/www.eltrabajo.cl\/portal\/?p=43865"},"modified":"2014-03-05T09:28:04","modified_gmt":"2014-03-05T12:28:04","slug":"empleados-de-epark-denuncian-que-les-descontara-tickets-devueltos","status":"publish","type":"post","link":"https:\/\/eltrabajo.cl\/portal\/empleados-de-epark-denuncian-que-les-descontara-tickets-devueltos\/","title":{"rendered":"Empleados de Epark denuncian que les descontar\u00e1 tickets devueltos"},"content":{"rendered":"<figure id=\"attachment_43866\" aria-describedby=\"caption-attachment-43866\" style=\"width: 529px\" class=\"wp-caption alignnone\"><a href=\"https:\/\/i0.wp.com\/www.eltrabajo.cl\/portal\/wp-content\/uploads\/2014\/03\/parquimetros.jpg\"><img data-recalc-dims=\"1\" loading=\"lazy\" decoding=\"async\" class=\"size-full wp-image-43866\" alt=\"La empresa encargada de los parqu\u00edmetros, Epark, fue denunciada por sus propios trabajadores por un proceder que ellos califican como \u2018ileg\u00edtimo\u2019.\" src=\"https:\/\/i0.wp.com\/www.eltrabajo.cl\/portal\/wp-content\/uploads\/2014\/03\/parquimetros.jpg?resize=529%2C358\" width=\"529\" height=\"358\" srcset=\"https:\/\/i0.wp.com\/eltrabajo.cl\/portal\/wp-content\/uploads\/2014\/03\/parquimetros.jpg?w=529&amp;ssl=1 529w, https:\/\/i0.wp.com\/eltrabajo.cl\/portal\/wp-content\/uploads\/2014\/03\/parquimetros.jpg?resize=200%2C135&amp;ssl=1 200w, https:\/\/i0.wp.com\/eltrabajo.cl\/portal\/wp-content\/uploads\/2014\/03\/parquimetros.jpg?resize=300%2C203&amp;ssl=1 300w, https:\/\/i0.wp.com\/eltrabajo.cl\/portal\/wp-content\/uploads\/2014\/03\/parquimetros.jpg?resize=150%2C101&amp;ssl=1 150w, https:\/\/i0.wp.com\/eltrabajo.cl\/portal\/wp-content\/uploads\/2014\/03\/parquimetros.jpg?resize=400%2C270&amp;ssl=1 400w\" sizes=\"auto, (max-width: 529px) 100vw, 529px\" \/><\/a><figcaption id=\"caption-attachment-43866\" class=\"wp-caption-text\">La empresa encargada de los parqu\u00edmetros, Epark, fue denunciada por sus propios trabajadores por un proceder que ellos califican como \u2018ileg\u00edtimo\u2019.<\/figcaption><\/figure>\n<p>Otra vez la empresa de Ingenier\u00eda y Transporte Epark Ltda. es noticia. Esta vez son los propios trabajadores quienes denuncian un proceder que ellos califican como \u2018ileg\u00edtimo\u2019. El Abogado Claudio G\u00f3mez se entrevist\u00f3 con ellos y se\u00f1al\u00f3 a Diario El Trabajo que \u201cme reun\u00ed con un grupo de doce trabajadores de la empresa de parqu\u00edmetros, quienes se dirig\u00edan camino a la Inspecci\u00f3n del Trabajo a interponer una denuncia, porque todos los cobros excesivos que la empresa ofreci\u00f3 devolver a los clientes, ser\u00edan descontados a los trabajadores. Esto me parece un abuso grave desde el punto de vista del derecho de los trabajadores, as\u00ed es que nos encontramos estudiando acciones legales laborales por parte de los trabajadores, y una acci\u00f3n colectiva por infracci\u00f3n a la Ley del Consumidor por parte de los usuarios\u201d.<\/p>\n<p>Finalmente el abogado se\u00f1al\u00f3 que \u201cla Municipalidad y la empresa han pedido disculpas p\u00fablicas a la comunidad, pero ello jam\u00e1s ser\u00e1 un eximente de responsabilidad\u201d.<\/p>\n<p>Uno de los trabajadores que tom\u00f3 la vocer\u00eda de los operarios, Marco Godoy, explic\u00f3 que \u201ca nosotros nos est\u00e1n descontando unos bonos que no sabemos por qu\u00e9. Incluso ahora nos anunciaron descuento por cualquier ticket que llevemos devuelta, es decir, cuando los usuarios se van sin pagar y nosotros llevamos el ticket a la empresa -porque si lo cerramos el saldo es contra nuestra- los jefes nos dicen que eso lo van a descontar a nosotros\u201d.<\/p>\n<p>Por \u00faltimo, el trabajador recalc\u00f3 que \u201cac\u00e1 todo est\u00e1 muy mal. Hay un desorden de la empresa, ha habido hostigamientos en terreno, y todo eso se lo denunciamos a la Inspecci\u00f3n del Trabajo, porque esto no puede continuar. Si nos quieren echar que lo hagan, pero que no nos obliguen a pagar por un dinero del que no somos responsables\u201d.<\/p>\n<p>Otra vez nuestro medio intent\u00f3 infructuosamente tener el parecer de la empresa ante estas denuncias, y la respuesta fue siempre la misma: \u201cno est\u00e1 la persona autorizada a hablar de este tema\u201d.<\/p>\n<p>&nbsp;<\/p>\n","protected":false},"excerpt":{"rendered":"<p>Otra vez la empresa de Ingenier\u00eda y Transporte Epark Ltda. es noticia. Esta vez son los propios trabajadores quienes denuncian un proceder que ellos califican como \u2018ileg\u00edtimo\u2019. El Abogado Claudio G\u00f3mez se&#8230;<\/p>\n","protected":false},"author":482,"featured_media":43866,"comment_status":"open","ping_status":"closed","sticky":false,"template":"","format":"standard","meta":{"advanced_seo_description":"","jetpack_seo_html_title":"","jetpack_seo_noindex":false,"_jetpack_memberships_contains_paid_content":false,"footnotes":""},"categories":[1],"tags":[],"class_list":["post-43865","post","type-post","status-publish","format-standard","has-post-thumbnail","hentry","category-cronica"],"jetpack_featured_media_url":"https:\/\/i0.wp.com\/eltrabajo.cl\/portal\/wp-content\/uploads\/2014\/03\/parquimetros.jpg?fit=529%2C358&ssl=1","jetpack_sharing_enabled":true,"jetpack_likes_enabled":true,"jetpack-related-posts":[],"_links":{"self":[{"href":"https:\/\/eltrabajo.cl\/portal\/wp-json\/wp\/v2\/posts\/43865","targetHints":{"allow":["GET"]}}],"collection":[{"href":"https:\/\/eltrabajo.cl\/portal\/wp-json\/wp\/v2\/posts"}],"about":[{"href":"https:\/\/eltrabajo.cl\/portal\/wp-json\/wp\/v2\/types\/post"}],"author":[{"embeddable":true,"href":"https:\/\/eltrabajo.cl\/portal\/wp-json\/wp\/v2\/users\/482"}],"replies":[{"embeddable":true,"href":"https:\/\/eltrabajo.cl\/portal\/wp-json\/wp\/v2\/comments?post=43865"}],"version-history":[{"count":0,"href":"https:\/\/eltrabajo.cl\/portal\/wp-json\/wp\/v2\/posts\/43865\/revisions"}],"wp:featuredmedia":[{"embeddable":true,"href":"https:\/\/eltrabajo.cl\/portal\/wp-json\/wp\/v2\/media\/43866"}],"wp:attachment":[{"href":"https:\/\/eltrabajo.cl\/portal\/wp-json\/wp\/v2\/media?parent=43865"}],"wp:term":[{"taxonomy":"category","embeddable":true,"href":"https:\/\/eltrabajo.cl\/portal\/wp-json\/wp\/v2\/categories?post=43865"},{"taxonomy":"post_tag","embeddable":true,"href":"https:\/\/eltrabajo.cl\/portal\/wp-json\/wp\/v2\/tags?post=43865"}],"curies":[{"name":"wp","href":"https:\/\/api.w.org\/{rel}","templated":true}]}}