{"id":43883,"date":"2014-03-05T09:37:55","date_gmt":"2014-03-05T12:37:55","guid":{"rendered":"http:\/\/www.eltrabajo.cl\/portal\/?p=43883"},"modified":"2014-03-05T09:37:55","modified_gmt":"2014-03-05T12:37:55","slug":"canalon-de-la-verguenza-comenzo-a-operar-a-modo-de-prueba","status":"publish","type":"post","link":"https:\/\/eltrabajo.cl\/portal\/canalon-de-la-verguenza-comenzo-a-operar-a-modo-de-prueba\/","title":{"rendered":"\u2018Canal\u00f3n de la verg\u00fcenza\u2019 comenz\u00f3 a operar a modo de prueba"},"content":{"rendered":"<figure id=\"attachment_43884\" aria-describedby=\"caption-attachment-43884\" style=\"width: 529px\" class=\"wp-caption alignnone\"><a href=\"https:\/\/i0.wp.com\/www.eltrabajo.cl\/portal\/wp-content\/uploads\/2014\/03\/canal%C3%B3n.jpg\"><img data-recalc-dims=\"1\" loading=\"lazy\" decoding=\"async\" class=\"size-full wp-image-43884\" alt=\"Tristeza y pesar para quienes defienden la poca agua que tenemos en la zona, provoc\u00f3 ver c\u00f3mo el agua fluye con abundancia hacia la tercera secci\u00f3n, llev\u00e1ndose m\u00e1s volumen que lo que hoy corre en el mismo R\u00edo Aconcagua.\" src=\"https:\/\/i0.wp.com\/www.eltrabajo.cl\/portal\/wp-content\/uploads\/2014\/03\/canal%C3%B3n.jpg?resize=529%2C358\" width=\"529\" height=\"358\" srcset=\"https:\/\/i0.wp.com\/eltrabajo.cl\/portal\/wp-content\/uploads\/2014\/03\/canal%C3%B3n.jpg?w=529&amp;ssl=1 529w, https:\/\/i0.wp.com\/eltrabajo.cl\/portal\/wp-content\/uploads\/2014\/03\/canal%C3%B3n.jpg?resize=200%2C135&amp;ssl=1 200w, https:\/\/i0.wp.com\/eltrabajo.cl\/portal\/wp-content\/uploads\/2014\/03\/canal%C3%B3n.jpg?resize=300%2C203&amp;ssl=1 300w, https:\/\/i0.wp.com\/eltrabajo.cl\/portal\/wp-content\/uploads\/2014\/03\/canal%C3%B3n.jpg?resize=150%2C101&amp;ssl=1 150w, https:\/\/i0.wp.com\/eltrabajo.cl\/portal\/wp-content\/uploads\/2014\/03\/canal%C3%B3n.jpg?resize=400%2C270&amp;ssl=1 400w\" sizes=\"auto, (max-width: 529px) 100vw, 529px\" \/><\/a><figcaption id=\"caption-attachment-43884\" class=\"wp-caption-text\">Tristeza y pesar para quienes defienden la poca agua que tenemos en la zona, provoc\u00f3 ver c\u00f3mo el agua fluye con abundancia hacia la tercera secci\u00f3n, llev\u00e1ndose m\u00e1s volumen que lo que hoy corre en el mismo R\u00edo Aconcagua.<\/figcaption><\/figure>\n<p>Desde este lunes los vecinos de San Felipe comenzaron a ver como el \u201ccanal\u00f3n de la verg\u00fcenza\u201d, comenz\u00f3 a conducir aguas transparentes y cristalinas hacia la denominada tercera secci\u00f3n del R\u00edo Aconcagua. En un principio las autoridades locales se mostraron sorprendidas, aunque con el correr de las horas se tuvo claridad de que corresponden a pruebas que se est\u00e1n haciendo para comprobar que todo el acueducto est\u00e9 100% operativo.<\/p>\n<p>La bater\u00eda de pozos existentes en Curim\u00f3n comenz\u00f3 a alimentar el canal que tuvo un costo de ejecuci\u00f3n superior a los 7.000 millones de pesos.<\/p>\n<p>Como se recordar\u00e1, el Coordinador H\u00eddrico Regional, Cristian V\u00e9liz, hab\u00eda anunciado que los pozos y el canal\u00f3n entrar\u00edan en funcionamiento a mediados de enero y \u201cpara calmar las aguas\u201d ofrecieron al municipio local la construcci\u00f3n de los pozos que se instalaron en el Estadio Fiscal, Plaza de Armas y estadio Municipal.<\/p>\n<p>La Gobernadora Patricia Boffa se\u00f1al\u00f3 que \u201cla bater\u00eda de pozos a\u00fan no est\u00e1 funcionando, lo que hemos visto son pruebas de funcionamiento y que permiten revisar c\u00f3mo se comporta el canal\u00f3n y los sifones, de hecho esto sirve para comprobar, por ejemplo, que uno de los sifones no est\u00e1 funcionando bien y deber\u00e1 ser reparado\u201d.<\/p>\n<p>\u201cNosotros tenemos el compromiso de la Direcci\u00f3n General de Aguas (DGA) de que se colocaba primero la malla de protecci\u00f3n en el sector de Villa 250 a\u00f1os, luego las pruebas de funcionamiento y reci\u00e9n se coordinar\u00eda el funcionamiento de los pozos y del canal\u00f3n\u201d, puntualiz\u00f3 Boffa.<\/p>\n<p>&nbsp;<\/p>\n","protected":false},"excerpt":{"rendered":"<p>Desde este lunes los vecinos de San Felipe comenzaron a ver como el \u201ccanal\u00f3n de la verg\u00fcenza\u201d, comenz\u00f3 a conducir aguas transparentes y cristalinas hacia la denominada tercera secci\u00f3n del R\u00edo Aconcagua&#8230;.<\/p>\n","protected":false},"author":482,"featured_media":43884,"comment_status":"open","ping_status":"closed","sticky":false,"template":"","format":"standard","meta":{"advanced_seo_description":"","jetpack_seo_html_title":"","jetpack_seo_noindex":false,"_jetpack_memberships_contains_paid_content":false,"footnotes":""},"categories":[1],"tags":[],"class_list":["post-43883","post","type-post","status-publish","format-standard","has-post-thumbnail","hentry","category-cronica"],"jetpack_featured_media_url":"https:\/\/i0.wp.com\/eltrabajo.cl\/portal\/wp-content\/uploads\/2014\/03\/canal%C3%B3n.jpg?fit=529%2C358&ssl=1","jetpack_sharing_enabled":true,"jetpack_likes_enabled":true,"jetpack-related-posts":[],"_links":{"self":[{"href":"https:\/\/eltrabajo.cl\/portal\/wp-json\/wp\/v2\/posts\/43883","targetHints":{"allow":["GET"]}}],"collection":[{"href":"https:\/\/eltrabajo.cl\/portal\/wp-json\/wp\/v2\/posts"}],"about":[{"href":"https:\/\/eltrabajo.cl\/portal\/wp-json\/wp\/v2\/types\/post"}],"author":[{"embeddable":true,"href":"https:\/\/eltrabajo.cl\/portal\/wp-json\/wp\/v2\/users\/482"}],"replies":[{"embeddable":true,"href":"https:\/\/eltrabajo.cl\/portal\/wp-json\/wp\/v2\/comments?post=43883"}],"version-history":[{"count":0,"href":"https:\/\/eltrabajo.cl\/portal\/wp-json\/wp\/v2\/posts\/43883\/revisions"}],"wp:featuredmedia":[{"embeddable":true,"href":"https:\/\/eltrabajo.cl\/portal\/wp-json\/wp\/v2\/media\/43884"}],"wp:attachment":[{"href":"https:\/\/eltrabajo.cl\/portal\/wp-json\/wp\/v2\/media?parent=43883"}],"wp:term":[{"taxonomy":"category","embeddable":true,"href":"https:\/\/eltrabajo.cl\/portal\/wp-json\/wp\/v2\/categories?post=43883"},{"taxonomy":"post_tag","embeddable":true,"href":"https:\/\/eltrabajo.cl\/portal\/wp-json\/wp\/v2\/tags?post=43883"}],"curies":[{"name":"wp","href":"https:\/\/api.w.org\/{rel}","templated":true}]}}