{"id":43893,"date":"2014-03-06T09:40:41","date_gmt":"2014-03-06T12:40:41","guid":{"rendered":"http:\/\/www.eltrabajo.cl\/portal\/?p=43893"},"modified":"2014-03-06T10:09:42","modified_gmt":"2014-03-06T13:09:42","slug":"gabriela-fuenzalida-asume-como-nueva-fiscal-en-el-ministerio-publico","status":"publish","type":"post","link":"https:\/\/eltrabajo.cl\/portal\/gabriela-fuenzalida-asume-como-nueva-fiscal-en-el-ministerio-publico\/","title":{"rendered":"Gabriela Fuenzalida asume como nueva fiscal en el Ministerio P\u00fablico"},"content":{"rendered":"<figure id=\"attachment_43894\" aria-describedby=\"caption-attachment-43894\" style=\"width: 317px\" class=\"wp-caption alignleft\"><img data-recalc-dims=\"1\" loading=\"lazy\" decoding=\"async\" class=\" wp-image-43894 \" alt=\"Fiscal del Ministerio P\u00fablico de Los Andes, Gabriela Fuenzalida Su\u00e1rez.\" src=\"https:\/\/i0.wp.com\/www.eltrabajo.cl\/portal\/wp-content\/uploads\/2014\/03\/fiscal_gabriela.jpg?resize=317%2C302\" width=\"317\" height=\"302\" srcset=\"https:\/\/i0.wp.com\/eltrabajo.cl\/portal\/wp-content\/uploads\/2014\/03\/fiscal_gabriela.jpg?w=528&amp;ssl=1 528w, https:\/\/i0.wp.com\/eltrabajo.cl\/portal\/wp-content\/uploads\/2014\/03\/fiscal_gabriela.jpg?resize=157%2C150&amp;ssl=1 157w, https:\/\/i0.wp.com\/eltrabajo.cl\/portal\/wp-content\/uploads\/2014\/03\/fiscal_gabriela.jpg?resize=300%2C286&amp;ssl=1 300w, https:\/\/i0.wp.com\/eltrabajo.cl\/portal\/wp-content\/uploads\/2014\/03\/fiscal_gabriela.jpg?resize=150%2C143&amp;ssl=1 150w, https:\/\/i0.wp.com\/eltrabajo.cl\/portal\/wp-content\/uploads\/2014\/03\/fiscal_gabriela.jpg?resize=400%2C381&amp;ssl=1 400w\" sizes=\"auto, (max-width: 317px) 100vw, 317px\" \/><\/a><figcaption id=\"caption-attachment-43894\" class=\"wp-caption-text\">Fiscal del Ministerio P\u00fablico de Los Andes, Gabriela Fuenzalida Su\u00e1rez.<\/figcaption><\/figure>\n<p><strong>LOS ANDES<\/strong>.- A contar de esta semana asumi\u00f3 en plenitud sus funciones la nueva Fiscal del Ministerio P\u00fablico de Los Andes, Gabriela Fuenzalida Su\u00e1rez. Fuenzalida reemplaza en el cargo al Fiscal Adjunto Pedro Aravena Arriagada, quien asumi\u00f3 otras funciones dentro del Ministerio P\u00fablico en la localidad de Talagante. La nueva persecutora penal tendr\u00e1 a su cargo las causas de Violencia intrafamiliar y Ley de responsabilidad penal adolescente.<\/p>\n<p>La Fiscal Gabriela Fuenzalida se titul\u00f3 el a\u00f1o 2001 despu\u00e9s de haber cursado sus estudios de Derecho en la Universidad Cat\u00f3lica de Valpara\u00edso. Luego de ello realiz\u00f3 un diplomado en Derecho procesal penal en la misma casa de estudios. Ingres\u00f3 al Ministerio P\u00fablico el a\u00f1o 2003 como Abogado asistente en la Fiscal\u00eda de Quillota y a partir de 2004 asume como Fiscal Adjunta en la Fiscal\u00eda de Talagante a cargo de la unidad de Delitos sexuales y Violencia intrafamiliar.<\/p>\n<p>Adem\u00e1s, fue jefa de esa fiscal\u00eda en calidad de subrogante por algunos per\u00edodos. La nueva fiscal, la tercera que ocupa ese cargo en Fiscal\u00eda de Los Andes desde el inicio de la Reforma Procesal Penal en 2003, declar\u00f3 sentirse feliz de poder volver a desempe\u00f1arse profesionalmente en nuestra regi\u00f3n, \u201cya que aqu\u00ed me form\u00e9 acad\u00e9micamente y ejerc\u00ed mis primeros trabajos. En mi compromiso con el Ministerio P\u00fablico de Chile he llegado a esta fiscal\u00eda local con gran entusiasmo y expectativas, con el desaf\u00edo de desarrollar mis funciones de la mejor manera posible y aportar mi experiencia de todos estos a\u00f1os de ejercicio profesional\u201d, expres\u00f3 la fiscal.<\/p>\n<p>Cabe recordar que anteriormente ejercieron como fiscales adjuntas en el Ministerio P\u00fablico de Los Andes las abogadas Claudia Garibaldi Deluchi y Claudia Cueto Estay.<\/p>\n<p>&nbsp;<\/p>\n","protected":false},"excerpt":{"rendered":"<p>LOS ANDES.- A contar de esta semana asumi\u00f3 en plenitud sus funciones la nueva Fiscal del Ministerio P\u00fablico de Los Andes, Gabriela Fuenzalida Su\u00e1rez. Fuenzalida reemplaza en el cargo al Fiscal Adjunto&#8230;<\/p>\n","protected":false},"author":482,"featured_media":43894,"comment_status":"open","ping_status":"closed","sticky":false,"template":"","format":"standard","meta":{"advanced_seo_description":"","jetpack_seo_html_title":"","jetpack_seo_noindex":false,"_jetpack_memberships_contains_paid_content":false,"footnotes":""},"categories":[1],"tags":[],"class_list":["post-43893","post","type-post","status-publish","format-standard","has-post-thumbnail","hentry","category-cronica"],"jetpack_featured_media_url":"https:\/\/i0.wp.com\/eltrabajo.cl\/portal\/wp-content\/uploads\/2014\/03\/fiscal_gabriela.jpg?fit=528%2C504&ssl=1","jetpack_sharing_enabled":true,"jetpack_likes_enabled":true,"jetpack-related-posts":[],"_links":{"self":[{"href":"https:\/\/eltrabajo.cl\/portal\/wp-json\/wp\/v2\/posts\/43893","targetHints":{"allow":["GET"]}}],"collection":[{"href":"https:\/\/eltrabajo.cl\/portal\/wp-json\/wp\/v2\/posts"}],"about":[{"href":"https:\/\/eltrabajo.cl\/portal\/wp-json\/wp\/v2\/types\/post"}],"author":[{"embeddable":true,"href":"https:\/\/eltrabajo.cl\/portal\/wp-json\/wp\/v2\/users\/482"}],"replies":[{"embeddable":true,"href":"https:\/\/eltrabajo.cl\/portal\/wp-json\/wp\/v2\/comments?post=43893"}],"version-history":[{"count":0,"href":"https:\/\/eltrabajo.cl\/portal\/wp-json\/wp\/v2\/posts\/43893\/revisions"}],"wp:featuredmedia":[{"embeddable":true,"href":"https:\/\/eltrabajo.cl\/portal\/wp-json\/wp\/v2\/media\/43894"}],"wp:attachment":[{"href":"https:\/\/eltrabajo.cl\/portal\/wp-json\/wp\/v2\/media?parent=43893"}],"wp:term":[{"taxonomy":"category","embeddable":true,"href":"https:\/\/eltrabajo.cl\/portal\/wp-json\/wp\/v2\/categories?post=43893"},{"taxonomy":"post_tag","embeddable":true,"href":"https:\/\/eltrabajo.cl\/portal\/wp-json\/wp\/v2\/tags?post=43893"}],"curies":[{"name":"wp","href":"https:\/\/api.w.org\/{rel}","templated":true}]}}