{"id":43897,"date":"2014-03-06T09:43:35","date_gmt":"2014-03-06T12:43:35","guid":{"rendered":"http:\/\/www.eltrabajo.cl\/portal\/?p=43897"},"modified":"2014-03-06T09:43:35","modified_gmt":"2014-03-06T12:43:35","slug":"bajisimo-publico-ha-asistido-a-la-hermosa-muestra-maestros-de-aconcagua","status":"publish","type":"post","link":"https:\/\/eltrabajo.cl\/portal\/bajisimo-publico-ha-asistido-a-la-hermosa-muestra-maestros-de-aconcagua\/","title":{"rendered":"Baj\u00edsimo p\u00fablico ha asistido a la hermosa muestra \u2018Maestros de Aconcagua\u2019"},"content":{"rendered":"<figure id=\"attachment_43898\" aria-describedby=\"caption-attachment-43898\" style=\"width: 529px\" class=\"wp-caption alignnone\"><a href=\"https:\/\/i0.wp.com\/www.eltrabajo.cl\/portal\/wp-content\/uploads\/2014\/03\/Sala-exposicion-hector-villarroel-y-raul-pizarro.jpg\"><img data-recalc-dims=\"1\" loading=\"lazy\" decoding=\"async\" class=\"size-full wp-image-43898\" alt=\"As\u00ed luc\u00eda este mi\u00e9rcoles el teatro de San Felipe convertido en sala de exposici\u00f3n. Sin duda una mala se\u00f1al de inter\u00e9s a una de las hermosas muestras exhibidas en el centro de la ciudad.\" src=\"https:\/\/i0.wp.com\/www.eltrabajo.cl\/portal\/wp-content\/uploads\/2014\/03\/Sala-exposicion-hector-villarroel-y-raul-pizarro.jpg?resize=529%2C359\" width=\"529\" height=\"359\" srcset=\"https:\/\/i0.wp.com\/eltrabajo.cl\/portal\/wp-content\/uploads\/2014\/03\/Sala-exposicion-hector-villarroel-y-raul-pizarro.jpg?w=529&amp;ssl=1 529w, https:\/\/i0.wp.com\/eltrabajo.cl\/portal\/wp-content\/uploads\/2014\/03\/Sala-exposicion-hector-villarroel-y-raul-pizarro.jpg?resize=200%2C135&amp;ssl=1 200w, https:\/\/i0.wp.com\/eltrabajo.cl\/portal\/wp-content\/uploads\/2014\/03\/Sala-exposicion-hector-villarroel-y-raul-pizarro.jpg?resize=300%2C203&amp;ssl=1 300w, https:\/\/i0.wp.com\/eltrabajo.cl\/portal\/wp-content\/uploads\/2014\/03\/Sala-exposicion-hector-villarroel-y-raul-pizarro.jpg?resize=150%2C101&amp;ssl=1 150w, https:\/\/i0.wp.com\/eltrabajo.cl\/portal\/wp-content\/uploads\/2014\/03\/Sala-exposicion-hector-villarroel-y-raul-pizarro.jpg?resize=400%2C271&amp;ssl=1 400w\" sizes=\"auto, (max-width: 529px) 100vw, 529px\" \/><\/a><figcaption id=\"caption-attachment-43898\" class=\"wp-caption-text\">As\u00ed luc\u00eda este mi\u00e9rcoles el teatro de San Felipe convertido en sala de exposici\u00f3n. Sin duda una mala se\u00f1al de inter\u00e9s a una de las hermosas muestras exhibidas en el centro de la ciudad.<\/figcaption><\/figure>\n<p>En el Teatro Municipal de San Felipe se desarrolla la exposici\u00f3n de pinturas \u2018Maestros de Aconcagua\u2019, en la que se pretende homenajear a los artistas pl\u00e1sticos H\u00e9ctor Viallarroel, y Ra\u00fal Pizarro. La muestra se desarrolla desde el 3 al 8 de marzo y cuenta con m\u00e1s de 50 cuadros in\u00e9ditos de ambos artistas. Al momento de inaugurarse la muestra, la actividad cont\u00f3 con gran marco de p\u00fablico, pero con el pasar de los d\u00edas el inter\u00e9s no se ha manifestado en la medida justa para tan maravillosa exposici\u00f3n.<\/p>\n<p>&nbsp;<\/p>\n<figure id=\"attachment_43899\" aria-describedby=\"caption-attachment-43899\" style=\"width: 423px\" class=\"wp-caption alignright\"><a href=\"https:\/\/i0.wp.com\/www.eltrabajo.cl\/portal\/wp-content\/uploads\/2014\/03\/Publico-asistente-1.jpg\"><img data-recalc-dims=\"1\" loading=\"lazy\" decoding=\"async\" class=\" wp-image-43899 \" alt=\"El escaso p\u00fablico  que visit\u00f3 este mi\u00e9rcoles la muestra qued\u00f3 maravillado con las im\u00e1genes que nos ofrecen los artistas aconcag\u00fcinos H\u00e9ctor Villarroel y Ra\u00fal Pizarro.\" src=\"https:\/\/i0.wp.com\/www.eltrabajo.cl\/portal\/wp-content\/uploads\/2014\/03\/Publico-asistente-1.jpg?resize=423%2C286\" width=\"423\" height=\"286\" srcset=\"https:\/\/i0.wp.com\/eltrabajo.cl\/portal\/wp-content\/uploads\/2014\/03\/Publico-asistente-1.jpg?w=529&amp;ssl=1 529w, https:\/\/i0.wp.com\/eltrabajo.cl\/portal\/wp-content\/uploads\/2014\/03\/Publico-asistente-1.jpg?resize=200%2C135&amp;ssl=1 200w, https:\/\/i0.wp.com\/eltrabajo.cl\/portal\/wp-content\/uploads\/2014\/03\/Publico-asistente-1.jpg?resize=300%2C203&amp;ssl=1 300w, https:\/\/i0.wp.com\/eltrabajo.cl\/portal\/wp-content\/uploads\/2014\/03\/Publico-asistente-1.jpg?resize=150%2C101&amp;ssl=1 150w, https:\/\/i0.wp.com\/eltrabajo.cl\/portal\/wp-content\/uploads\/2014\/03\/Publico-asistente-1.jpg?resize=400%2C270&amp;ssl=1 400w\" sizes=\"auto, (max-width: 423px) 100vw, 423px\" \/><\/a><figcaption id=\"caption-attachment-43899\" class=\"wp-caption-text\">El escaso p\u00fablico que visit\u00f3 este mi\u00e9rcoles la muestra qued\u00f3 maravillado con las im\u00e1genes que nos ofrecen los artistas aconcag\u00fcinos H\u00e9ctor Villarroel y Ra\u00fal Pizarro.<\/figcaption><\/figure>\n<p>Luisa Aguirre es una de las personas que ha visitado la muestra y asegura sentirse muy emocionada de la muestra. \u201cEs preciosa la muestra, de verdad que emociona ver estos cuadros que son muy representativos de nuestra zona. Es como que le hubieran sacado una foto a la se\u00f1ora de este cuadro (se refiere a la pintura \u2018Partiendo Almendras\u2019). La gente deber\u00eda venir a ver esto. Tan linda muestra no merece tener la sala vac\u00eda\u201d.<\/p>\n<p>Lo mismo se\u00f1ala \u00c1lvaro Cataldo, quien es dise\u00f1ador y recalca que \u201ces un trabajo muy delicado, realista y con abundancia de detalles que lo transportan a uno a alg\u00fan rinc\u00f3n del valle\u201d.<\/p>\n<p>El joven profesional recalca la falta de aprecio por la cultura en nuestra zona. En efecto Diario El Trabajo pudo conocer que solo unas 500 personas han visitado la muestra por lo que vale la pena escuchar el mensaje del maestro Ra\u00fal Pizarro, que se\u00f1ala que \u201ceste es un saludo a la comuna de San Felipe, y quiero hacer un alcance, la gente que ha entrado es adulta y de la tercera edad, hemos notado una ausencia de los j\u00f3venes y ni\u00f1os. Por nosotros que esta sala est\u00e9 llena de j\u00f3venes y ni\u00f1os. Yo hago un llamado: pap\u00e1s de san Felipe, traigan a sus ni\u00f1os, profesores traigan a sus alumnos, uno de los placeres de la vida es disfrutar del arte, y ac\u00e1 pueden disfrutar de ese placer\u201d.<\/p>\n<p>Diario El Trabajo se suma a ese llamado, y es de esperar que el n\u00famero de asistentes a la muestra aumente los pr\u00f3ximos d\u00edas. La sala est\u00e1 abierta desde las 10 de la ma\u00f1ana y la entrada es completamente liberada.<\/p>\n<p>&nbsp;<\/p>\n","protected":false},"excerpt":{"rendered":"<p>En el Teatro Municipal de San Felipe se desarrolla la exposici\u00f3n de pinturas \u2018Maestros de Aconcagua\u2019, en la que se pretende homenajear a los artistas pl\u00e1sticos H\u00e9ctor Viallarroel, y Ra\u00fal Pizarro. La&#8230;<\/p>\n","protected":false},"author":482,"featured_media":43898,"comment_status":"open","ping_status":"closed","sticky":false,"template":"","format":"standard","meta":{"advanced_seo_description":"","jetpack_seo_html_title":"","jetpack_seo_noindex":false,"_jetpack_memberships_contains_paid_content":false,"footnotes":""},"categories":[15],"tags":[],"class_list":["post-43897","post","type-post","status-publish","format-standard","has-post-thumbnail","hentry","category-comunidad"],"jetpack_featured_media_url":"https:\/\/i0.wp.com\/eltrabajo.cl\/portal\/wp-content\/uploads\/2014\/03\/Sala-exposicion-hector-villarroel-y-raul-pizarro.jpg?fit=529%2C359&ssl=1","jetpack_sharing_enabled":true,"jetpack_likes_enabled":true,"jetpack-related-posts":[],"_links":{"self":[{"href":"https:\/\/eltrabajo.cl\/portal\/wp-json\/wp\/v2\/posts\/43897","targetHints":{"allow":["GET"]}}],"collection":[{"href":"https:\/\/eltrabajo.cl\/portal\/wp-json\/wp\/v2\/posts"}],"about":[{"href":"https:\/\/eltrabajo.cl\/portal\/wp-json\/wp\/v2\/types\/post"}],"author":[{"embeddable":true,"href":"https:\/\/eltrabajo.cl\/portal\/wp-json\/wp\/v2\/users\/482"}],"replies":[{"embeddable":true,"href":"https:\/\/eltrabajo.cl\/portal\/wp-json\/wp\/v2\/comments?post=43897"}],"version-history":[{"count":0,"href":"https:\/\/eltrabajo.cl\/portal\/wp-json\/wp\/v2\/posts\/43897\/revisions"}],"wp:featuredmedia":[{"embeddable":true,"href":"https:\/\/eltrabajo.cl\/portal\/wp-json\/wp\/v2\/media\/43898"}],"wp:attachment":[{"href":"https:\/\/eltrabajo.cl\/portal\/wp-json\/wp\/v2\/media?parent=43897"}],"wp:term":[{"taxonomy":"category","embeddable":true,"href":"https:\/\/eltrabajo.cl\/portal\/wp-json\/wp\/v2\/categories?post=43897"},{"taxonomy":"post_tag","embeddable":true,"href":"https:\/\/eltrabajo.cl\/portal\/wp-json\/wp\/v2\/tags?post=43897"}],"curies":[{"name":"wp","href":"https:\/\/api.w.org\/{rel}","templated":true}]}}