{"id":43902,"date":"2014-03-06T09:47:45","date_gmt":"2014-03-06T12:47:45","guid":{"rendered":"http:\/\/www.eltrabajo.cl\/portal\/?p=43902"},"modified":"2014-03-06T10:09:06","modified_gmt":"2014-03-06T13:09:06","slug":"alumnos-de-oficios-de-herreria-y-forja-y-exponen-en-el-ciem-aconcagua","status":"publish","type":"post","link":"https:\/\/eltrabajo.cl\/portal\/alumnos-de-oficios-de-herreria-y-forja-y-exponen-en-el-ciem-aconcagua\/","title":{"rendered":"Alumnos de Oficios de Herrer\u00eda y Forja y exponen en el Ciem Aconcagua"},"content":{"rendered":"<figure id=\"attachment_43903\" aria-describedby=\"caption-attachment-43903\" style=\"width: 529px\" class=\"wp-caption alignnone\"><img data-recalc-dims=\"1\" loading=\"lazy\" decoding=\"async\" class=\"size-full wp-image-43903\" alt=\"Durante todo el mes de marzo se mantendr\u00e1 en exhibici\u00f3n en la galer\u00eda de artes de la Corporaci\u00f3n Ciem Aconcagua del Almendral.\" src=\"https:\/\/i0.wp.com\/www.eltrabajo.cl\/portal\/wp-content\/uploads\/2014\/03\/Ciem1.jpg?resize=529%2C358\" width=\"529\" height=\"358\" srcset=\"https:\/\/i0.wp.com\/eltrabajo.cl\/portal\/wp-content\/uploads\/2014\/03\/Ciem1.jpg?w=529&amp;ssl=1 529w, https:\/\/i0.wp.com\/eltrabajo.cl\/portal\/wp-content\/uploads\/2014\/03\/Ciem1.jpg?resize=200%2C135&amp;ssl=1 200w, https:\/\/i0.wp.com\/eltrabajo.cl\/portal\/wp-content\/uploads\/2014\/03\/Ciem1.jpg?resize=300%2C203&amp;ssl=1 300w, https:\/\/i0.wp.com\/eltrabajo.cl\/portal\/wp-content\/uploads\/2014\/03\/Ciem1.jpg?resize=150%2C101&amp;ssl=1 150w, https:\/\/i0.wp.com\/eltrabajo.cl\/portal\/wp-content\/uploads\/2014\/03\/Ciem1.jpg?resize=400%2C270&amp;ssl=1 400w\" sizes=\"auto, (max-width: 529px) 100vw, 529px\" \/><\/a><figcaption id=\"caption-attachment-43903\" class=\"wp-caption-text\">Durante todo el mes de marzo se mantendr\u00e1 en exhibici\u00f3n en la galer\u00eda de artes de la Corporaci\u00f3n Ciem Aconcagua del Almendral.<\/figcaption><\/figure>\n<p>Con la presencia de la Pro-Rectora de la Universidad de Playa Ancha, Upla, Carmen Ib\u00e1\u00f1ez; del Vicerrector de la Upla San Felipe, Oscar Valenzuela; de la Directora Ejecutiva de la Fundaci\u00f3n Upla Ana Auger, alumnos de los Oficios de Herrer\u00eda y Forja y de Orfebrer\u00eda montaron una exposici\u00f3n en la que se destac\u00f3 la creatividad y el esp\u00edritu art\u00edstico en cada una de las piezas que durante todo el mes de marzo se mantendr\u00e1 en exhibici\u00f3n en la galer\u00eda de artes de la Corporaci\u00f3n Ciem Aconcagua del Almendral.<\/p>\n<figure id=\"attachment_43904\" aria-describedby=\"caption-attachment-43904\" style=\"width: 370px\" class=\"wp-caption alignright\"><a href=\"https:\/\/i0.wp.com\/www.eltrabajo.cl\/portal\/wp-content\/uploads\/2014\/03\/Ciem2.jpg\"><img data-recalc-dims=\"1\" loading=\"lazy\" decoding=\"async\" class=\" wp-image-43904 \" alt=\"Alumnos de los Oficios de Herrer\u00eda y Forja y de Orfebrer\u00eda montaron una exposici\u00f3n en la que se destac\u00f3 la creatividad y el esp\u00edritu art\u00edstico en cada una de las piezas.\" src=\"https:\/\/i0.wp.com\/www.eltrabajo.cl\/portal\/wp-content\/uploads\/2014\/03\/Ciem2.jpg?resize=370%2C251\" width=\"370\" height=\"251\" srcset=\"https:\/\/i0.wp.com\/eltrabajo.cl\/portal\/wp-content\/uploads\/2014\/03\/Ciem2.jpg?w=529&amp;ssl=1 529w, https:\/\/i0.wp.com\/eltrabajo.cl\/portal\/wp-content\/uploads\/2014\/03\/Ciem2.jpg?resize=200%2C135&amp;ssl=1 200w, https:\/\/i0.wp.com\/eltrabajo.cl\/portal\/wp-content\/uploads\/2014\/03\/Ciem2.jpg?resize=300%2C203&amp;ssl=1 300w, https:\/\/i0.wp.com\/eltrabajo.cl\/portal\/wp-content\/uploads\/2014\/03\/Ciem2.jpg?resize=150%2C101&amp;ssl=1 150w, https:\/\/i0.wp.com\/eltrabajo.cl\/portal\/wp-content\/uploads\/2014\/03\/Ciem2.jpg?resize=400%2C271&amp;ssl=1 400w\" sizes=\"auto, (max-width: 370px) 100vw, 370px\" \/><\/a><figcaption id=\"caption-attachment-43904\" class=\"wp-caption-text\">Alumnos de los Oficios de Herrer\u00eda y Forja y de Orfebrer\u00eda montaron una exposici\u00f3n en la que se destac\u00f3 la creatividad y el esp\u00edritu art\u00edstico en cada una de las piezas.<\/figcaption><\/figure>\n<p>Junto con calificarla de gratificante la actividad, la Carmen Ib\u00e1\u00f1ez resalt\u00f3 la voluntad de crear de los alumnos y el valor de la tarea formativa que todo el cuerpo docente y la instituci\u00f3n entregan. \u201cEs destacable lo que han realizado los alumnos, la aplicaci\u00f3n de su esp\u00edritu creativo y su voluntad de algo distinto. Es notable la tarea formativa de los profesores y de nuestra instituci\u00f3n. Hay una influencia transformadora que se expresa en estas piezas y que proyecta ese cambio que nos interesa entregar\u201d.<\/p>\n<p>En sus intervenciones y pr\u00f3ximo a finalizar sus estudios, los alumnos valoraron la posibilidad de aprender un oficio completamente gratuito, recibir un subsidio para sus estudios y un aporte al t\u00e9rmino de su carrera para iniciar emprendimientos laborales que aumenten sus ingresos y mejoren su calidad de vida y el bienestar de su familia.<\/p>\n<p>Sentidas palabras expresaron tambi\u00e9n los profesores, quienes insistieron en entregar todos sus conocimientos a j\u00f3venes y personas que realmente est\u00e1n interesadas en adquirir o aumentar sus competencias laborales para comenzar nuevos proyectos y una nueva vida.<\/p>\n<figure id=\"attachment_43905\" aria-describedby=\"caption-attachment-43905\" style=\"width: 370px\" class=\"wp-caption alignleft\"><a href=\"https:\/\/i0.wp.com\/www.eltrabajo.cl\/portal\/wp-content\/uploads\/2014\/03\/Ciem4.jpg\"><img data-recalc-dims=\"1\" loading=\"lazy\" decoding=\"async\" class=\" wp-image-43905 \" alt=\"Se destaca en esta jornada la creatividad y el esp\u00edritu art\u00edstico en cada una de las piezas que durante todo el mes de marzo se mantendr\u00e1 en exhibici\u00f3n en la galer\u00eda de artes de la Corporaci\u00f3n Ciem Aconcagua del Almendral.\" src=\"https:\/\/i0.wp.com\/www.eltrabajo.cl\/portal\/wp-content\/uploads\/2014\/03\/Ciem4.jpg?resize=370%2C251\" width=\"370\" height=\"251\" srcset=\"https:\/\/i0.wp.com\/eltrabajo.cl\/portal\/wp-content\/uploads\/2014\/03\/Ciem4.jpg?w=529&amp;ssl=1 529w, https:\/\/i0.wp.com\/eltrabajo.cl\/portal\/wp-content\/uploads\/2014\/03\/Ciem4.jpg?resize=200%2C135&amp;ssl=1 200w, https:\/\/i0.wp.com\/eltrabajo.cl\/portal\/wp-content\/uploads\/2014\/03\/Ciem4.jpg?resize=300%2C203&amp;ssl=1 300w, https:\/\/i0.wp.com\/eltrabajo.cl\/portal\/wp-content\/uploads\/2014\/03\/Ciem4.jpg?resize=150%2C101&amp;ssl=1 150w, https:\/\/i0.wp.com\/eltrabajo.cl\/portal\/wp-content\/uploads\/2014\/03\/Ciem4.jpg?resize=400%2C270&amp;ssl=1 400w\" sizes=\"auto, (max-width: 370px) 100vw, 370px\" \/><\/a><figcaption id=\"caption-attachment-43905\" class=\"wp-caption-text\">Se destaca en esta jornada la creatividad y el esp\u00edritu art\u00edstico en cada una de las piezas que durante todo el mes de marzo se mantendr\u00e1 en exhibici\u00f3n en la galer\u00eda de artes de la Corporaci\u00f3n Ciem Aconcagua del Almendral.<\/figcaption><\/figure>\n<p>A su vez, los alumnos de Hoteler\u00eda y Restoraci\u00f3n y Cocina fueron ovacionados por el despliegue que realizaron en la recepci\u00f3n y c\u00f3ctel que m\u00e1s de 100 personas disfrutaron y compartieron en la velada.<\/p>\n<p>Finalmente, su directora ejecutiva reiter\u00f3 el llamado a los j\u00f3venes y a todos los interesados del Valle de Aconcagua para que se informaran sobre las nuevas postulaciones y se acercaran a las oficinas de la Fundaci\u00f3n Upla Aconcagua, ubicada en Chacabuco 88, Los Andes, fonos 34-2394567 \/ 2394568, fundacionuplalosandes@upla.cl, y consultaran sobre los requisitos para ingresar a los Oficios que comenzar\u00e1n a impartirse en las pr\u00f3ximas semanas.<\/p>\n<p>&nbsp;<\/p>\n","protected":false},"excerpt":{"rendered":"<p>Con la presencia de la Pro-Rectora de la Universidad de Playa Ancha, Upla, Carmen Ib\u00e1\u00f1ez; del Vicerrector de la Upla San Felipe, Oscar Valenzuela; de la Directora Ejecutiva de la Fundaci\u00f3n Upla&#8230;<\/p>\n","protected":false},"author":482,"featured_media":43903,"comment_status":"open","ping_status":"closed","sticky":false,"template":"","format":"standard","meta":{"advanced_seo_description":"","jetpack_seo_html_title":"","jetpack_seo_noindex":false,"_jetpack_memberships_contains_paid_content":false,"footnotes":""},"categories":[15],"tags":[],"class_list":["post-43902","post","type-post","status-publish","format-standard","has-post-thumbnail","hentry","category-comunidad"],"jetpack_featured_media_url":"https:\/\/i0.wp.com\/eltrabajo.cl\/portal\/wp-content\/uploads\/2014\/03\/Ciem1.jpg?fit=529%2C358&ssl=1","jetpack_sharing_enabled":true,"jetpack_likes_enabled":true,"jetpack-related-posts":[],"_links":{"self":[{"href":"https:\/\/eltrabajo.cl\/portal\/wp-json\/wp\/v2\/posts\/43902","targetHints":{"allow":["GET"]}}],"collection":[{"href":"https:\/\/eltrabajo.cl\/portal\/wp-json\/wp\/v2\/posts"}],"about":[{"href":"https:\/\/eltrabajo.cl\/portal\/wp-json\/wp\/v2\/types\/post"}],"author":[{"embeddable":true,"href":"https:\/\/eltrabajo.cl\/portal\/wp-json\/wp\/v2\/users\/482"}],"replies":[{"embeddable":true,"href":"https:\/\/eltrabajo.cl\/portal\/wp-json\/wp\/v2\/comments?post=43902"}],"version-history":[{"count":0,"href":"https:\/\/eltrabajo.cl\/portal\/wp-json\/wp\/v2\/posts\/43902\/revisions"}],"wp:featuredmedia":[{"embeddable":true,"href":"https:\/\/eltrabajo.cl\/portal\/wp-json\/wp\/v2\/media\/43903"}],"wp:attachment":[{"href":"https:\/\/eltrabajo.cl\/portal\/wp-json\/wp\/v2\/media?parent=43902"}],"wp:term":[{"taxonomy":"category","embeddable":true,"href":"https:\/\/eltrabajo.cl\/portal\/wp-json\/wp\/v2\/categories?post=43902"},{"taxonomy":"post_tag","embeddable":true,"href":"https:\/\/eltrabajo.cl\/portal\/wp-json\/wp\/v2\/tags?post=43902"}],"curies":[{"name":"wp","href":"https:\/\/api.w.org\/{rel}","templated":true}]}}