{"id":43911,"date":"2014-03-06T09:52:11","date_gmt":"2014-03-06T12:52:11","guid":{"rendered":"http:\/\/www.eltrabajo.cl\/portal\/?p=43911"},"modified":"2014-03-06T10:08:33","modified_gmt":"2014-03-06T13:08:33","slug":"miles-de-peques-sanfelipenos-arrancan-con-el-ano-escolar","status":"publish","type":"post","link":"https:\/\/eltrabajo.cl\/portal\/miles-de-peques-sanfelipenos-arrancan-con-el-ano-escolar\/","title":{"rendered":"Miles de peques sanfelipe\u00f1os arrancan con el a\u00f1o escolar"},"content":{"rendered":"<figure id=\"attachment_43912\" aria-describedby=\"caption-attachment-43912\" style=\"width: 529px\" class=\"wp-caption alignnone\"><img data-recalc-dims=\"1\" loading=\"lazy\" decoding=\"async\" class=\"size-full wp-image-43912\" alt=\"Los alumnos y profesores de la Escuela Mateo Cokljat Knezic estaban felices pues este a\u00f1o las autoridades comunales de San Felipe eligieron ese establecimiento para lanzar el a\u00f1o escolar 2014.\" src=\"https:\/\/i0.wp.com\/www.eltrabajo.cl\/portal\/wp-content\/uploads\/2014\/03\/escuela-porta.jpg?resize=529%2C358\" width=\"529\" height=\"358\" srcset=\"https:\/\/i0.wp.com\/eltrabajo.cl\/portal\/wp-content\/uploads\/2014\/03\/escuela-porta.jpg?w=529&amp;ssl=1 529w, https:\/\/i0.wp.com\/eltrabajo.cl\/portal\/wp-content\/uploads\/2014\/03\/escuela-porta.jpg?resize=200%2C135&amp;ssl=1 200w, https:\/\/i0.wp.com\/eltrabajo.cl\/portal\/wp-content\/uploads\/2014\/03\/escuela-porta.jpg?resize=300%2C203&amp;ssl=1 300w, https:\/\/i0.wp.com\/eltrabajo.cl\/portal\/wp-content\/uploads\/2014\/03\/escuela-porta.jpg?resize=150%2C101&amp;ssl=1 150w, https:\/\/i0.wp.com\/eltrabajo.cl\/portal\/wp-content\/uploads\/2014\/03\/escuela-porta.jpg?resize=400%2C270&amp;ssl=1 400w\" sizes=\"auto, (max-width: 529px) 100vw, 529px\" \/><\/a><figcaption id=\"caption-attachment-43912\" class=\"wp-caption-text\">Los alumnos y profesores de la Escuela Mateo Cokljat Knezic estaban felices pues este a\u00f1o las autoridades comunales de San Felipe eligieron ese establecimiento para lanzar el a\u00f1o escolar 2014.<\/figcaption><\/figure>\n<p>Cerca de 350 peque\u00f1itos de la Escuela Bernardo O\u2019higgins de San Felipe iniciaron con alegr\u00eda este mi\u00e9rcoles el a\u00f1o escolar 2014. Estos estudiantes son atendidos por un personal de 40 personeros en el \u00e1rea docente liderada por el Director Sebasti\u00e1n Candia, quien inform\u00f3 a Diario El Trabajo que \u00abadem\u00e1s de los programas ya propios de nuestras escuela, este a\u00f1o contamos con un televisor de plasma para los cursos de ingl\u00e9s, mucho material did\u00e1ctico nuevo y hasta una estaci\u00f3n meteorol\u00f3gica para que los estudiantes aprendan a conocer el funcionamiento del clima y c\u00f3mo entenderlo\u00bb, coment\u00f3 Candia.<\/p>\n<figure id=\"attachment_43913\" aria-describedby=\"caption-attachment-43913\" style=\"width: 370px\" class=\"wp-caption alignright\"><a href=\"https:\/\/i0.wp.com\/www.eltrabajo.cl\/portal\/wp-content\/uploads\/2014\/03\/Estacion1.jpg\"><img data-recalc-dims=\"1\" loading=\"lazy\" decoding=\"async\" class=\" wp-image-43913 \" alt=\"\u00a1A ESTUDIAR!.- Los peque\u00f1itos Jes\u00fas \u00c1lvarez, Mallerly Santos y las hermanitas Antonia y Bel\u00e9n Orellana, mostraron a Diario El Trabajo la estaci\u00f3n meteorol\u00f3gica con la que trabajar\u00e1n en 2014.\" src=\"https:\/\/i0.wp.com\/www.eltrabajo.cl\/portal\/wp-content\/uploads\/2014\/03\/Estacion1.jpg?resize=370%2C251\" width=\"370\" height=\"251\" srcset=\"https:\/\/i0.wp.com\/eltrabajo.cl\/portal\/wp-content\/uploads\/2014\/03\/Estacion1.jpg?w=529&amp;ssl=1 529w, https:\/\/i0.wp.com\/eltrabajo.cl\/portal\/wp-content\/uploads\/2014\/03\/Estacion1.jpg?resize=200%2C135&amp;ssl=1 200w, https:\/\/i0.wp.com\/eltrabajo.cl\/portal\/wp-content\/uploads\/2014\/03\/Estacion1.jpg?resize=300%2C203&amp;ssl=1 300w, https:\/\/i0.wp.com\/eltrabajo.cl\/portal\/wp-content\/uploads\/2014\/03\/Estacion1.jpg?resize=150%2C101&amp;ssl=1 150w, https:\/\/i0.wp.com\/eltrabajo.cl\/portal\/wp-content\/uploads\/2014\/03\/Estacion1.jpg?resize=400%2C270&amp;ssl=1 400w\" sizes=\"auto, (max-width: 370px) 100vw, 370px\" \/><\/a><figcaption id=\"caption-attachment-43913\" class=\"wp-caption-text\">\u00a1A ESTUDIAR!.- Los peque\u00f1itos Jes\u00fas \u00c1lvarez, Mallerly Santos y las hermanitas Antonia y Bel\u00e9n Orellana, mostraron a Diario El Trabajo la estaci\u00f3n meteorol\u00f3gica con la que trabajar\u00e1n en 2014.<\/figcaption><\/figure>\n<p>Pero las risas y juegos no solamente inundan a partir de este mi\u00e9rcoles esa escuela, pues tambi\u00e9n los alumnos y profesores de la Escuela Mateo Cokljat Knezic estaban felices pues este a\u00f1o las autoridades comunales de San Felipe eligieron ese establecimiento para lanzar el a\u00f1o escolar 2014. Aunque les cost\u00f3 levantarse por la ma\u00f1ana, aseguraron estar felices de reencontrarse con sus compa\u00f1eros.<\/p>\n<p>&nbsp;<\/p>\n","protected":false},"excerpt":{"rendered":"<p>Cerca de 350 peque\u00f1itos de la Escuela Bernardo O\u2019higgins de San Felipe iniciaron con alegr\u00eda este mi\u00e9rcoles el a\u00f1o escolar 2014. Estos estudiantes son atendidos por un personal de 40 personeros en&#8230;<\/p>\n","protected":false},"author":482,"featured_media":43912,"comment_status":"open","ping_status":"closed","sticky":false,"template":"","format":"standard","meta":{"advanced_seo_description":"","jetpack_seo_html_title":"","jetpack_seo_noindex":false,"_jetpack_memberships_contains_paid_content":false,"footnotes":""},"categories":[15],"tags":[],"class_list":["post-43911","post","type-post","status-publish","format-standard","has-post-thumbnail","hentry","category-comunidad"],"jetpack_featured_media_url":"https:\/\/i0.wp.com\/eltrabajo.cl\/portal\/wp-content\/uploads\/2014\/03\/escuela-porta.jpg?fit=529%2C358&ssl=1","jetpack_sharing_enabled":true,"jetpack_likes_enabled":true,"jetpack-related-posts":[],"_links":{"self":[{"href":"https:\/\/eltrabajo.cl\/portal\/wp-json\/wp\/v2\/posts\/43911","targetHints":{"allow":["GET"]}}],"collection":[{"href":"https:\/\/eltrabajo.cl\/portal\/wp-json\/wp\/v2\/posts"}],"about":[{"href":"https:\/\/eltrabajo.cl\/portal\/wp-json\/wp\/v2\/types\/post"}],"author":[{"embeddable":true,"href":"https:\/\/eltrabajo.cl\/portal\/wp-json\/wp\/v2\/users\/482"}],"replies":[{"embeddable":true,"href":"https:\/\/eltrabajo.cl\/portal\/wp-json\/wp\/v2\/comments?post=43911"}],"version-history":[{"count":0,"href":"https:\/\/eltrabajo.cl\/portal\/wp-json\/wp\/v2\/posts\/43911\/revisions"}],"wp:featuredmedia":[{"embeddable":true,"href":"https:\/\/eltrabajo.cl\/portal\/wp-json\/wp\/v2\/media\/43912"}],"wp:attachment":[{"href":"https:\/\/eltrabajo.cl\/portal\/wp-json\/wp\/v2\/media?parent=43911"}],"wp:term":[{"taxonomy":"category","embeddable":true,"href":"https:\/\/eltrabajo.cl\/portal\/wp-json\/wp\/v2\/categories?post=43911"},{"taxonomy":"post_tag","embeddable":true,"href":"https:\/\/eltrabajo.cl\/portal\/wp-json\/wp\/v2\/tags?post=43911"}],"curies":[{"name":"wp","href":"https:\/\/api.w.org\/{rel}","templated":true}]}}