{"id":43917,"date":"2014-03-06T09:56:40","date_gmt":"2014-03-06T12:56:40","guid":{"rendered":"http:\/\/www.eltrabajo.cl\/portal\/?p=43917"},"modified":"2014-03-06T10:08:10","modified_gmt":"2014-03-06T13:08:10","slug":"aconcaguinos-fuman-lo-mismo-a-un-ano-de-entrada-en-vigencia-nueva-ley-del-tabaco","status":"publish","type":"post","link":"https:\/\/eltrabajo.cl\/portal\/aconcaguinos-fuman-lo-mismo-a-un-ano-de-entrada-en-vigencia-nueva-ley-del-tabaco\/","title":{"rendered":"Aconcag\u00fcinos fuman lo mismo a un a\u00f1o de entrada en vigencia nueva Ley del Tabaco"},"content":{"rendered":"<figure id=\"attachment_43918\" aria-describedby=\"caption-attachment-43918\" style=\"width: 529px\" class=\"wp-caption alignnone\"><img data-recalc-dims=\"1\" loading=\"lazy\" decoding=\"async\" class=\"size-full wp-image-43918\" alt=\"Cecilia Villalobos dice que la nueva ley no le ha ayudado en nada a dejar de fumar, pero reconoce que para los no fumadores fue un alivio.\" src=\"https:\/\/i0.wp.com\/www.eltrabajo.cl\/portal\/wp-content\/uploads\/2014\/03\/clientas.jpg?resize=529%2C401\" width=\"529\" height=\"401\" srcset=\"https:\/\/i0.wp.com\/eltrabajo.cl\/portal\/wp-content\/uploads\/2014\/03\/clientas.jpg?w=529&amp;ssl=1 529w, https:\/\/i0.wp.com\/eltrabajo.cl\/portal\/wp-content\/uploads\/2014\/03\/clientas.jpg?resize=197%2C150&amp;ssl=1 197w, https:\/\/i0.wp.com\/eltrabajo.cl\/portal\/wp-content\/uploads\/2014\/03\/clientas.jpg?resize=300%2C227&amp;ssl=1 300w, https:\/\/i0.wp.com\/eltrabajo.cl\/portal\/wp-content\/uploads\/2014\/03\/clientas.jpg?resize=150%2C113&amp;ssl=1 150w, https:\/\/i0.wp.com\/eltrabajo.cl\/portal\/wp-content\/uploads\/2014\/03\/clientas.jpg?resize=400%2C303&amp;ssl=1 400w\" sizes=\"auto, (max-width: 529px) 100vw, 529px\" \/><\/a><figcaption id=\"caption-attachment-43918\" class=\"wp-caption-text\">Cecilia Villalobos dice que la nueva ley no le ha ayudado en nada a dejar de fumar, pero reconoce que para los no fumadores fue un alivio.<\/figcaption><\/figure>\n<p>A un a\u00f1o de entrada en vigencia la llamada Ley del Tabaco, fuimos a algunos locales de bebida y restaurantes para conocer de los administradores las modificaciones que tuvieron que hacer para dar cabida a fumadores y no fumadores en un mismo recinto. No fue dif\u00edcil encontrar los carteles indicando los diminutos espacios sin techo para que los fumadores puedan estar. En general se trata de terrazas habilitadas para ello, porque seg\u00fan el lugar es el tipo de p\u00fablico que los frecuenta. As\u00ed mientras los pubs tienen imperante n\u00famero de fumadores, los caf\u00e9s y pasteler\u00edas con autoservicio mantienen ambientes mayoritariamente libres de humo.<\/p>\n<p>Mariana Valle, Administradora de Racconto San Felipe, dice que \u201cno hay gran diferencia, porque los clientes se acomodaron a los cambios. Antes entraban al sal\u00f3n a comer y fumaban ah\u00ed. Ahora la \u00fanica diferencia es que comen adentro y salen a fumar afuera\u201d.<\/p>\n<p>Para dicho local el espacio destinado para fumadores solo tiene seis mesas, y es muy com\u00fan que coman en el sal\u00f3n m\u00e1s grande y libre de humos, para luego tomarse un caf\u00e9 o un bajativo en la terraza que habilitamos para fumadores.<\/p>\n<p>Los Clientes. Sin duda los casinos son los m\u00e1s golpeados con la nueva medida, puesto que debieron realizar los mayores cambios habilitando salas de juego con ventilaci\u00f3n especial, pero a\u00fan no han podido habilitar mesas de juego distintas a las tragamonedas.<\/p>\n<p>Eso le ha pasado la cuenta ya que los mismos casinos han reportado bajas en el consumo de juego debido, entre otras cosas a la mencionada ley de tabaco. En uno de esos espacios encontramos a \u2018Carla\u2019, que se\u00f1al\u00f3 que mientras est\u00e1n en el casino se limitan mucho en el consumo porque antes \u201cfum\u00e1bamos y jug\u00e1bamos, ahora hay que salir a fumar afuera y da lata por el fr\u00edo o por no perder lo entretenido del juego, entonces ah\u00ed si yo siento que la nueva ley ayuda a fumar menos. Yo, por ejemplo pas\u00e9 de fumar diez cigarros a fumarme s\u00f3lo uno, porque da lata salir a fumar\u201d.<\/p>\n<p>Para Cecilia Villalobos la nueva ley es \u2018llevadera\u2019, ya que uno siempre encuentra el espacio para fumar, en ese sentido no veo que ayude mucho al que es fumador, pero al que no fuma claro que le ayuda, uno ya no ve las caras largas de la gente cuando enciende un cigarro. Pienso que el tener cada uno su espacio permite a los no fumadores sentirse mucho m\u00e1s tranquilos, en mi caso al menos no me ha ayudado en nada, sigo fumando lo mismo y m\u00e1s encima te van reduciendo los espacios y ah\u00ed yo encuentro que las leyes son muy restrictivas para el fumador, porque para el alcohol hay espacios suficientes, en cambio para nosotros no\u201d.<\/p>\n<p>Al final hablamos con cerca de 20 personas, de las cuales s\u00f3lo una asegur\u00f3 fumar menos con la modificaci\u00f3n de la ley, el resto dijo no haber alterado sus h\u00e1bitos, aunque todos concluyeron que para los no fumadores esta modificaci\u00f3n legal es ciertamente m\u00e1s \u2018respirable\u2019.<\/p>\n<p><strong>LA LEY DICE\u2026<\/strong><\/p>\n<p>El 1 de marzo de 2013 comenz\u00f3 a regir la Ley del tabaco (Ley N\u00b020.660), que aumenta las restricciones al consumo, venta y publicidad del cigarro.<\/p>\n<p>Esta nueva ley proh\u00edbe fumar en lugares cerrados accesibles al p\u00fablico o de uso comercial colectivo. Para tal efecto, un espacio cerrado es todo aquel que est\u00e9 cubierto por un techo adosado a una o m\u00e1s paredes (independientemente del material utilizado, de la existencia de puertas o ventanas y si la estructura es permanente o temporal).<\/p>\n<p>Tampoco se permite fumar en terrazas que no est\u00e9n al aire libre o tengan un techo que se encuentre pegado a un muro. En los recintos deportivos, estadios o gimnasios, no se puede fumar cuando se encuentran abiertos, aunque el administrador del establecimiento puede habilitar \u00e1reas para fumadores. Esta prohibici\u00f3n se aplica tanto para actividades deportivas, art\u00edsticas o musicales como los conciertos.<\/p>\n<div class=\"tiled-gallery type-rectangular tiled-gallery-unresized\" data-original-width=\"640\" data-carousel-extra='null' itemscope itemtype=\"http:\/\/schema.org\/ImageGallery\" > <div class=\"gallery-row\" style=\"width: 640px; height: 295px;\" data-original-width=\"640\" data-original-height=\"295\" > <div class=\"gallery-group images-1\" style=\"width: 252px; height: 295px;\" data-original-width=\"252\" data-original-height=\"295\" > <div class=\"tiled-gallery-item tiled-gallery-item-small\" itemprop=\"associatedMedia\" itemscope itemtype=\"http:\/\/schema.org\/ImageObject\"> <a href=\"https:\/\/eltrabajo.cl\/portal\/aconcaguinos-fuman-lo-mismo-a-un-ano-de-entrada-en-vigencia-nueva-ley-del-tabaco\/administradora\/\" border=\"0\" itemprop=\"url\"> <meta itemprop=\"width\" content=\"248\"> <meta itemprop=\"height\" content=\"291\"> <img decoding=\"async\" class=\"\" data-attachment-id=\"43920\" data-orig-file=\"https:\/\/eltrabajo.cl\/portal\/wp-content\/uploads\/2014\/03\/administradora.jpg\" data-orig-size=\"529,621\" data-comments-opened=\"1\" data-image-meta=\"{&quot;aperture&quot;:&quot;0&quot;,&quot;credit&quot;:&quot;&quot;,&quot;camera&quot;:&quot;LG-P708g&quot;,&quot;caption&quot;:&quot;&quot;,&quot;created_timestamp&quot;:&quot;1039348800&quot;,&quot;copyright&quot;:&quot;&quot;,&quot;focal_length&quot;:&quot;4.31&quot;,&quot;iso&quot;:&quot;1532&quot;,&quot;shutter_speed&quot;:&quot;0.09&quot;,&quot;title&quot;:&quot;&quot;}\" data-image-title=\"administradora\" data-image-description=\"&lt;p&gt;Mariana Valle, Administradora de Racconto San Felipe, asegura que en su local se adaptaron para que el cliente tenga la posibilidad de elegir entre una zona libre de humo y un espacio donde conversar fum\u00e1ndose un cigarro.&lt;\/p&gt; \" data-medium-file=\"https:\/\/i0.wp.com\/eltrabajo.cl\/portal\/wp-content\/uploads\/2014\/03\/administradora.jpg?fit=255%2C300&#038;ssl=1\" data-large-file=\"https:\/\/i0.wp.com\/eltrabajo.cl\/portal\/wp-content\/uploads\/2014\/03\/administradora.jpg?fit=529%2C621&#038;ssl=1\" src=\"https:\/\/i0.wp.com\/eltrabajo.cl\/portal\/wp-content\/uploads\/2014\/03\/administradora.jpg?w=248&#038;h=291&#038;ssl=1\" srcset=\"https:\/\/i0.wp.com\/eltrabajo.cl\/portal\/wp-content\/uploads\/2014\/03\/administradora.jpg?w=529&amp;ssl=1 529w, https:\/\/i0.wp.com\/eltrabajo.cl\/portal\/wp-content\/uploads\/2014\/03\/administradora.jpg?resize=127%2C150&amp;ssl=1 127w, https:\/\/i0.wp.com\/eltrabajo.cl\/portal\/wp-content\/uploads\/2014\/03\/administradora.jpg?resize=255%2C300&amp;ssl=1 255w, https:\/\/i0.wp.com\/eltrabajo.cl\/portal\/wp-content\/uploads\/2014\/03\/administradora.jpg?resize=400%2C469&amp;ssl=1 400w\" width=\"248\" height=\"291\" loading=\"lazy\" data-original-width=\"248\" data-original-height=\"291\" itemprop=\"http:\/\/schema.org\/image\" title=\"administradora\" alt=\"Mariana Valle, Administradora de Racconto San Felipe, asegura que en su local se adaptaron para que el cliente tenga la posibilidad de elegir entre una zona libre de humo y un espacio donde conversar fum\u00e1ndose un cigarro.\" style=\"width: 248px; height: 291px;\" \/> <\/a> <div class=\"tiled-gallery-caption\" itemprop=\"caption description\"> Mariana Valle, Administradora de Racconto San Felipe, asegura que en su local se adaptaron para que el cliente tenga la posibilidad de elegir entre una zona libre de humo y un espacio donde conversar fum\u00e1ndose un cigarro. <\/div> <\/div> <\/div> <!-- close group --> <div class=\"gallery-group images-1\" style=\"width: 388px; height: 295px;\" data-original-width=\"388\" data-original-height=\"295\" > <div class=\"tiled-gallery-item tiled-gallery-item-large\" itemprop=\"associatedMedia\" itemscope itemtype=\"http:\/\/schema.org\/ImageObject\"> <a href=\"https:\/\/eltrabajo.cl\/portal\/aconcaguinos-fuman-lo-mismo-a-un-ano-de-entrada-en-vigencia-nueva-ley-del-tabaco\/letrero\/\" border=\"0\" itemprop=\"url\"> <meta itemprop=\"width\" content=\"384\"> <meta itemprop=\"height\" content=\"291\"> <img decoding=\"async\" class=\"\" data-attachment-id=\"43919\" data-orig-file=\"https:\/\/eltrabajo.cl\/portal\/wp-content\/uploads\/2014\/03\/letrero.jpg\" data-orig-size=\"529,401\" data-comments-opened=\"1\" data-image-meta=\"{&quot;aperture&quot;:&quot;0&quot;,&quot;credit&quot;:&quot;&quot;,&quot;camera&quot;:&quot;LG-P708g&quot;,&quot;caption&quot;:&quot;&quot;,&quot;created_timestamp&quot;:&quot;1039348800&quot;,&quot;copyright&quot;:&quot;&quot;,&quot;focal_length&quot;:&quot;4.31&quot;,&quot;iso&quot;:&quot;297&quot;,&quot;shutter_speed&quot;:&quot;0.00999&quot;,&quot;title&quot;:&quot;&quot;}\" data-image-title=\"letrero\" data-image-description=\"&lt;p&gt;Todos los locales con \u00e1reas para fumadores y libres de humo mantienen debidamente se\u00f1alizado a qu\u00e9 grupo corresponde cada \u00e1rea.&lt;\/p&gt; \" data-medium-file=\"https:\/\/i0.wp.com\/eltrabajo.cl\/portal\/wp-content\/uploads\/2014\/03\/letrero.jpg?fit=300%2C227&#038;ssl=1\" data-large-file=\"https:\/\/i0.wp.com\/eltrabajo.cl\/portal\/wp-content\/uploads\/2014\/03\/letrero.jpg?fit=529%2C401&#038;ssl=1\" src=\"https:\/\/i0.wp.com\/eltrabajo.cl\/portal\/wp-content\/uploads\/2014\/03\/letrero.jpg?w=384&#038;h=291&#038;ssl=1\" srcset=\"https:\/\/i0.wp.com\/eltrabajo.cl\/portal\/wp-content\/uploads\/2014\/03\/letrero.jpg?w=529&amp;ssl=1 529w, https:\/\/i0.wp.com\/eltrabajo.cl\/portal\/wp-content\/uploads\/2014\/03\/letrero.jpg?resize=197%2C150&amp;ssl=1 197w, https:\/\/i0.wp.com\/eltrabajo.cl\/portal\/wp-content\/uploads\/2014\/03\/letrero.jpg?resize=300%2C227&amp;ssl=1 300w, https:\/\/i0.wp.com\/eltrabajo.cl\/portal\/wp-content\/uploads\/2014\/03\/letrero.jpg?resize=150%2C113&amp;ssl=1 150w, https:\/\/i0.wp.com\/eltrabajo.cl\/portal\/wp-content\/uploads\/2014\/03\/letrero.jpg?resize=400%2C303&amp;ssl=1 400w\" width=\"384\" height=\"291\" loading=\"lazy\" data-original-width=\"384\" data-original-height=\"291\" itemprop=\"http:\/\/schema.org\/image\" title=\"letrero\" alt=\"Todos los locales con \u00e1reas para fumadores y libres de humo mantienen debidamente se\u00f1alizado a qu\u00e9 grupo corresponde cada \u00e1rea.\" style=\"width: 384px; height: 291px;\" \/> <\/a> <div class=\"tiled-gallery-caption\" itemprop=\"caption description\"> Todos los locales con \u00e1reas para fumadores y libres de humo mantienen debidamente se\u00f1alizado a qu\u00e9 grupo corresponde cada \u00e1rea. <\/div> <\/div> <\/div> <!-- close group --> <\/div> <!-- close row --> <\/div>\n<p>&nbsp;<\/p>\n","protected":false},"excerpt":{"rendered":"<p>A un a\u00f1o de entrada en vigencia la llamada Ley del Tabaco, fuimos a algunos locales de bebida y restaurantes para conocer de los administradores las modificaciones que tuvieron que hacer para&#8230;<\/p>\n","protected":false},"author":482,"featured_media":43918,"comment_status":"open","ping_status":"closed","sticky":false,"template":"","format":"standard","meta":{"advanced_seo_description":"","jetpack_seo_html_title":"","jetpack_seo_noindex":false,"_jetpack_memberships_contains_paid_content":false,"footnotes":""},"categories":[1],"tags":[],"class_list":["post-43917","post","type-post","status-publish","format-standard","has-post-thumbnail","hentry","category-cronica"],"jetpack_featured_media_url":"https:\/\/i0.wp.com\/eltrabajo.cl\/portal\/wp-content\/uploads\/2014\/03\/clientas.jpg?fit=529%2C401&ssl=1","jetpack_sharing_enabled":true,"jetpack_likes_enabled":true,"jetpack-related-posts":[],"_links":{"self":[{"href":"https:\/\/eltrabajo.cl\/portal\/wp-json\/wp\/v2\/posts\/43917","targetHints":{"allow":["GET"]}}],"collection":[{"href":"https:\/\/eltrabajo.cl\/portal\/wp-json\/wp\/v2\/posts"}],"about":[{"href":"https:\/\/eltrabajo.cl\/portal\/wp-json\/wp\/v2\/types\/post"}],"author":[{"embeddable":true,"href":"https:\/\/eltrabajo.cl\/portal\/wp-json\/wp\/v2\/users\/482"}],"replies":[{"embeddable":true,"href":"https:\/\/eltrabajo.cl\/portal\/wp-json\/wp\/v2\/comments?post=43917"}],"version-history":[{"count":0,"href":"https:\/\/eltrabajo.cl\/portal\/wp-json\/wp\/v2\/posts\/43917\/revisions"}],"wp:featuredmedia":[{"embeddable":true,"href":"https:\/\/eltrabajo.cl\/portal\/wp-json\/wp\/v2\/media\/43918"}],"wp:attachment":[{"href":"https:\/\/eltrabajo.cl\/portal\/wp-json\/wp\/v2\/media?parent=43917"}],"wp:term":[{"taxonomy":"category","embeddable":true,"href":"https:\/\/eltrabajo.cl\/portal\/wp-json\/wp\/v2\/categories?post=43917"},{"taxonomy":"post_tag","embeddable":true,"href":"https:\/\/eltrabajo.cl\/portal\/wp-json\/wp\/v2\/tags?post=43917"}],"curies":[{"name":"wp","href":"https:\/\/api.w.org\/{rel}","templated":true}]}}