{"id":43923,"date":"2014-03-06T09:59:39","date_gmt":"2014-03-06T12:59:39","guid":{"rendered":"http:\/\/www.eltrabajo.cl\/portal\/?p=43923"},"modified":"2014-03-06T09:59:39","modified_gmt":"2014-03-06T12:59:39","slug":"ninos-de-auco-tendran-su-escuela-renovada-al-volver-a-clases","status":"publish","type":"post","link":"https:\/\/eltrabajo.cl\/portal\/ninos-de-auco-tendran-su-escuela-renovada-al-volver-a-clases\/","title":{"rendered":"Ni\u00f1os de Auco tendr\u00e1n su escuela renovada al volver a clases"},"content":{"rendered":"<figure id=\"attachment_43924\" aria-describedby=\"caption-attachment-43924\" style=\"width: 529px\" class=\"wp-caption alignnone\"><a href=\"https:\/\/i0.wp.com\/www.eltrabajo.cl\/portal\/wp-content\/uploads\/2014\/03\/Mejoraescuela1.jpg\"><img data-recalc-dims=\"1\" loading=\"lazy\" decoding=\"async\" class=\"size-full wp-image-43924\" alt=\"A full trabaja personal contratado por el municipio para dejar todas las dependencias listas de cara al ingreso de clases de los alumnos este a\u00f1o 2014.\" src=\"https:\/\/i0.wp.com\/www.eltrabajo.cl\/portal\/wp-content\/uploads\/2014\/03\/Mejoraescuela1.jpg?resize=529%2C323\" width=\"529\" height=\"323\" srcset=\"https:\/\/i0.wp.com\/eltrabajo.cl\/portal\/wp-content\/uploads\/2014\/03\/Mejoraescuela1.jpg?w=529&amp;ssl=1 529w, https:\/\/i0.wp.com\/eltrabajo.cl\/portal\/wp-content\/uploads\/2014\/03\/Mejoraescuela1.jpg?resize=200%2C122&amp;ssl=1 200w, https:\/\/i0.wp.com\/eltrabajo.cl\/portal\/wp-content\/uploads\/2014\/03\/Mejoraescuela1.jpg?resize=300%2C183&amp;ssl=1 300w, https:\/\/i0.wp.com\/eltrabajo.cl\/portal\/wp-content\/uploads\/2014\/03\/Mejoraescuela1.jpg?resize=150%2C91&amp;ssl=1 150w, https:\/\/i0.wp.com\/eltrabajo.cl\/portal\/wp-content\/uploads\/2014\/03\/Mejoraescuela1.jpg?resize=400%2C244&amp;ssl=1 400w\" sizes=\"auto, (max-width: 529px) 100vw, 529px\" \/><\/a><figcaption id=\"caption-attachment-43924\" class=\"wp-caption-text\">A full trabaja personal contratado por el municipio para dejar todas las dependencias listas de cara al ingreso de clases de los alumnos este a\u00f1o 2014.<\/figcaption><\/figure>\n<p>M\u00faltiples avances se est\u00e1n realizando en la Escuela Emigdio Gald\u00e1mes de Auco, todo para iniciar de la mejor forma el a\u00f1o escolar 2014. Algunos de los arreglos consisten en conseguir la resoluci\u00f3n sanitaria; la expansi\u00f3n de la cocina; se instalar\u00e1n tambi\u00e9n c\u00e1maras de video vigilancia; se est\u00e1 construyendo un cobertizo de acceso y una sala de clases de material s\u00f3lido de 45 metros cuadrados.<\/p>\n<figure id=\"attachment_43925\" aria-describedby=\"caption-attachment-43925\" style=\"width: 423px\" class=\"wp-caption alignright\"><a href=\"https:\/\/i0.wp.com\/www.eltrabajo.cl\/portal\/wp-content\/uploads\/2014\/03\/mejoraescuela2.jpg\"><img data-recalc-dims=\"1\" loading=\"lazy\" decoding=\"async\" class=\" wp-image-43925 \" alt=\"Se tuvo que hacer un proceso de saneamiento completo, lo que significa un proyecto de alcantarillado, por un monto de $4 millones IVA incluido.\" src=\"https:\/\/i0.wp.com\/www.eltrabajo.cl\/portal\/wp-content\/uploads\/2014\/03\/mejoraescuela2.jpg?resize=423%2C244\" width=\"423\" height=\"244\" srcset=\"https:\/\/i0.wp.com\/eltrabajo.cl\/portal\/wp-content\/uploads\/2014\/03\/mejoraescuela2.jpg?w=529&amp;ssl=1 529w, https:\/\/i0.wp.com\/eltrabajo.cl\/portal\/wp-content\/uploads\/2014\/03\/mejoraescuela2.jpg?resize=200%2C115&amp;ssl=1 200w, https:\/\/i0.wp.com\/eltrabajo.cl\/portal\/wp-content\/uploads\/2014\/03\/mejoraescuela2.jpg?resize=300%2C172&amp;ssl=1 300w, https:\/\/i0.wp.com\/eltrabajo.cl\/portal\/wp-content\/uploads\/2014\/03\/mejoraescuela2.jpg?resize=150%2C86&amp;ssl=1 150w, https:\/\/i0.wp.com\/eltrabajo.cl\/portal\/wp-content\/uploads\/2014\/03\/mejoraescuela2.jpg?resize=400%2C230&amp;ssl=1 400w\" sizes=\"auto, (max-width: 423px) 100vw, 423px\" \/><\/a><figcaption id=\"caption-attachment-43925\" class=\"wp-caption-text\">Se tuvo que hacer un proceso de saneamiento completo, lo que significa un proyecto de alcantarillado, por un monto de $4 millones IVA incluido.<\/figcaption><\/figure>\n<p>El Alcalde de Rinconada, Pedro Caballer\u00eda, afirm\u00f3 que \u201cestamos haciendo cosas nuevas, la educaci\u00f3n est\u00e1 aportando fondos para mejoras y lo estamos haciendo de esa forma, la verdad estamos trabajando fuertemente, con una gran inversi\u00f3n y hemos aprovechado al m\u00e1ximo los recursos, queremos llegar al inicio de este a\u00f1o escolar de la mejor forma posible\u201d.<\/p>\n<p>El encargado del Daem, Marcelo Salinas, se refiri\u00f3 a estas mejoras y dijo que \u201chay que ser honestos el colegio que estaba m\u00e1s dejado era el colegio de Auco, no ten\u00eda resoluci\u00f3n sanitaria, el sistema de evacuaci\u00f3n de aguas servidas no cumpl\u00eda con los est\u00e1ndares m\u00ednimos, se tuvo que hacer un proceso de saneamiento completo, lo que significa un proyecto de alcantarillado, por un monto de $4 millones IVA incluido, la expansi\u00f3n de la planta f\u00edsica de la cocina, porque tampoco cumpl\u00edamos con la normativa del espacio que se requiere para la preparaci\u00f3n de alimentos\u201d.<\/p>\n<p>Miguel Salinas, Encargado del Departamento de Medio Ambiente, quien trabaja en la construcci\u00f3n de estos nuevos avances, se refiri\u00f3 al caso de la escuela del sector de Auco y dijo que \u201cla construcci\u00f3n primordial es un acceso de hormig\u00f3n, de 50 metros, que va a facilitar que los ni\u00f1os no se mojen en invierno, ya que desde la entrada hacia las salas es un tramo bastante largo, as\u00ed que la idea es proporcionarles un acceso de hormig\u00f3n y un cobertizo tambi\u00e9n met\u00e1lico con cobertura de policarbonato que estamos construyendo con el equipo de Medio Ambiente\u201d.<\/p>\n","protected":false},"excerpt":{"rendered":"<p>M\u00faltiples avances se est\u00e1n realizando en la Escuela Emigdio Gald\u00e1mes de Auco, todo para iniciar de la mejor forma el a\u00f1o escolar 2014. Algunos de los arreglos consisten en conseguir la resoluci\u00f3n&#8230;<\/p>\n","protected":false},"author":482,"featured_media":43924,"comment_status":"open","ping_status":"closed","sticky":false,"template":"","format":"standard","meta":{"advanced_seo_description":"","jetpack_seo_html_title":"","jetpack_seo_noindex":false,"_jetpack_memberships_contains_paid_content":false,"footnotes":""},"categories":[1],"tags":[],"class_list":["post-43923","post","type-post","status-publish","format-standard","has-post-thumbnail","hentry","category-cronica"],"jetpack_featured_media_url":"https:\/\/i0.wp.com\/eltrabajo.cl\/portal\/wp-content\/uploads\/2014\/03\/Mejoraescuela1.jpg?fit=529%2C323&ssl=1","jetpack_sharing_enabled":true,"jetpack_likes_enabled":true,"jetpack-related-posts":[],"_links":{"self":[{"href":"https:\/\/eltrabajo.cl\/portal\/wp-json\/wp\/v2\/posts\/43923","targetHints":{"allow":["GET"]}}],"collection":[{"href":"https:\/\/eltrabajo.cl\/portal\/wp-json\/wp\/v2\/posts"}],"about":[{"href":"https:\/\/eltrabajo.cl\/portal\/wp-json\/wp\/v2\/types\/post"}],"author":[{"embeddable":true,"href":"https:\/\/eltrabajo.cl\/portal\/wp-json\/wp\/v2\/users\/482"}],"replies":[{"embeddable":true,"href":"https:\/\/eltrabajo.cl\/portal\/wp-json\/wp\/v2\/comments?post=43923"}],"version-history":[{"count":0,"href":"https:\/\/eltrabajo.cl\/portal\/wp-json\/wp\/v2\/posts\/43923\/revisions"}],"wp:featuredmedia":[{"embeddable":true,"href":"https:\/\/eltrabajo.cl\/portal\/wp-json\/wp\/v2\/media\/43924"}],"wp:attachment":[{"href":"https:\/\/eltrabajo.cl\/portal\/wp-json\/wp\/v2\/media?parent=43923"}],"wp:term":[{"taxonomy":"category","embeddable":true,"href":"https:\/\/eltrabajo.cl\/portal\/wp-json\/wp\/v2\/categories?post=43923"},{"taxonomy":"post_tag","embeddable":true,"href":"https:\/\/eltrabajo.cl\/portal\/wp-json\/wp\/v2\/tags?post=43923"}],"curies":[{"name":"wp","href":"https:\/\/api.w.org\/{rel}","templated":true}]}}