{"id":43928,"date":"2014-03-06T10:00:39","date_gmt":"2014-03-06T13:00:39","guid":{"rendered":"http:\/\/www.eltrabajo.cl\/portal\/?p=43928"},"modified":"2014-03-06T10:00:39","modified_gmt":"2014-03-06T13:00:39","slug":"salud-y-carabineros-estableceran-protocolos-para-garantizar-seguridad-en-hospitales","status":"publish","type":"post","link":"https:\/\/eltrabajo.cl\/portal\/salud-y-carabineros-estableceran-protocolos-para-garantizar-seguridad-en-hospitales\/","title":{"rendered":"Salud y Carabineros establecer\u00e1n protocolos para garantizar seguridad en hospitales"},"content":{"rendered":"<figure id=\"attachment_43929\" aria-describedby=\"caption-attachment-43929\" style=\"width: 528px\" class=\"wp-caption alignnone\"><a href=\"https:\/\/i0.wp.com\/www.eltrabajo.cl\/portal\/wp-content\/uploads\/2014\/03\/Reunion1.jpg\"><img data-recalc-dims=\"1\" loading=\"lazy\" decoding=\"async\" class=\"size-full wp-image-43929\" alt=\"Esta reuni\u00f3n surge principalmente por el ingreso de 40 personas a la Unidad de Cuidados Intensivos del San Camilo, provocando p\u00e1nico y descompensaci\u00f3n en los pacientes hospitalizados.\" src=\"https:\/\/i0.wp.com\/www.eltrabajo.cl\/portal\/wp-content\/uploads\/2014\/03\/Reunion1.jpg?resize=528%2C305\" width=\"528\" height=\"305\" srcset=\"https:\/\/i0.wp.com\/eltrabajo.cl\/portal\/wp-content\/uploads\/2014\/03\/Reunion1.jpg?w=528&amp;ssl=1 528w, https:\/\/i0.wp.com\/eltrabajo.cl\/portal\/wp-content\/uploads\/2014\/03\/Reunion1.jpg?resize=200%2C115&amp;ssl=1 200w, https:\/\/i0.wp.com\/eltrabajo.cl\/portal\/wp-content\/uploads\/2014\/03\/Reunion1.jpg?resize=300%2C173&amp;ssl=1 300w, https:\/\/i0.wp.com\/eltrabajo.cl\/portal\/wp-content\/uploads\/2014\/03\/Reunion1.jpg?resize=150%2C86&amp;ssl=1 150w, https:\/\/i0.wp.com\/eltrabajo.cl\/portal\/wp-content\/uploads\/2014\/03\/Reunion1.jpg?resize=400%2C231&amp;ssl=1 400w\" sizes=\"auto, (max-width: 528px) 100vw, 528px\" \/><\/a><figcaption id=\"caption-attachment-43929\" class=\"wp-caption-text\">Esta reuni\u00f3n surge principalmente por el ingreso de 40 personas a la Unidad de Cuidados Intensivos del San Camilo, provocando p\u00e1nico y descompensaci\u00f3n en los pacientes hospitalizados.<\/figcaption><\/figure>\n<p>Una reuni\u00f3n de coordinaci\u00f3n sostuvo la Directora (S) del Servicio de Salud Aconcagua, Dra. Iris Boisier Utz, junto a los directores de los establecimientos de la Red de salud, Samu y el Prefecto de Carabineros de Aconcagua, Coronel Marcelo Dur\u00e1n Mu\u00f1oz, con la finalidad de establecer en conjunto protocolos de coordinaci\u00f3n que ayuden a garantizar mayor seguridad para los usuarios y los funcionarios de los recintos hospitalarios y centros de salud familiares.<\/p>\n<p>Esta reuni\u00f3n surge principalmente por una situaci\u00f3n bastante dram\u00e1tica que pas\u00f3 en el Hospital San Camilo, donde ingresaron alrededor de 40 personas a la Unidad de Cuidados Intensivos del establecimiento, provocando p\u00e1nico y descompensaci\u00f3n en los pacientes hospitalizados, adem\u00e1s de otras situaciones puntuales que se\u00f1alaron los respectivos directores.<\/p>\n<p>Una de las peticiones fue la necesidad de contar en los hospitales base de la Red del Servicio, Hospital San Camilo de San Felipe y San Juan de Dios de Los Andes, con un carabinero que pudiera estar de manera estable, ya que son muchas las situaciones que se dan en las unidades de emergencia hospitalaria, donde la presencia policial podr\u00eda ayudar a resolver problemas que ponen en riesgo la seguridad tanto de los usuarios como de los funcionarios que se desempe\u00f1an en los establecimientos, adem\u00e1s, de mantener e intensificar las rondas de patrullas en horarios y sectores de mayor riesgo en donde est\u00e1n ubicados estos centros de salud.<\/p>\n<p>Finalmente, se defini\u00f3 un programa de trabajo entre ambas instituciones que permita establecer un ABC de la Seguridad que vaya en beneficio del resguardo de la poblaci\u00f3n usuaria del sistema de salud y de los trabajadores, como tambi\u00e9n acordar m\u00e9todos de respuesta en situaciones de emergencia.<\/p>\n<p>&nbsp;<\/p>\n","protected":false},"excerpt":{"rendered":"<p>Una reuni\u00f3n de coordinaci\u00f3n sostuvo la Directora (S) del Servicio de Salud Aconcagua, Dra. Iris Boisier Utz, junto a los directores de los establecimientos de la Red de salud, Samu y el&#8230;<\/p>\n","protected":false},"author":482,"featured_media":43929,"comment_status":"open","ping_status":"closed","sticky":false,"template":"","format":"standard","meta":{"advanced_seo_description":"","jetpack_seo_html_title":"","jetpack_seo_noindex":false,"_jetpack_memberships_contains_paid_content":false,"footnotes":""},"categories":[1],"tags":[],"class_list":["post-43928","post","type-post","status-publish","format-standard","has-post-thumbnail","hentry","category-cronica"],"jetpack_featured_media_url":"https:\/\/i0.wp.com\/eltrabajo.cl\/portal\/wp-content\/uploads\/2014\/03\/Reunion1.jpg?fit=528%2C305&ssl=1","jetpack_sharing_enabled":true,"jetpack_likes_enabled":true,"jetpack-related-posts":[],"_links":{"self":[{"href":"https:\/\/eltrabajo.cl\/portal\/wp-json\/wp\/v2\/posts\/43928","targetHints":{"allow":["GET"]}}],"collection":[{"href":"https:\/\/eltrabajo.cl\/portal\/wp-json\/wp\/v2\/posts"}],"about":[{"href":"https:\/\/eltrabajo.cl\/portal\/wp-json\/wp\/v2\/types\/post"}],"author":[{"embeddable":true,"href":"https:\/\/eltrabajo.cl\/portal\/wp-json\/wp\/v2\/users\/482"}],"replies":[{"embeddable":true,"href":"https:\/\/eltrabajo.cl\/portal\/wp-json\/wp\/v2\/comments?post=43928"}],"version-history":[{"count":0,"href":"https:\/\/eltrabajo.cl\/portal\/wp-json\/wp\/v2\/posts\/43928\/revisions"}],"wp:featuredmedia":[{"embeddable":true,"href":"https:\/\/eltrabajo.cl\/portal\/wp-json\/wp\/v2\/media\/43929"}],"wp:attachment":[{"href":"https:\/\/eltrabajo.cl\/portal\/wp-json\/wp\/v2\/media?parent=43928"}],"wp:term":[{"taxonomy":"category","embeddable":true,"href":"https:\/\/eltrabajo.cl\/portal\/wp-json\/wp\/v2\/categories?post=43928"},{"taxonomy":"post_tag","embeddable":true,"href":"https:\/\/eltrabajo.cl\/portal\/wp-json\/wp\/v2\/tags?post=43928"}],"curies":[{"name":"wp","href":"https:\/\/api.w.org\/{rel}","templated":true}]}}