{"id":43934,"date":"2014-03-06T10:03:41","date_gmt":"2014-03-06T13:03:41","guid":{"rendered":"http:\/\/www.eltrabajo.cl\/portal\/?p=43934"},"modified":"2014-03-06T10:04:32","modified_gmt":"2014-03-06T13:04:32","slug":"denuncian-a-ecuatoriano-de-llevarse-especies-que-recibia-para-reparacion","status":"publish","type":"post","link":"https:\/\/eltrabajo.cl\/portal\/denuncian-a-ecuatoriano-de-llevarse-especies-que-recibia-para-reparacion\/","title":{"rendered":"Denuncian a ecuatoriano de llevarse especies que recib\u00eda para reparaci\u00f3n"},"content":{"rendered":"<figure id=\"attachment_43935\" aria-describedby=\"caption-attachment-43935\" style=\"width: 317px\" class=\"wp-caption alignleft\"><img data-recalc-dims=\"1\" loading=\"lazy\" decoding=\"async\" class=\" wp-image-43935 \" alt=\"Luis V\u00e1squez es un conocido vecino sanfelipe\u00f1o que denuncia haber sido perjudicado con el cierre de un local de servicio t\u00e9cnico, sin que le devolvieran el art\u00edculo a reparar.\" src=\"https:\/\/i0.wp.com\/www.eltrabajo.cl\/portal\/wp-content\/uploads\/2014\/03\/luis-vasquez.jpg?resize=317%2C215\" width=\"317\" height=\"215\" srcset=\"https:\/\/i0.wp.com\/eltrabajo.cl\/portal\/wp-content\/uploads\/2014\/03\/luis-vasquez.jpg?w=529&amp;ssl=1 529w, https:\/\/i0.wp.com\/eltrabajo.cl\/portal\/wp-content\/uploads\/2014\/03\/luis-vasquez.jpg?resize=200%2C135&amp;ssl=1 200w, https:\/\/i0.wp.com\/eltrabajo.cl\/portal\/wp-content\/uploads\/2014\/03\/luis-vasquez.jpg?resize=300%2C203&amp;ssl=1 300w, https:\/\/i0.wp.com\/eltrabajo.cl\/portal\/wp-content\/uploads\/2014\/03\/luis-vasquez.jpg?resize=150%2C101&amp;ssl=1 150w, https:\/\/i0.wp.com\/eltrabajo.cl\/portal\/wp-content\/uploads\/2014\/03\/luis-vasquez.jpg?resize=400%2C270&amp;ssl=1 400w\" sizes=\"auto, (max-width: 317px) 100vw, 317px\" \/><\/a><figcaption id=\"caption-attachment-43935\" class=\"wp-caption-text\">Luis V\u00e1squez es un conocido vecino sanfelipe\u00f1o que denuncia haber sido perjudicado con el cierre de un local de servicio t\u00e9cnico, sin que le devolvieran el art\u00edculo a reparar.<\/figcaption><\/figure>\n<p>\u201cLe llev\u00e9 un notebook, me fui a trabajar al norte y cuando volv\u00ed el local no exist\u00eda y hab\u00eda otro negocio\u201d, eso es lo que denuncia Luis V\u00e1squez Toro, quien se encuentra muy molesto porque asegura sentirse completamente enga\u00f1ado por un sujeto que se instal\u00f3 con un servicio t\u00e9cnico de computadores, tablets y tel\u00e9fonos.<\/p>\n<p>\u201cEn una ocasi\u00f3n fui a dejar un notebook porque esta persona reparaba todo tipo de art\u00edculos tecnol\u00f3gicos. Y como yo trabajaba en el norte, cuando volv\u00ed a los 15 d\u00edas este se\u00f1or ya no estaba\u201d, relata el afectado. Luis V\u00e1squez explica que est\u00e1 intentando ver con Extranjer\u00eda la identidad del ciudadano ecuatoriano que le recibi\u00f3 su computadora, y relata que s\u00f3lo ha podido indagar que se habr\u00eda trasladado a la ciudad de Vi\u00f1a del Mar.<\/p>\n<p>En el local de Calle Coimas, donde funcionaba el servicio t\u00e9cnico hoy existe una tienda de ropa hind\u00fa, y la actual arrendataria asegura no tener idea del arrendatario anterior, a la vez que se\u00f1ala que cada cierto tiempo viene alguien a buscar al antiguo dependiente. El denunciante explica adem\u00e1s que hace esta denuncia p\u00fablica para juntarse con otras personas afectadas por esta misma situaci\u00f3n y as\u00ed poder dar con el paradero de quien los tim\u00f3.<\/p>\n<p>\u201cEsta persona se qued\u00f3 con computadores, tablets, IPones, y celulares, por lo que debe haber muchos afectados. Uno dejaba los datos de contacto y este se\u00f1or se fue y no nos devolvi\u00f3 nada\u201d, finaliza el afectado.<\/p>\n<p>&nbsp;<\/p>\n","protected":false},"excerpt":{"rendered":"<p>\u201cLe llev\u00e9 un notebook, me fui a trabajar al norte y cuando volv\u00ed el local no exist\u00eda y hab\u00eda otro negocio\u201d, eso es lo que denuncia Luis V\u00e1squez Toro, quien se encuentra&#8230;<\/p>\n","protected":false},"author":482,"featured_media":43935,"comment_status":"open","ping_status":"closed","sticky":false,"template":"","format":"standard","meta":{"advanced_seo_description":"","jetpack_seo_html_title":"","jetpack_seo_noindex":false,"_jetpack_memberships_contains_paid_content":false,"footnotes":""},"categories":[15],"tags":[],"class_list":["post-43934","post","type-post","status-publish","format-standard","has-post-thumbnail","hentry","category-comunidad"],"jetpack_featured_media_url":"https:\/\/i0.wp.com\/eltrabajo.cl\/portal\/wp-content\/uploads\/2014\/03\/luis-vasquez.jpg?fit=529%2C358&ssl=1","jetpack_sharing_enabled":true,"jetpack_likes_enabled":true,"jetpack-related-posts":[],"_links":{"self":[{"href":"https:\/\/eltrabajo.cl\/portal\/wp-json\/wp\/v2\/posts\/43934","targetHints":{"allow":["GET"]}}],"collection":[{"href":"https:\/\/eltrabajo.cl\/portal\/wp-json\/wp\/v2\/posts"}],"about":[{"href":"https:\/\/eltrabajo.cl\/portal\/wp-json\/wp\/v2\/types\/post"}],"author":[{"embeddable":true,"href":"https:\/\/eltrabajo.cl\/portal\/wp-json\/wp\/v2\/users\/482"}],"replies":[{"embeddable":true,"href":"https:\/\/eltrabajo.cl\/portal\/wp-json\/wp\/v2\/comments?post=43934"}],"version-history":[{"count":0,"href":"https:\/\/eltrabajo.cl\/portal\/wp-json\/wp\/v2\/posts\/43934\/revisions"}],"wp:featuredmedia":[{"embeddable":true,"href":"https:\/\/eltrabajo.cl\/portal\/wp-json\/wp\/v2\/media\/43935"}],"wp:attachment":[{"href":"https:\/\/eltrabajo.cl\/portal\/wp-json\/wp\/v2\/media?parent=43934"}],"wp:term":[{"taxonomy":"category","embeddable":true,"href":"https:\/\/eltrabajo.cl\/portal\/wp-json\/wp\/v2\/categories?post=43934"},{"taxonomy":"post_tag","embeddable":true,"href":"https:\/\/eltrabajo.cl\/portal\/wp-json\/wp\/v2\/tags?post=43934"}],"curies":[{"name":"wp","href":"https:\/\/api.w.org\/{rel}","templated":true}]}}