{"id":43955,"date":"2014-03-07T09:40:00","date_gmt":"2014-03-07T12:40:00","guid":{"rendered":"http:\/\/www.eltrabajo.cl\/portal\/?p=43955"},"modified":"2014-03-07T09:40:00","modified_gmt":"2014-03-07T12:40:00","slug":"mas-de-50-familias-de-santa-maria-beneficiadas-con-programa-de-habitabilidad","status":"publish","type":"post","link":"https:\/\/eltrabajo.cl\/portal\/mas-de-50-familias-de-santa-maria-beneficiadas-con-programa-de-habitabilidad\/","title":{"rendered":"M\u00e1s de 50 familias de Santa Mar\u00eda beneficiadas con Programa de Habitabilidad"},"content":{"rendered":"<figure id=\"attachment_43956\" aria-describedby=\"caption-attachment-43956\" style=\"width: 529px\" class=\"wp-caption alignnone\"><img data-recalc-dims=\"1\" loading=\"lazy\" decoding=\"async\" class=\"size-full wp-image-43956\" alt=\"Claudio Zurita y la Directora de Social, junto a familias beneficiadas que viven en condiciones bastante precarias.\" src=\"https:\/\/i0.wp.com\/www.eltrabajo.cl\/portal\/wp-content\/uploads\/2014\/03\/pobreza.jpg?resize=529%2C401\" width=\"529\" height=\"401\" srcset=\"https:\/\/i0.wp.com\/eltrabajo.cl\/portal\/wp-content\/uploads\/2014\/03\/pobreza.jpg?w=529&amp;ssl=1 529w, https:\/\/i0.wp.com\/eltrabajo.cl\/portal\/wp-content\/uploads\/2014\/03\/pobreza.jpg?resize=197%2C150&amp;ssl=1 197w, https:\/\/i0.wp.com\/eltrabajo.cl\/portal\/wp-content\/uploads\/2014\/03\/pobreza.jpg?resize=300%2C227&amp;ssl=1 300w, https:\/\/i0.wp.com\/eltrabajo.cl\/portal\/wp-content\/uploads\/2014\/03\/pobreza.jpg?resize=150%2C113&amp;ssl=1 150w, https:\/\/i0.wp.com\/eltrabajo.cl\/portal\/wp-content\/uploads\/2014\/03\/pobreza.jpg?resize=400%2C303&amp;ssl=1 400w\" sizes=\"auto, (max-width: 529px) 100vw, 529px\" \/><\/a><figcaption id=\"caption-attachment-43956\" class=\"wp-caption-text\">Claudio Zurita y la Directora de Social, junto a familias beneficiadas que viven en condiciones bastante precarias.<\/figcaption><\/figure>\n<p><strong>SANTA MAR\u00cdA<\/strong>.- Familias de distintos sectores de la comuna fueron visitadas en el marco del Programa de Habitabilidad 2013-2014, por la m\u00e1xima autoridad comunal, por la Directora del Departamento Social, Marybel Mancilla, y por la funcionaria de apoyo social, Ver\u00f3nica B\u00e1ez.<\/p>\n<figure id=\"attachment_43957\" aria-describedby=\"caption-attachment-43957\" style=\"width: 370px\" class=\"wp-caption alignright\"><a href=\"https:\/\/i0.wp.com\/www.eltrabajo.cl\/portal\/wp-content\/uploads\/2014\/03\/beneficiadas.jpg\"><img data-recalc-dims=\"1\" loading=\"lazy\" decoding=\"async\" class=\" wp-image-43957 \" alt=\"Alcalde junto a Beneficiarias del Programa.\" src=\"https:\/\/i0.wp.com\/www.eltrabajo.cl\/portal\/wp-content\/uploads\/2014\/03\/beneficiadas.jpg?resize=370%2C491\" width=\"370\" height=\"491\" srcset=\"https:\/\/i0.wp.com\/eltrabajo.cl\/portal\/wp-content\/uploads\/2014\/03\/beneficiadas.jpg?w=529&amp;ssl=1 529w, https:\/\/i0.wp.com\/eltrabajo.cl\/portal\/wp-content\/uploads\/2014\/03\/beneficiadas.jpg?resize=113%2C150&amp;ssl=1 113w, https:\/\/i0.wp.com\/eltrabajo.cl\/portal\/wp-content\/uploads\/2014\/03\/beneficiadas.jpg?resize=226%2C300&amp;ssl=1 226w, https:\/\/i0.wp.com\/eltrabajo.cl\/portal\/wp-content\/uploads\/2014\/03\/beneficiadas.jpg?resize=400%2C530&amp;ssl=1 400w\" sizes=\"auto, (max-width: 370px) 100vw, 370px\" \/><\/a><figcaption id=\"caption-attachment-43957\" class=\"wp-caption-text\">Alcalde junto a Beneficiarias del Programa.<\/figcaption><\/figure>\n<p>Este programa, que comenz\u00f3 a ejecutarse desde mediados del a\u00f1o 2011, tiene como principal objetivo potenciar las posibilidades y oportunidades de desarrollo, inclusi\u00f3n e integraci\u00f3n social de las familias beneficiarias, entregando bienes y servicios que les permitir\u00e1n cumplir con las necesidades b\u00e1sicas del \u00e1mbito habitabilidad.<\/p>\n<p>En la pr\u00e1ctica, busca intervenir en dos \u00e1mbitos: realizar mejoras f\u00edsicas en la vivienda (arreglo de techo, ventanas, sello en las paredes y cielo, etc.) y entrega de equipamiento b\u00e1sico (camas, camarotes, estufas, cocinas, bater\u00eda de cocina, etc.)<\/p>\n<p>Al respecto Marybel Mancilla nos se\u00f1al\u00f3 que \u201ceste es un hermoso programa, las familias que est\u00e1n participando de este proceso est\u00e1n muy agradecidas por la ayuda recibida, sin lugar a duda les permitir\u00e1 mejorar su calidad de vida, optimizando las condiciones en las que viven cada uno de los integrantes de su n\u00facleo familiar\u201d.<\/p>\n<p>Por su parte el Alcalde Claudio Zurita Ibarra, quien supervis\u00f3 su ejecuci\u00f3n, se mostr\u00f3 feliz principalmente \u201cporque pude ver en terreno que todas las familias que visitamos necesitaban enormemente esta ayuda. Encontramos familias muy numerosas con muchos ni\u00f1os, que desde hoy podr\u00e1n vivir de una forma mucho m\u00e1s c\u00f3moda. Sin lugar a dudas, ver la felicidad expresada en el rostro y sonrisa de un ni\u00f1o no tiene precio. Agradezco el trabajo de todos los que han hecho esto posible\u201d.<\/p>\n<p>Con una inversi\u00f3n de aproximadamente 23 millones de pesos provenientes del Ministerio de Desarrollo Social, este programa ejecutado por la Municipalidad, con el apoyo de Fosis, intervendr\u00e1 un total de 52 familias de la Comuna de Santa Mar\u00eda.<\/p>\n<p>&nbsp;<\/p>\n","protected":false},"excerpt":{"rendered":"<p>SANTA MAR\u00cdA.- Familias de distintos sectores de la comuna fueron visitadas en el marco del Programa de Habitabilidad 2013-2014, por la m\u00e1xima autoridad comunal, por la Directora del Departamento Social, Marybel Mancilla,&#8230;<\/p>\n","protected":false},"author":482,"featured_media":43956,"comment_status":"open","ping_status":"closed","sticky":false,"template":"","format":"standard","meta":{"advanced_seo_description":"","jetpack_seo_html_title":"","jetpack_seo_noindex":false,"_jetpack_memberships_contains_paid_content":false,"footnotes":""},"categories":[1],"tags":[],"class_list":["post-43955","post","type-post","status-publish","format-standard","has-post-thumbnail","hentry","category-cronica"],"jetpack_featured_media_url":"https:\/\/i0.wp.com\/eltrabajo.cl\/portal\/wp-content\/uploads\/2014\/03\/pobreza.jpg?fit=529%2C401&ssl=1","jetpack_sharing_enabled":true,"jetpack_likes_enabled":true,"jetpack-related-posts":[],"_links":{"self":[{"href":"https:\/\/eltrabajo.cl\/portal\/wp-json\/wp\/v2\/posts\/43955","targetHints":{"allow":["GET"]}}],"collection":[{"href":"https:\/\/eltrabajo.cl\/portal\/wp-json\/wp\/v2\/posts"}],"about":[{"href":"https:\/\/eltrabajo.cl\/portal\/wp-json\/wp\/v2\/types\/post"}],"author":[{"embeddable":true,"href":"https:\/\/eltrabajo.cl\/portal\/wp-json\/wp\/v2\/users\/482"}],"replies":[{"embeddable":true,"href":"https:\/\/eltrabajo.cl\/portal\/wp-json\/wp\/v2\/comments?post=43955"}],"version-history":[{"count":0,"href":"https:\/\/eltrabajo.cl\/portal\/wp-json\/wp\/v2\/posts\/43955\/revisions"}],"wp:featuredmedia":[{"embeddable":true,"href":"https:\/\/eltrabajo.cl\/portal\/wp-json\/wp\/v2\/media\/43956"}],"wp:attachment":[{"href":"https:\/\/eltrabajo.cl\/portal\/wp-json\/wp\/v2\/media?parent=43955"}],"wp:term":[{"taxonomy":"category","embeddable":true,"href":"https:\/\/eltrabajo.cl\/portal\/wp-json\/wp\/v2\/categories?post=43955"},{"taxonomy":"post_tag","embeddable":true,"href":"https:\/\/eltrabajo.cl\/portal\/wp-json\/wp\/v2\/tags?post=43955"}],"curies":[{"name":"wp","href":"https:\/\/api.w.org\/{rel}","templated":true}]}}