{"id":43963,"date":"2014-03-07T09:43:02","date_gmt":"2014-03-07T12:43:02","guid":{"rendered":"http:\/\/www.eltrabajo.cl\/portal\/?p=43963"},"modified":"2014-03-07T09:43:02","modified_gmt":"2014-03-07T12:43:02","slug":"vecinos-estan-molestos-por-aumento-en-las-cuentas-de-agua-potable","status":"publish","type":"post","link":"https:\/\/eltrabajo.cl\/portal\/vecinos-estan-molestos-por-aumento-en-las-cuentas-de-agua-potable\/","title":{"rendered":"Vecinos est\u00e1n molestos por aumento en las cuentas de agua potable"},"content":{"rendered":"<figure id=\"attachment_43964\" aria-describedby=\"caption-attachment-43964\" style=\"width: 317px\" class=\"wp-caption alignleft\"><a href=\"https:\/\/i0.wp.com\/www.eltrabajo.cl\/portal\/wp-content\/uploads\/2014\/03\/DENUNCIA-ESVAL.jpg\"><img data-recalc-dims=\"1\" loading=\"lazy\" decoding=\"async\" class=\" wp-image-43964 \" alt=\"Ya son varios los casos de personas que han visto aumentar significativamente sus cuentas de agua potable, quienes son forzados a pagar sin que exista una explicaci\u00f3n sobre los notables aumentos.\" src=\"https:\/\/i0.wp.com\/www.eltrabajo.cl\/portal\/wp-content\/uploads\/2014\/03\/DENUNCIA-ESVAL.jpg?resize=317%2C240\" width=\"317\" height=\"240\" srcset=\"https:\/\/i0.wp.com\/eltrabajo.cl\/portal\/wp-content\/uploads\/2014\/03\/DENUNCIA-ESVAL.jpg?w=529&amp;ssl=1 529w, https:\/\/i0.wp.com\/eltrabajo.cl\/portal\/wp-content\/uploads\/2014\/03\/DENUNCIA-ESVAL.jpg?resize=198%2C150&amp;ssl=1 198w, https:\/\/i0.wp.com\/eltrabajo.cl\/portal\/wp-content\/uploads\/2014\/03\/DENUNCIA-ESVAL.jpg?resize=300%2C226&amp;ssl=1 300w, https:\/\/i0.wp.com\/eltrabajo.cl\/portal\/wp-content\/uploads\/2014\/03\/DENUNCIA-ESVAL.jpg?resize=150%2C113&amp;ssl=1 150w, https:\/\/i0.wp.com\/eltrabajo.cl\/portal\/wp-content\/uploads\/2014\/03\/DENUNCIA-ESVAL.jpg?resize=400%2C302&amp;ssl=1 400w\" sizes=\"auto, (max-width: 317px) 100vw, 317px\" \/><\/a><figcaption id=\"caption-attachment-43964\" class=\"wp-caption-text\">Ya son varios los casos de personas que han visto aumentar significativamente sus cuentas de agua potable, quienes son forzados a pagar sin que exista una explicaci\u00f3n sobre los notables aumentos.<\/figcaption><\/figure>\n<p><strong>PUTAENDO.<\/strong>&#8211; Varios vecinos de la comuna se han mostrado sorprendidos y molestos por los inesperados aumentos en el valor de las cuentas de agua que entrega Esval.<\/p>\n<p>En varios sectores de Putaendo, vecinos y vecinas han recibido las \u00faltimas dos cuentas del agua potable con un considerable aumento, como el caso de la se\u00f1ora Sonia Ch\u00e1vez que vive en la Poblaci\u00f3n San Antonio, quien hist\u00f3ricamente siempre ha pagado no m\u00e1s de $6.000, sin embargo, en los \u00faltimos dos meses sus cuentas se elevaron bruscamente hasta alcanzar los $16.000.<\/p>\n<p>La afectada hizo el reclamo correspondiente en Esval y en la \u00faltima boleta que le lleg\u00f3 a su domicilio, un documento de la empresa le indicaba que el aumento del total de su cuenta pod\u00eda obedecer a que efectivamente consumi\u00f3 m\u00e1s agua o bien pod\u00eda tener una fuga al interior de su domicilio, lo que Sonia Ch\u00e1vez rechaza categ\u00f3ricamente.<\/p>\n<p>En Calle Brasil la se\u00f1ora Amada Garc\u00eda se\u00f1al\u00f3 a Diario El Trabajo que siempre paga entre $5.000 y $7.000, pero que desde hace dos meses su cuenta subi\u00f3 a los $40.000 y que se vio en la obligaci\u00f3n de firmar una repactaci\u00f3n en cuotas como \u00fanica soluci\u00f3n que le entreg\u00f3 Esval, lo que se repite en varios otros casos de vecinos de Putaendo.<\/p>\n<p>En Villa El Sendero tambi\u00e9n son varios los vecinos que han sufrido el aumento en sus cuentas del agua potable, al igual que en sectores como Granallas, Juan Rozas y Putaendo Centro, y lamentablemente estos vecinos reciben como \u00fanica soluci\u00f3n pagar en cuotas el total que de un d\u00eda para otro aparece en sus cuentas y que Esval asegura, obedecen a un aumento en el consumo o bien a una fuga de agua al interior de las viviendas, no otorgando otra posibilidad que no sea \u00e9sa, lo que ha generado que varios dirigentes como Alejandro Meza, presidente de la Junta de Vecinos de la Poblaci\u00f3n San Antonio, y Claudio Tapia, presidente de la Uni\u00f3n Comunal de Juntas de Vecinos Valle de Putaendo, est\u00e9n organizando reuniones con los afectados para expresar su molestia ante la gerencia de Esval por lo que consideran un hecho anormal y abusivo.<\/p>\n<p>Patricio Gallardo M.<\/p>\n<p>&nbsp;<\/p>\n","protected":false},"excerpt":{"rendered":"<p>PUTAENDO.&#8211; Varios vecinos de la comuna se han mostrado sorprendidos y molestos por los inesperados aumentos en el valor de las cuentas de agua que entrega Esval. En varios sectores de Putaendo,&#8230;<\/p>\n","protected":false},"author":482,"featured_media":43964,"comment_status":"open","ping_status":"closed","sticky":false,"template":"","format":"standard","meta":{"advanced_seo_description":"","jetpack_seo_html_title":"","jetpack_seo_noindex":false,"_jetpack_memberships_contains_paid_content":false,"footnotes":""},"categories":[15],"tags":[],"class_list":["post-43963","post","type-post","status-publish","format-standard","has-post-thumbnail","hentry","category-comunidad"],"jetpack_featured_media_url":"https:\/\/i0.wp.com\/eltrabajo.cl\/portal\/wp-content\/uploads\/2014\/03\/DENUNCIA-ESVAL.jpg?fit=529%2C400&ssl=1","jetpack_sharing_enabled":true,"jetpack_likes_enabled":true,"jetpack-related-posts":[],"_links":{"self":[{"href":"https:\/\/eltrabajo.cl\/portal\/wp-json\/wp\/v2\/posts\/43963","targetHints":{"allow":["GET"]}}],"collection":[{"href":"https:\/\/eltrabajo.cl\/portal\/wp-json\/wp\/v2\/posts"}],"about":[{"href":"https:\/\/eltrabajo.cl\/portal\/wp-json\/wp\/v2\/types\/post"}],"author":[{"embeddable":true,"href":"https:\/\/eltrabajo.cl\/portal\/wp-json\/wp\/v2\/users\/482"}],"replies":[{"embeddable":true,"href":"https:\/\/eltrabajo.cl\/portal\/wp-json\/wp\/v2\/comments?post=43963"}],"version-history":[{"count":0,"href":"https:\/\/eltrabajo.cl\/portal\/wp-json\/wp\/v2\/posts\/43963\/revisions"}],"wp:featuredmedia":[{"embeddable":true,"href":"https:\/\/eltrabajo.cl\/portal\/wp-json\/wp\/v2\/media\/43964"}],"wp:attachment":[{"href":"https:\/\/eltrabajo.cl\/portal\/wp-json\/wp\/v2\/media?parent=43963"}],"wp:term":[{"taxonomy":"category","embeddable":true,"href":"https:\/\/eltrabajo.cl\/portal\/wp-json\/wp\/v2\/categories?post=43963"},{"taxonomy":"post_tag","embeddable":true,"href":"https:\/\/eltrabajo.cl\/portal\/wp-json\/wp\/v2\/tags?post=43963"}],"curies":[{"name":"wp","href":"https:\/\/api.w.org\/{rel}","templated":true}]}}