{"id":43966,"date":"2014-03-07T09:50:31","date_gmt":"2014-03-07T12:50:31","guid":{"rendered":"http:\/\/www.eltrabajo.cl\/portal\/?p=43966"},"modified":"2014-03-07T09:52:40","modified_gmt":"2014-03-07T12:52:40","slug":"conozcan-a-los-1o-basico-que-este-ano-llegan-a-conquistar-sus-suenos","status":"publish","type":"post","link":"https:\/\/eltrabajo.cl\/portal\/conozcan-a-los-1o-basico-que-este-ano-llegan-a-conquistar-sus-suenos\/","title":{"rendered":"Conozcan a los 1\u00ba B\u00e1sico que este a\u00f1o llegan a conquistar sus sue\u00f1os"},"content":{"rendered":"<figure id=\"attachment_43967\" aria-describedby=\"caption-attachment-43967\" style=\"width: 529px\" class=\"wp-caption alignnone\"><img data-recalc-dims=\"1\" loading=\"lazy\" decoding=\"async\" class=\"size-full wp-image-43967\" alt=\"SIN L\u00cdMITES.- Los peques de la Escuela Almendral tambi\u00e9n posaron para las c\u00e1maras de Diario El Trabajo. Ganas de hacerlo no les falt\u00f3.\" src=\"https:\/\/i0.wp.com\/www.eltrabajo.cl\/portal\/wp-content\/uploads\/2014\/03\/Escuela-Almendral.jpg?resize=529%2C398\" width=\"529\" height=\"398\" srcset=\"https:\/\/i0.wp.com\/eltrabajo.cl\/portal\/wp-content\/uploads\/2014\/03\/Escuela-Almendral.jpg?w=529&amp;ssl=1 529w, https:\/\/i0.wp.com\/eltrabajo.cl\/portal\/wp-content\/uploads\/2014\/03\/Escuela-Almendral.jpg?resize=200%2C150&amp;ssl=1 200w, https:\/\/i0.wp.com\/eltrabajo.cl\/portal\/wp-content\/uploads\/2014\/03\/Escuela-Almendral.jpg?resize=300%2C225&amp;ssl=1 300w, https:\/\/i0.wp.com\/eltrabajo.cl\/portal\/wp-content\/uploads\/2014\/03\/Escuela-Almendral.jpg?resize=150%2C112&amp;ssl=1 150w, https:\/\/i0.wp.com\/eltrabajo.cl\/portal\/wp-content\/uploads\/2014\/03\/Escuela-Almendral.jpg?resize=400%2C300&amp;ssl=1 400w\" sizes=\"auto, (max-width: 529px) 100vw, 529px\" \/><\/a><figcaption id=\"caption-attachment-43967\" class=\"wp-caption-text\">SIN L\u00cdMITES.- Los peques de la Escuela Almendral tambi\u00e9n posaron para las c\u00e1maras de Diario El Trabajo. Ganas de hacerlo no les falt\u00f3.<\/figcaption><\/figure>\n<p>Con las pilas bien cargadas; llenos de ilusiones; algunos con miedo a lo desconocido, pero todos con unas ganas locas por aprender y descubrir la aventura de estudiar, as\u00ed de motivados est\u00e1n las decenas de peque\u00f1itos que por primera vez en su vida asumen su rol en la educaci\u00f3n b\u00e1sica.<\/p>\n<p>Las c\u00e1maras de Diario El Trabajo realizaron un recorrido por seis escuelas municipalizadas de San Felipe a fin de hacer registro de qui\u00e9nes son los nuevos chicos de 1\u00ba B\u00e1sico que este a\u00f1o inician su proceso cognitivo tras varios a\u00f1os de estar en los jardines infantiles, prekinder y kinder.<\/p>\n<p>Todos quer\u00edan salir en la foto, no importaba c\u00f3mo, ellos est\u00e1n con la moral al tope y saben tambi\u00e9n que todos esperan de ellos lo mejor. Es entonces que por la promesa de vida; por los sue\u00f1os que se har\u00e1n realidad en sus vidas y por el ejemplo que nos dan con sus ganas de crecer, que hoy en Diario El Trabajo felicitamos a estudiantes y profesores de nuestra provincia.<\/p>\n<p>Roberto Gonz\u00e1lez Short<\/p>\n<p>rgonzalez@eltrabajo.cl<\/p>\n<div class=\"tiled-gallery type-rectangular tiled-gallery-unresized\" data-original-width=\"640\" data-carousel-extra='null' itemscope itemtype=\"http:\/\/schema.org\/ImageGallery\" > <div class=\"gallery-row\" style=\"width: 640px; height: 489px;\" data-original-width=\"640\" data-original-height=\"489\" > <div class=\"gallery-group images-1\" style=\"width: 414px; height: 489px;\" data-original-width=\"414\" data-original-height=\"489\" > <div class=\"tiled-gallery-item tiled-gallery-item-large\" itemprop=\"associatedMedia\" itemscope itemtype=\"http:\/\/schema.org\/ImageObject\"> <a href=\"https:\/\/eltrabajo.cl\/portal\/conozcan-a-los-1o-basico-que-este-ano-llegan-a-conquistar-sus-suenos\/21-de-mayo\/\" border=\"0\" itemprop=\"url\"> <meta itemprop=\"width\" content=\"410\"> <meta itemprop=\"height\" content=\"485\"> <img decoding=\"async\" class=\"\" data-attachment-id=\"43968\" data-orig-file=\"https:\/\/eltrabajo.cl\/portal\/wp-content\/uploads\/2014\/03\/21-de-Mayo.jpg\" data-orig-size=\"529,625\" data-comments-opened=\"1\" data-image-meta=\"{&quot;aperture&quot;:&quot;7.1&quot;,&quot;credit&quot;:&quot;&quot;,&quot;camera&quot;:&quot;Canon EOS REBEL T1i&quot;,&quot;caption&quot;:&quot;&quot;,&quot;created_timestamp&quot;:&quot;1394105822&quot;,&quot;copyright&quot;:&quot;&quot;,&quot;focal_length&quot;:&quot;18&quot;,&quot;iso&quot;:&quot;400&quot;,&quot;shutter_speed&quot;:&quot;0.005&quot;,&quot;title&quot;:&quot;&quot;}\" data-image-title=\"21 de Mayo\" data-image-description=\"&lt;p&gt;LOS M\u00c1S REGALONES.- Aqu\u00ed tenemos a nuestros campeones de 1\u00ba B\u00e1sico de la Escuela 21 de Mayo, el entusiasmo y alegr\u00eda es su mejor herramienta para avanzar en sus estudios.&lt;\/p&gt; \" data-medium-file=\"https:\/\/i0.wp.com\/eltrabajo.cl\/portal\/wp-content\/uploads\/2014\/03\/21-de-Mayo.jpg?fit=253%2C300&#038;ssl=1\" data-large-file=\"https:\/\/i0.wp.com\/eltrabajo.cl\/portal\/wp-content\/uploads\/2014\/03\/21-de-Mayo.jpg?fit=529%2C625&#038;ssl=1\" src=\"https:\/\/i0.wp.com\/eltrabajo.cl\/portal\/wp-content\/uploads\/2014\/03\/21-de-Mayo.jpg?w=410&#038;h=485&#038;ssl=1\" srcset=\"https:\/\/i0.wp.com\/eltrabajo.cl\/portal\/wp-content\/uploads\/2014\/03\/21-de-Mayo.jpg?w=529&amp;ssl=1 529w, https:\/\/i0.wp.com\/eltrabajo.cl\/portal\/wp-content\/uploads\/2014\/03\/21-de-Mayo.jpg?resize=126%2C150&amp;ssl=1 126w, https:\/\/i0.wp.com\/eltrabajo.cl\/portal\/wp-content\/uploads\/2014\/03\/21-de-Mayo.jpg?resize=253%2C300&amp;ssl=1 253w, https:\/\/i0.wp.com\/eltrabajo.cl\/portal\/wp-content\/uploads\/2014\/03\/21-de-Mayo.jpg?resize=400%2C472&amp;ssl=1 400w\" width=\"410\" height=\"485\" loading=\"lazy\" data-original-width=\"410\" data-original-height=\"485\" itemprop=\"http:\/\/schema.org\/image\" title=\"21 de Mayo\" alt=\"LOS M\u00c1S REGALONES.- Aqu\u00ed tenemos a nuestros campeones de 1\u00ba B\u00e1sico de la Escuela 21 de Mayo, el entusiasmo y alegr\u00eda es su mejor herramienta para avanzar en sus estudios.\" style=\"width: 410px; height: 485px;\" \/> <\/a> <div class=\"tiled-gallery-caption\" itemprop=\"caption description\"> LOS M\u00c1S REGALONES.- Aqu\u00ed tenemos a nuestros campeones de 1\u00ba B\u00e1sico de la Escuela 21 de Mayo, el entusiasmo y alegr\u00eda es su mejor herramienta para avanzar en sus estudios. <\/div> <\/div> <\/div> <!-- close group --> <div class=\"gallery-group images-3\" style=\"width: 226px; height: 489px;\" data-original-width=\"226\" data-original-height=\"489\" > <div class=\"tiled-gallery-item tiled-gallery-item-small\" itemprop=\"associatedMedia\" itemscope itemtype=\"http:\/\/schema.org\/ImageObject\"> <a href=\"https:\/\/eltrabajo.cl\/portal\/conozcan-a-los-1o-basico-que-este-ano-llegan-a-conquistar-sus-suenos\/carolina-ocampo-2\/\" border=\"0\" itemprop=\"url\"> <meta itemprop=\"width\" content=\"222\"> <meta itemprop=\"height\" content=\"150\"> <img decoding=\"async\" class=\"\" data-attachment-id=\"43969\" data-orig-file=\"https:\/\/eltrabajo.cl\/portal\/wp-content\/uploads\/2014\/03\/Carolina-Ocampo.jpg\" data-orig-size=\"529,358\" data-comments-opened=\"1\" data-image-meta=\"{&quot;aperture&quot;:&quot;10&quot;,&quot;credit&quot;:&quot;&quot;,&quot;camera&quot;:&quot;Canon EOS REBEL T1i&quot;,&quot;caption&quot;:&quot;&quot;,&quot;created_timestamp&quot;:&quot;1394108914&quot;,&quot;copyright&quot;:&quot;&quot;,&quot;focal_length&quot;:&quot;18&quot;,&quot;iso&quot;:&quot;400&quot;,&quot;shutter_speed&quot;:&quot;0.005&quot;,&quot;title&quot;:&quot;&quot;}\" data-image-title=\"Carolina Ocampo\" data-image-description=\"&lt;p&gt;LOS REYES DE LA ESCUELA.- En Bellavista est\u00e1 la Escuela Carolina Ocampo y los reyes de 1\u00ba B\u00e1sico en esa casa de estudios, son estos peque\u00f1itos estudiantes.&lt;\/p&gt; \" data-medium-file=\"https:\/\/i0.wp.com\/eltrabajo.cl\/portal\/wp-content\/uploads\/2014\/03\/Carolina-Ocampo.jpg?fit=300%2C203&#038;ssl=1\" data-large-file=\"https:\/\/i0.wp.com\/eltrabajo.cl\/portal\/wp-content\/uploads\/2014\/03\/Carolina-Ocampo.jpg?fit=529%2C358&#038;ssl=1\" src=\"https:\/\/i0.wp.com\/eltrabajo.cl\/portal\/wp-content\/uploads\/2014\/03\/Carolina-Ocampo.jpg?w=222&#038;h=150&#038;ssl=1\" srcset=\"https:\/\/i0.wp.com\/eltrabajo.cl\/portal\/wp-content\/uploads\/2014\/03\/Carolina-Ocampo.jpg?w=529&amp;ssl=1 529w, https:\/\/i0.wp.com\/eltrabajo.cl\/portal\/wp-content\/uploads\/2014\/03\/Carolina-Ocampo.jpg?resize=200%2C135&amp;ssl=1 200w, https:\/\/i0.wp.com\/eltrabajo.cl\/portal\/wp-content\/uploads\/2014\/03\/Carolina-Ocampo.jpg?resize=300%2C203&amp;ssl=1 300w, https:\/\/i0.wp.com\/eltrabajo.cl\/portal\/wp-content\/uploads\/2014\/03\/Carolina-Ocampo.jpg?resize=150%2C101&amp;ssl=1 150w, https:\/\/i0.wp.com\/eltrabajo.cl\/portal\/wp-content\/uploads\/2014\/03\/Carolina-Ocampo.jpg?resize=400%2C270&amp;ssl=1 400w\" width=\"222\" height=\"150\" loading=\"lazy\" data-original-width=\"222\" data-original-height=\"150\" itemprop=\"http:\/\/schema.org\/image\" title=\"Carolina Ocampo\" alt=\"LOS REYES DE LA ESCUELA.- En Bellavista est\u00e1 la Escuela Carolina Ocampo y los reyes de 1\u00ba B\u00e1sico en esa casa de estudios, son estos peque\u00f1itos estudiantes.\" style=\"width: 222px; height: 150px;\" \/> <\/a> <div class=\"tiled-gallery-caption\" itemprop=\"caption description\"> LOS REYES DE LA ESCUELA.- En Bellavista est\u00e1 la Escuela Carolina Ocampo y los reyes de 1\u00ba B\u00e1sico en esa casa de estudios, son estos peque\u00f1itos estudiantes. <\/div> <\/div> <div class=\"tiled-gallery-item tiled-gallery-item-small\" itemprop=\"associatedMedia\" itemscope itemtype=\"http:\/\/schema.org\/ImageObject\"> <a href=\"https:\/\/eltrabajo.cl\/portal\/conozcan-a-los-1o-basico-que-este-ano-llegan-a-conquistar-sus-suenos\/heriberto-bermudez\/\" border=\"0\" itemprop=\"url\"> <meta itemprop=\"width\" content=\"222\"> <meta itemprop=\"height\" content=\"163\"> <img decoding=\"async\" class=\"\" data-attachment-id=\"43971\" data-orig-file=\"https:\/\/eltrabajo.cl\/portal\/wp-content\/uploads\/2014\/03\/Heriberto-Bermudez.jpg\" data-orig-size=\"529,388\" data-comments-opened=\"1\" data-image-meta=\"{&quot;aperture&quot;:&quot;9&quot;,&quot;credit&quot;:&quot;&quot;,&quot;camera&quot;:&quot;Canon EOS REBEL T1i&quot;,&quot;caption&quot;:&quot;&quot;,&quot;created_timestamp&quot;:&quot;1394104971&quot;,&quot;copyright&quot;:&quot;&quot;,&quot;focal_length&quot;:&quot;23&quot;,&quot;iso&quot;:&quot;400&quot;,&quot;shutter_speed&quot;:&quot;0.005&quot;,&quot;title&quot;:&quot;&quot;}\" data-image-title=\"Heriberto Bermudez\" data-image-description=\"&lt;p&gt;IMPARABLES.- En la Escuela Heriberto Berm\u00fadez de El Algarrobal, estos son los regalones que este a\u00f1o ingresaron a 1\u00ba B\u00e1sico.&lt;\/p&gt; \" data-medium-file=\"https:\/\/i0.wp.com\/eltrabajo.cl\/portal\/wp-content\/uploads\/2014\/03\/Heriberto-Bermudez.jpg?fit=300%2C220&#038;ssl=1\" data-large-file=\"https:\/\/i0.wp.com\/eltrabajo.cl\/portal\/wp-content\/uploads\/2014\/03\/Heriberto-Bermudez.jpg?fit=529%2C388&#038;ssl=1\" src=\"https:\/\/i0.wp.com\/eltrabajo.cl\/portal\/wp-content\/uploads\/2014\/03\/Heriberto-Bermudez.jpg?w=222&#038;h=163&#038;ssl=1\" srcset=\"https:\/\/i0.wp.com\/eltrabajo.cl\/portal\/wp-content\/uploads\/2014\/03\/Heriberto-Bermudez.jpg?w=529&amp;ssl=1 529w, https:\/\/i0.wp.com\/eltrabajo.cl\/portal\/wp-content\/uploads\/2014\/03\/Heriberto-Bermudez.jpg?resize=200%2C146&amp;ssl=1 200w, https:\/\/i0.wp.com\/eltrabajo.cl\/portal\/wp-content\/uploads\/2014\/03\/Heriberto-Bermudez.jpg?resize=300%2C220&amp;ssl=1 300w, https:\/\/i0.wp.com\/eltrabajo.cl\/portal\/wp-content\/uploads\/2014\/03\/Heriberto-Bermudez.jpg?resize=150%2C110&amp;ssl=1 150w, https:\/\/i0.wp.com\/eltrabajo.cl\/portal\/wp-content\/uploads\/2014\/03\/Heriberto-Bermudez.jpg?resize=400%2C293&amp;ssl=1 400w\" width=\"222\" height=\"163\" loading=\"lazy\" data-original-width=\"222\" data-original-height=\"163\" itemprop=\"http:\/\/schema.org\/image\" title=\"Heriberto Bermudez\" alt=\"IMPARABLES.- En la Escuela Heriberto Berm\u00fadez de El Algarrobal, estos son los regalones que este a\u00f1o ingresaron a 1\u00ba B\u00e1sico.\" style=\"width: 222px; height: 163px;\" \/> <\/a> <div class=\"tiled-gallery-caption\" itemprop=\"caption description\"> IMPARABLES.- En la Escuela Heriberto Berm\u00fadez de El Algarrobal, estos son los regalones que este a\u00f1o ingresaron a 1\u00ba B\u00e1sico. <\/div> <\/div> <div class=\"tiled-gallery-item tiled-gallery-item-small\" itemprop=\"associatedMedia\" itemscope itemtype=\"http:\/\/schema.org\/ImageObject\"> <a href=\"https:\/\/eltrabajo.cl\/portal\/conozcan-a-los-1o-basico-que-este-ano-llegan-a-conquistar-sus-suenos\/jose-bernardo-suarez\/\" border=\"0\" itemprop=\"url\"> <meta itemprop=\"width\" content=\"222\"> <meta itemprop=\"height\" content=\"164\"> <img decoding=\"async\" class=\"\" data-attachment-id=\"43972\" data-orig-file=\"https:\/\/eltrabajo.cl\/portal\/wp-content\/uploads\/2014\/03\/Jose-Bernardo-Suarez.jpg\" data-orig-size=\"529,391\" data-comments-opened=\"1\" data-image-meta=\"{&quot;aperture&quot;:&quot;4.5&quot;,&quot;credit&quot;:&quot;&quot;,&quot;camera&quot;:&quot;Canon EOS REBEL T1i&quot;,&quot;caption&quot;:&quot;&quot;,&quot;created_timestamp&quot;:&quot;1394109782&quot;,&quot;copyright&quot;:&quot;&quot;,&quot;focal_length&quot;:&quot;18&quot;,&quot;iso&quot;:&quot;400&quot;,&quot;shutter_speed&quot;:&quot;0.016666666666667&quot;,&quot;title&quot;:&quot;&quot;}\" data-image-title=\"Jose Bernardo Suarez\" data-image-description=\"&lt;p&gt;EL ASIENTO.- En El Asiento las cosas no podr\u00edan ir mejor, pues estos alegres estudiantes son los m\u00e1s felices en su primer a\u00f1o en la Escuela Jos\u00e9 Bernardo Su\u00e1rez.&lt;\/p&gt; \" data-medium-file=\"https:\/\/i0.wp.com\/eltrabajo.cl\/portal\/wp-content\/uploads\/2014\/03\/Jose-Bernardo-Suarez.jpg?fit=300%2C221&#038;ssl=1\" data-large-file=\"https:\/\/i0.wp.com\/eltrabajo.cl\/portal\/wp-content\/uploads\/2014\/03\/Jose-Bernardo-Suarez.jpg?fit=529%2C391&#038;ssl=1\" src=\"https:\/\/i0.wp.com\/eltrabajo.cl\/portal\/wp-content\/uploads\/2014\/03\/Jose-Bernardo-Suarez.jpg?w=222&#038;h=164&#038;ssl=1\" srcset=\"https:\/\/i0.wp.com\/eltrabajo.cl\/portal\/wp-content\/uploads\/2014\/03\/Jose-Bernardo-Suarez.jpg?w=529&amp;ssl=1 529w, https:\/\/i0.wp.com\/eltrabajo.cl\/portal\/wp-content\/uploads\/2014\/03\/Jose-Bernardo-Suarez.jpg?resize=200%2C147&amp;ssl=1 200w, https:\/\/i0.wp.com\/eltrabajo.cl\/portal\/wp-content\/uploads\/2014\/03\/Jose-Bernardo-Suarez.jpg?resize=300%2C221&amp;ssl=1 300w, https:\/\/i0.wp.com\/eltrabajo.cl\/portal\/wp-content\/uploads\/2014\/03\/Jose-Bernardo-Suarez.jpg?resize=150%2C110&amp;ssl=1 150w, https:\/\/i0.wp.com\/eltrabajo.cl\/portal\/wp-content\/uploads\/2014\/03\/Jose-Bernardo-Suarez.jpg?resize=400%2C295&amp;ssl=1 400w\" width=\"222\" height=\"164\" loading=\"lazy\" data-original-width=\"222\" data-original-height=\"164\" itemprop=\"http:\/\/schema.org\/image\" title=\"Jose Bernardo Suarez\" alt=\"EL ASIENTO.- En El Asiento las cosas no podr\u00edan ir mejor, pues estos alegres estudiantes son los m\u00e1s felices en su primer a\u00f1o en la Escuela Jos\u00e9 Bernardo Su\u00e1rez.\" style=\"width: 222px; height: 164px;\" \/> <\/a> <div class=\"tiled-gallery-caption\" itemprop=\"caption description\"> EL ASIENTO.- En El Asiento las cosas no podr\u00edan ir mejor, pues estos alegres estudiantes son los m\u00e1s felices en su primer a\u00f1o en la Escuela Jos\u00e9 Bernardo Su\u00e1rez. <\/div> <\/div> <\/div> <!-- close group --> <\/div> <!-- close row --> <div class=\"gallery-row\" style=\"width: 640px; height: 612px;\" data-original-width=\"640\" data-original-height=\"612\" > <div class=\"gallery-group images-1\" style=\"width: 640px; height: 612px;\" data-original-width=\"640\" data-original-height=\"612\" > <div class=\"tiled-gallery-item tiled-gallery-item-large\" itemprop=\"associatedMedia\" itemscope itemtype=\"http:\/\/schema.org\/ImageObject\"> <a href=\"https:\/\/eltrabajo.cl\/portal\/conozcan-a-los-1o-basico-que-este-ano-llegan-a-conquistar-sus-suenos\/rep-de-argentina\/\" border=\"0\" itemprop=\"url\"> <meta itemprop=\"width\" content=\"636\"> <meta itemprop=\"height\" content=\"608\"> <img decoding=\"async\" class=\"\" data-attachment-id=\"43973\" data-orig-file=\"https:\/\/eltrabajo.cl\/portal\/wp-content\/uploads\/2014\/03\/Rep-de-Argentina.jpg\" data-orig-size=\"529,506\" data-comments-opened=\"1\" data-image-meta=\"{&quot;aperture&quot;:&quot;5.6&quot;,&quot;credit&quot;:&quot;&quot;,&quot;camera&quot;:&quot;Canon EOS REBEL T1i&quot;,&quot;caption&quot;:&quot;&quot;,&quot;created_timestamp&quot;:&quot;1394102149&quot;,&quot;copyright&quot;:&quot;&quot;,&quot;focal_length&quot;:&quot;18&quot;,&quot;iso&quot;:&quot;400&quot;,&quot;shutter_speed&quot;:&quot;0.005&quot;,&quot;title&quot;:&quot;&quot;}\" data-image-title=\"Rep de Argentina\" data-image-description=\"&lt;p&gt;TALENTOSOS EN PROCESO.- El talento de cada uno de estos peque\u00f1itos ser\u00e1 pulido en la Escuela Art\u00edstica Rep\u00fablica Argentina, ubicada en El Tambo.&lt;\/p&gt; \" data-medium-file=\"https:\/\/i0.wp.com\/eltrabajo.cl\/portal\/wp-content\/uploads\/2014\/03\/Rep-de-Argentina.jpg?fit=300%2C286&#038;ssl=1\" data-large-file=\"https:\/\/i0.wp.com\/eltrabajo.cl\/portal\/wp-content\/uploads\/2014\/03\/Rep-de-Argentina.jpg?fit=529%2C506&#038;ssl=1\" src=\"https:\/\/i0.wp.com\/eltrabajo.cl\/portal\/wp-content\/uploads\/2014\/03\/Rep-de-Argentina.jpg?w=636&#038;h=608&#038;ssl=1\" srcset=\"https:\/\/i0.wp.com\/eltrabajo.cl\/portal\/wp-content\/uploads\/2014\/03\/Rep-de-Argentina.jpg?w=529&amp;ssl=1 529w, https:\/\/i0.wp.com\/eltrabajo.cl\/portal\/wp-content\/uploads\/2014\/03\/Rep-de-Argentina.jpg?resize=156%2C150&amp;ssl=1 156w, https:\/\/i0.wp.com\/eltrabajo.cl\/portal\/wp-content\/uploads\/2014\/03\/Rep-de-Argentina.jpg?resize=300%2C286&amp;ssl=1 300w, https:\/\/i0.wp.com\/eltrabajo.cl\/portal\/wp-content\/uploads\/2014\/03\/Rep-de-Argentina.jpg?resize=150%2C143&amp;ssl=1 150w, https:\/\/i0.wp.com\/eltrabajo.cl\/portal\/wp-content\/uploads\/2014\/03\/Rep-de-Argentina.jpg?resize=400%2C382&amp;ssl=1 400w\" width=\"636\" height=\"608\" loading=\"lazy\" data-original-width=\"636\" data-original-height=\"608\" itemprop=\"http:\/\/schema.org\/image\" title=\"Rep de Argentina\" alt=\"TALENTOSOS EN PROCESO.- El talento de cada uno de estos peque\u00f1itos ser\u00e1 pulido en la Escuela Art\u00edstica Rep\u00fablica Argentina, ubicada en El Tambo.\" style=\"width: 636px; height: 608px;\" \/> <\/a> <div class=\"tiled-gallery-caption\" itemprop=\"caption description\"> TALENTOSOS EN PROCESO.- El talento de cada uno de estos peque\u00f1itos ser\u00e1 pulido en la Escuela Art\u00edstica Rep\u00fablica Argentina, ubicada en El Tambo. <\/div> <\/div> <\/div> <!-- close group --> <\/div> <!-- close row --> <\/div>\n<p>&nbsp;<\/p>\n","protected":false},"excerpt":{"rendered":"<p>Con las pilas bien cargadas; llenos de ilusiones; algunos con miedo a lo desconocido, pero todos con unas ganas locas por aprender y descubrir la aventura de estudiar, as\u00ed de motivados est\u00e1n&#8230;<\/p>\n","protected":false},"author":482,"featured_media":43967,"comment_status":"open","ping_status":"closed","sticky":false,"template":"","format":"standard","meta":{"advanced_seo_description":"","jetpack_seo_html_title":"","jetpack_seo_noindex":false,"_jetpack_memberships_contains_paid_content":false,"footnotes":""},"categories":[15],"tags":[],"class_list":["post-43966","post","type-post","status-publish","format-standard","has-post-thumbnail","hentry","category-comunidad"],"jetpack_featured_media_url":"https:\/\/i0.wp.com\/eltrabajo.cl\/portal\/wp-content\/uploads\/2014\/03\/Escuela-Almendral.jpg?fit=529%2C398&ssl=1","jetpack_sharing_enabled":true,"jetpack_likes_enabled":true,"jetpack-related-posts":[],"_links":{"self":[{"href":"https:\/\/eltrabajo.cl\/portal\/wp-json\/wp\/v2\/posts\/43966","targetHints":{"allow":["GET"]}}],"collection":[{"href":"https:\/\/eltrabajo.cl\/portal\/wp-json\/wp\/v2\/posts"}],"about":[{"href":"https:\/\/eltrabajo.cl\/portal\/wp-json\/wp\/v2\/types\/post"}],"author":[{"embeddable":true,"href":"https:\/\/eltrabajo.cl\/portal\/wp-json\/wp\/v2\/users\/482"}],"replies":[{"embeddable":true,"href":"https:\/\/eltrabajo.cl\/portal\/wp-json\/wp\/v2\/comments?post=43966"}],"version-history":[{"count":0,"href":"https:\/\/eltrabajo.cl\/portal\/wp-json\/wp\/v2\/posts\/43966\/revisions"}],"wp:featuredmedia":[{"embeddable":true,"href":"https:\/\/eltrabajo.cl\/portal\/wp-json\/wp\/v2\/media\/43967"}],"wp:attachment":[{"href":"https:\/\/eltrabajo.cl\/portal\/wp-json\/wp\/v2\/media?parent=43966"}],"wp:term":[{"taxonomy":"category","embeddable":true,"href":"https:\/\/eltrabajo.cl\/portal\/wp-json\/wp\/v2\/categories?post=43966"},{"taxonomy":"post_tag","embeddable":true,"href":"https:\/\/eltrabajo.cl\/portal\/wp-json\/wp\/v2\/tags?post=43966"}],"curies":[{"name":"wp","href":"https:\/\/api.w.org\/{rel}","templated":true}]}}