{"id":43976,"date":"2014-03-07T09:51:54","date_gmt":"2014-03-07T12:51:54","guid":{"rendered":"http:\/\/www.eltrabajo.cl\/portal\/?p=43976"},"modified":"2014-03-07T09:51:54","modified_gmt":"2014-03-07T12:51:54","slug":"daem-instruye-a-directores-reforzar-seguridad-en-colegios-municipales","status":"publish","type":"post","link":"https:\/\/eltrabajo.cl\/portal\/daem-instruye-a-directores-reforzar-seguridad-en-colegios-municipales\/","title":{"rendered":"Daem instruye a Directores reforzar seguridad en colegios municipales"},"content":{"rendered":"<figure id=\"attachment_43977\" aria-describedby=\"caption-attachment-43977\" style=\"width: 317px\" class=\"wp-caption alignleft\"><a href=\"https:\/\/i0.wp.com\/www.eltrabajo.cl\/portal\/wp-content\/uploads\/2014\/03\/ivan-silva.jpg\"><img data-recalc-dims=\"1\" loading=\"lazy\" decoding=\"async\" class=\" wp-image-43977 \" alt=\"Iv\u00e1n Silva Padilla, Director de Educaci\u00f3n Municipal.\" src=\"https:\/\/i0.wp.com\/www.eltrabajo.cl\/portal\/wp-content\/uploads\/2014\/03\/ivan-silva.jpg?resize=317%2C262\" width=\"317\" height=\"262\" srcset=\"https:\/\/i0.wp.com\/eltrabajo.cl\/portal\/wp-content\/uploads\/2014\/03\/ivan-silva.jpg?w=529&amp;ssl=1 529w, https:\/\/i0.wp.com\/eltrabajo.cl\/portal\/wp-content\/uploads\/2014\/03\/ivan-silva.jpg?resize=181%2C150&amp;ssl=1 181w, https:\/\/i0.wp.com\/eltrabajo.cl\/portal\/wp-content\/uploads\/2014\/03\/ivan-silva.jpg?resize=300%2C247&amp;ssl=1 300w, https:\/\/i0.wp.com\/eltrabajo.cl\/portal\/wp-content\/uploads\/2014\/03\/ivan-silva.jpg?resize=150%2C123&amp;ssl=1 150w, https:\/\/i0.wp.com\/eltrabajo.cl\/portal\/wp-content\/uploads\/2014\/03\/ivan-silva.jpg?resize=400%2C330&amp;ssl=1 400w\" sizes=\"auto, (max-width: 317px) 100vw, 317px\" \/><\/a><figcaption id=\"caption-attachment-43977\" class=\"wp-caption-text\">Iv\u00e1n Silva Padilla, Director de Educaci\u00f3n Municipal.<\/figcaption><\/figure>\n<p>Para nadie es un misterio que Chile tiene actividad s\u00edsmica permanente, raz\u00f3n por la cual es necesario estar siempre atentos y preparados a cualquier situaci\u00f3n que est\u00e9 relacionado con esta materia.<\/p>\n<p>Es por eso que con el retorno de los alumnos a clases, el Alcalde Patricio Freire instruy\u00f3 el mejoramiento de las medidas de seguridad al interior de los establecimiento educacionales, a cada uno de los Directores, por ello la Direcci\u00f3n de Educaci\u00f3n Municipal, dispuso la coordinaci\u00f3n con todos los colegios y liceos de la comuna y realizar a la brevedad simulacros en el plan de seguridad, conocido como plan Francisca Cooper (ex Deyse)<\/p>\n<p>Por lo anterior, y muy preocupado en materias de seguridad, Iv\u00e1n Silva Padilla, Director de Educaci\u00f3n Municipal, se\u00f1al\u00f3 que \u00abhace m\u00e1s de un mes estamos trabajando en esta materia, conjuntamente con la coordinadora de los establecimientos educacionales para estas instancias, Patricia Pimentel, y nuestro asesor del IST, Cristian Ureta, realizando primeramente un diagn\u00f3stico, debido a que cada realidad es distinta en cada establecimiento, esto sumado a las modificaciones que se realizaron en la dotaci\u00f3n de funcionarios, por lo que se espera que el plazo de una semana a contar de esta fecha, este diagn\u00f3stico est\u00e9 finalizado, permiti\u00e9ndonos actualizar y mejorar los procedimientos, pero mientras eso ocurre, estamos trabajando con lo hecho hasta el a\u00f1o pasado, puesto esto en conocimiento de cada uno de los Directores, por lo que la preocupaci\u00f3n de nosotros como autoridades es permanente, realizando un llamado a la comunidad de estar tranquilos\u00bb.<\/p>\n<p>Por su parte, Patricia Pimentel, coordinadora de actividades extra escolares de la DAEM, entreg\u00f3 detalles sobre los trabajos que se desarrollan en materias de seguridad y prevenci\u00f3n, manifestando que \u00abcon los \u00faltimos sismos, se han apurado los trabajos que pensaban implementar, pero los establecimientos tienen sus propios protocolos de acci\u00f3n, tales como mapas que se\u00f1alan las zonas de seguridad, labor que fue ejecutada el a\u00f1o reci\u00e9n pasado. Para este a\u00f1o, estamos realizando un nuevo diagn\u00f3stico de estos informes ya existentes, para posteriormente reunirnos con los Directores y definir las modificaciones a los procedimientos\u00bb.<\/p>\n<p>A su vez, Cristian Ureta, experto en Prevenci\u00f3n de Riesgos del IST, se\u00f1al\u00f3 que \u00ablas actividades que nosotros desarrollamos como IST, Municipalidad y DAEM obviamente, este a\u00f1o, en el mes de marzo, comenzamos a realizar inspecciones en cada uno de los colegios, junto con el inicio de las clases, tareas que se realizan anualmente, y esperamos que se puedan realizar mejoras tendientes a estar al d\u00eda en materias de seguridad y prevenci\u00f3n, por lo que a fin de mes tendremos un catastro detallado de cada uno de los 32 establecimientos educacionales municipalizados de la comuna, y saber cu\u00e1l es su realidad, para en base a eso, trabajar en la actualizaci\u00f3n de los planes de evacuaci\u00f3n y de emergencia\u00bb.<\/p>\n<p>&nbsp;<\/p>\n","protected":false},"excerpt":{"rendered":"<p>Para nadie es un misterio que Chile tiene actividad s\u00edsmica permanente, raz\u00f3n por la cual es necesario estar siempre atentos y preparados a cualquier situaci\u00f3n que est\u00e9 relacionado con esta materia. Es&#8230;<\/p>\n","protected":false},"author":482,"featured_media":43977,"comment_status":"open","ping_status":"closed","sticky":false,"template":"","format":"standard","meta":{"advanced_seo_description":"","jetpack_seo_html_title":"","jetpack_seo_noindex":false,"_jetpack_memberships_contains_paid_content":false,"footnotes":""},"categories":[1],"tags":[],"class_list":["post-43976","post","type-post","status-publish","format-standard","has-post-thumbnail","hentry","category-cronica"],"jetpack_featured_media_url":"https:\/\/i0.wp.com\/eltrabajo.cl\/portal\/wp-content\/uploads\/2014\/03\/ivan-silva.jpg?fit=529%2C437&ssl=1","jetpack_sharing_enabled":true,"jetpack_likes_enabled":true,"jetpack-related-posts":[],"_links":{"self":[{"href":"https:\/\/eltrabajo.cl\/portal\/wp-json\/wp\/v2\/posts\/43976","targetHints":{"allow":["GET"]}}],"collection":[{"href":"https:\/\/eltrabajo.cl\/portal\/wp-json\/wp\/v2\/posts"}],"about":[{"href":"https:\/\/eltrabajo.cl\/portal\/wp-json\/wp\/v2\/types\/post"}],"author":[{"embeddable":true,"href":"https:\/\/eltrabajo.cl\/portal\/wp-json\/wp\/v2\/users\/482"}],"replies":[{"embeddable":true,"href":"https:\/\/eltrabajo.cl\/portal\/wp-json\/wp\/v2\/comments?post=43976"}],"version-history":[{"count":0,"href":"https:\/\/eltrabajo.cl\/portal\/wp-json\/wp\/v2\/posts\/43976\/revisions"}],"wp:featuredmedia":[{"embeddable":true,"href":"https:\/\/eltrabajo.cl\/portal\/wp-json\/wp\/v2\/media\/43977"}],"wp:attachment":[{"href":"https:\/\/eltrabajo.cl\/portal\/wp-json\/wp\/v2\/media?parent=43976"}],"wp:term":[{"taxonomy":"category","embeddable":true,"href":"https:\/\/eltrabajo.cl\/portal\/wp-json\/wp\/v2\/categories?post=43976"},{"taxonomy":"post_tag","embeddable":true,"href":"https:\/\/eltrabajo.cl\/portal\/wp-json\/wp\/v2\/tags?post=43976"}],"curies":[{"name":"wp","href":"https:\/\/api.w.org\/{rel}","templated":true}]}}