{"id":43980,"date":"2014-03-07T09:54:34","date_gmt":"2014-03-07T12:54:34","guid":{"rendered":"http:\/\/www.eltrabajo.cl\/portal\/?p=43980"},"modified":"2014-03-07T09:54:34","modified_gmt":"2014-03-07T12:54:34","slug":"nueva-denuncia-contra-empresa-de-parquimetros-por-aumentar-calzos","status":"publish","type":"post","link":"https:\/\/eltrabajo.cl\/portal\/nueva-denuncia-contra-empresa-de-parquimetros-por-aumentar-calzos\/","title":{"rendered":"Nueva denuncia contra empresa de Parqu\u00edmetros por aumentar calzos"},"content":{"rendered":"<figure id=\"attachment_43981\" aria-describedby=\"caption-attachment-43981\" style=\"width: 529px\" class=\"wp-caption alignnone\"><a href=\"https:\/\/i0.wp.com\/www.eltrabajo.cl\/portal\/wp-content\/uploads\/2014\/03\/calzos-corridos-parquimetros.jpg\"><img data-recalc-dims=\"1\" loading=\"lazy\" decoding=\"async\" class=\"size-full wp-image-43981\" alt=\"La flecha muestra exactamente el espacio ganado para el estacionamiento de veh\u00edculos, conseguido con el expediente de pintar de blanco la zona amarilla que demarca los 10 metros antes de la esquina donde no se puede estacionar. El tema preocupa al municipio que ya advirti\u00f3 a la empresa para que corrigiera la diferencia.\" src=\"https:\/\/i0.wp.com\/www.eltrabajo.cl\/portal\/wp-content\/uploads\/2014\/03\/calzos-corridos-parquimetros.jpg?resize=529%2C401\" width=\"529\" height=\"401\" srcset=\"https:\/\/i0.wp.com\/eltrabajo.cl\/portal\/wp-content\/uploads\/2014\/03\/calzos-corridos-parquimetros.jpg?w=529&amp;ssl=1 529w, https:\/\/i0.wp.com\/eltrabajo.cl\/portal\/wp-content\/uploads\/2014\/03\/calzos-corridos-parquimetros.jpg?resize=197%2C150&amp;ssl=1 197w, https:\/\/i0.wp.com\/eltrabajo.cl\/portal\/wp-content\/uploads\/2014\/03\/calzos-corridos-parquimetros.jpg?resize=300%2C227&amp;ssl=1 300w, https:\/\/i0.wp.com\/eltrabajo.cl\/portal\/wp-content\/uploads\/2014\/03\/calzos-corridos-parquimetros.jpg?resize=150%2C113&amp;ssl=1 150w, https:\/\/i0.wp.com\/eltrabajo.cl\/portal\/wp-content\/uploads\/2014\/03\/calzos-corridos-parquimetros.jpg?resize=400%2C303&amp;ssl=1 400w\" sizes=\"auto, (max-width: 529px) 100vw, 529px\" \/><\/a><figcaption id=\"caption-attachment-43981\" class=\"wp-caption-text\">La flecha muestra exactamente el espacio ganado para el estacionamiento de veh\u00edculos, conseguido con el expediente de pintar de blanco la zona amarilla que demarca los 10 metros antes de la esquina donde no se puede estacionar. El tema preocupa al municipio que ya advirti\u00f3 a la empresa para que corrigiera la diferencia.<\/figcaption><\/figure>\n<ul>\n<li><strong style=\"font-size: 13px;\">La \u2018estrategia\u2019 de la empresa Epark para \u2018ganar espacios\u2019 de estacionamiento y as\u00ed recibir mejores ingresos.<\/strong><\/li>\n<\/ul>\n<p>Una nueva situaci\u00f3n an\u00f3mala rodea la explotaci\u00f3n del sistema de estacionamientos en la ciudad de San Felipe. Ahora dice relaci\u00f3n con una nueva demarcaci\u00f3n que ejecut\u00f3 aparentemente la misma empresa concesionaria en algunas calles del centro de la ciudad.<\/p>\n<p>Seg\u00fan pudo conocer Diario El Trabajo, el contrato firmado entre la empresa concesionaria y el municipio local en el mes de julio de 2013 inclu\u00eda la explotaci\u00f3n de 568 calzos debidamente marcados y delimitados en secciones de \u2018Zona Alta\u2019 y \u2018Zona Baja\u2019, con valores de $330 pesos por 30 minutos en la primera y a $270 pesos en zona baja por el mismo tiempo, pero luego de la media hora se cancela s\u00f3lo cada minuto usado.<\/p>\n<p>Del dinero recaudado, 12 millones de pesos se cancelan directamente a la Municipalidad de San Felipe, como pago por la concesi\u00f3n en forma mensual. Respecto a los destinos de esos dineros, se usar\u00eda por ejemplo, en reparar veredas y pintar o delimitar pasos peatonales, etc.<\/p>\n<p><strong>Correr la l\u00ednea<\/strong><\/p>\n<p>Todo marchaba bien hasta que se comenz\u00f3 a conocer la denuncia que devel\u00f3 un fraude por parte de algunos operarios y eso alert\u00f3 en una revisi\u00f3n necesaria de la manera en que Epark est\u00e1 ejecutando el contrato.<\/p>\n<p>Personal del departamento de Tr\u00e1nsito de la municipalidad fue alertado de que la pintura que se est\u00e1 aplicando para demarcar cada calzo \u00absufri\u00f3 una intencionada modificaci\u00f3n\u00bb. En efecto el lente de Diario El Trabajo descubri\u00f3 que a cada extremo de una cuadra, la tradicional \u2018cuneta\u2019 amarilla hab\u00eda sido sobre pintada un metro y medio m\u00e1s hacia la esquina. As\u00ed, al sumar los dos nuevos espacios se genera un nuevo calzo y por consiguiente un nuevo espacio a explotar comercialmente.<\/p>\n<p>Seg\u00fan estimaciones hechas por nuestro diario, esta \u2018remarcaci\u00f3n\u2019 permitir\u00eda a la empresa expandir su n\u00famero de calzos posibles hasta alcanzar los 600, y con ello incrementar\u00eda sus ingresos con a lo menos 6 millones de pesos adicionales, contemplando solo la ocupaci\u00f3n de la mitad de la jornada de parqu\u00edmetros. Esto implicar\u00eda que con ese solo ejercicio la empresa se ahorrar\u00eda la mitad del dinero que reembolsa al municipio. Claro que si el arriendo es a tiempo completo, dicho pago estar\u00eda financiado solo con el desplazamiento de un calzo adicional.<\/p>\n<p>En el municipio est\u00e1n al tanto de dicha anomal\u00eda, y en jornadas pasadas funcionarios municipales admitieron a Diario El Trabajo \u00abla necesidad de una fiscalizaci\u00f3n a esta nueva anormalidad\u00bb. Hoy, es el departamento de Tr\u00e1nsito el que mantiene un informe de los calzos adicionales que se alcanzaron a pintar y que se est\u00e1n cobrando. Por lo mismo en el departamento jur\u00eddico advirtieron a la cuestionada empresa en reuni\u00f3n sostenida la semana pasada que, \u2018el contrato contempla una cantidad espec\u00edfica de calzos y no existe raz\u00f3n alguna para que se vulnere lo acordado\u2019.<\/p>\n<p>Otro aspecto que deber\u00e1 revisar el municipio local es que la Ley de Tr\u00e1nsito (18.290) en su T\u00edtulo XIII sobre Estacionamiento y Detenci\u00f3n, se\u00f1ala con claridad en su Art\u00edculo 159.- \u2018Se proh\u00edben las siguientes detenciones y estacionamientos: 3.- A menos de diez metros de una esquina\u2019. El problema se viene ah\u00ed para el departamento de Tr\u00e1nsito pues con este movimiento de marcas en el suelo, esos l\u00edmites que permite la ley se ver\u00edan vulnerados en algunas esquinas del centro.<\/p>\n<p>&nbsp;<\/p>\n","protected":false},"excerpt":{"rendered":"<p>La \u2018estrategia\u2019 de la empresa Epark para \u2018ganar espacios\u2019 de estacionamiento y as\u00ed recibir mejores ingresos. Una nueva situaci\u00f3n an\u00f3mala rodea la explotaci\u00f3n del sistema de estacionamientos en la ciudad de San&#8230;<\/p>\n","protected":false},"author":482,"featured_media":43981,"comment_status":"open","ping_status":"closed","sticky":false,"template":"","format":"standard","meta":{"advanced_seo_description":"","jetpack_seo_html_title":"","jetpack_seo_noindex":false,"_jetpack_memberships_contains_paid_content":false,"footnotes":""},"categories":[1],"tags":[],"class_list":["post-43980","post","type-post","status-publish","format-standard","has-post-thumbnail","hentry","category-cronica"],"jetpack_featured_media_url":"https:\/\/i0.wp.com\/eltrabajo.cl\/portal\/wp-content\/uploads\/2014\/03\/calzos-corridos-parquimetros.jpg?fit=529%2C401&ssl=1","jetpack_sharing_enabled":true,"jetpack_likes_enabled":true,"jetpack-related-posts":[],"_links":{"self":[{"href":"https:\/\/eltrabajo.cl\/portal\/wp-json\/wp\/v2\/posts\/43980","targetHints":{"allow":["GET"]}}],"collection":[{"href":"https:\/\/eltrabajo.cl\/portal\/wp-json\/wp\/v2\/posts"}],"about":[{"href":"https:\/\/eltrabajo.cl\/portal\/wp-json\/wp\/v2\/types\/post"}],"author":[{"embeddable":true,"href":"https:\/\/eltrabajo.cl\/portal\/wp-json\/wp\/v2\/users\/482"}],"replies":[{"embeddable":true,"href":"https:\/\/eltrabajo.cl\/portal\/wp-json\/wp\/v2\/comments?post=43980"}],"version-history":[{"count":0,"href":"https:\/\/eltrabajo.cl\/portal\/wp-json\/wp\/v2\/posts\/43980\/revisions"}],"wp:featuredmedia":[{"embeddable":true,"href":"https:\/\/eltrabajo.cl\/portal\/wp-json\/wp\/v2\/media\/43981"}],"wp:attachment":[{"href":"https:\/\/eltrabajo.cl\/portal\/wp-json\/wp\/v2\/media?parent=43980"}],"wp:term":[{"taxonomy":"category","embeddable":true,"href":"https:\/\/eltrabajo.cl\/portal\/wp-json\/wp\/v2\/categories?post=43980"},{"taxonomy":"post_tag","embeddable":true,"href":"https:\/\/eltrabajo.cl\/portal\/wp-json\/wp\/v2\/tags?post=43980"}],"curies":[{"name":"wp","href":"https:\/\/api.w.org\/{rel}","templated":true}]}}