{"id":44015,"date":"2014-03-10T09:29:17","date_gmt":"2014-03-10T12:29:17","guid":{"rendered":"http:\/\/www.eltrabajo.cl\/portal\/?p=44015"},"modified":"2014-03-10T09:29:17","modified_gmt":"2014-03-10T12:29:17","slug":"acusan-al-municipio-de-no-querer-recepcionar-obras-del-edificio-de-la-gobernacion","status":"publish","type":"post","link":"https:\/\/eltrabajo.cl\/portal\/acusan-al-municipio-de-no-querer-recepcionar-obras-del-edificio-de-la-gobernacion\/","title":{"rendered":"Acusan al municipio de no querer recepcionar obras del edificio de la gobernaci\u00f3n"},"content":{"rendered":"<figure id=\"attachment_44016\" aria-describedby=\"caption-attachment-44016\" style=\"width: 317px\" class=\"wp-caption alignleft\"><a href=\"https:\/\/i0.wp.com\/www.eltrabajo.cl\/portal\/wp-content\/uploads\/2014\/03\/pedro-sariego-gob.jpg\"><img data-recalc-dims=\"1\" loading=\"lazy\" decoding=\"async\" class=\" wp-image-44016 \" alt=\"El Seremi de Obras P\u00fablicas, Pedro Sariego, responsabiliz\u00f3 en forma directa al municipio por no haber recibido las obras del edificio de la Gobernaci\u00f3n Provincial.\" src=\"https:\/\/i0.wp.com\/www.eltrabajo.cl\/portal\/wp-content\/uploads\/2014\/03\/pedro-sariego-gob.jpg?resize=317%2C293\" width=\"317\" height=\"293\" srcset=\"https:\/\/i0.wp.com\/eltrabajo.cl\/portal\/wp-content\/uploads\/2014\/03\/pedro-sariego-gob.jpg?w=529&amp;ssl=1 529w, https:\/\/i0.wp.com\/eltrabajo.cl\/portal\/wp-content\/uploads\/2014\/03\/pedro-sariego-gob.jpg?resize=162%2C150&amp;ssl=1 162w, https:\/\/i0.wp.com\/eltrabajo.cl\/portal\/wp-content\/uploads\/2014\/03\/pedro-sariego-gob.jpg?resize=300%2C277&amp;ssl=1 300w, https:\/\/i0.wp.com\/eltrabajo.cl\/portal\/wp-content\/uploads\/2014\/03\/pedro-sariego-gob.jpg?resize=150%2C138&amp;ssl=1 150w, https:\/\/i0.wp.com\/eltrabajo.cl\/portal\/wp-content\/uploads\/2014\/03\/pedro-sariego-gob.jpg?resize=400%2C369&amp;ssl=1 400w\" sizes=\"auto, (max-width: 317px) 100vw, 317px\" \/><\/a><figcaption id=\"caption-attachment-44016\" class=\"wp-caption-text\">El Seremi de Obras P\u00fablicas, Pedro Sariego, responsabiliz\u00f3 en forma directa al municipio por no haber recibido las obras del edificio de la Gobernaci\u00f3n Provincial.<\/figcaption><\/figure>\n<p><strong>LOS ANDES.<\/strong>&#8211; El Seremi de Obras P\u00fablicas, Pedro Sariego, responsabiliz\u00f3 en forma directa al municipio por no haber recibido las obras del edificio de la Gobernaci\u00f3n Provincial y que fueron blanco de los cuestionamientos por la ca\u00edda de un trabajador de correos al foso del ascensor. Durante su visita Los Andes, Sariego desminti\u00f3 tajantemente al alcalde Navarro respecto a la responsabilidad del Ministerio en la supuesta demora en la entrega de los antecedentes para poder recepcionar la obra, asegurando que las cosas son completamente al rev\u00e9s, ya que los documentos fueron entregados a la direcci\u00f3n de obras hace tres meses y es por consiguiente el municipio el que no ha querido aprobarlos.<\/p>\n<p>\u201cNosotros entregamos toda la documentaci\u00f3n a la municipalidad hace harto tiempo, m\u00e1s de tres meses, y yo soy el que se siente muy extra\u00f1ado del atraso de la municipalidad por recepcionar la obras, es la primera vez que yo veo que es al rev\u00e9s, en que una municipalidad se toma infinitos tiempos para recepcionar una obra\u201d, fustig\u00f3 Sariego.<\/p>\n<p>El Seremi catalog\u00f3 la actitud de la municipalidad como un hecho totalmente an\u00f3malo. \u201cNo quiero decir que es mala intenci\u00f3n, pero por lo menos es an\u00f3malo. Es extra\u00f1o que tengamos un edificio como \u00e9ste sin regularizar. Cualquier ingeniero o arquitecto que venga a ver esta obra dir\u00e1 que este edificio est\u00e1 en condiciones de operar sin ning\u00fan problema, y es an\u00f3malo que la municipalidad no se d\u00e9 por enterada. Podr\u00e1n decir que estuvieron de vacaciones o cualquier cosa, pero que no est\u00e9 entregada es a lo menos extra\u00f1o\u201d, acot\u00f3.<\/p>\n<p>En este sentido, Sariego desliz\u00f3 la posibilidad de que esta situaci\u00f3n tenga ribetes de car\u00e1cter pol\u00edtico, \u201cpues hacer pol\u00edtica as\u00ed es muy primitivo, b\u00e1sico y elemental. Si queremos mejorar la pol\u00edtica en Chile hay que hacerla por arriba y no por los s\u00f3tanos, si le van a ganar a alguien que sea porque es mejor que las propuestas del contrincante. Han existido infundios y cosas extra\u00f1as como estas, porque no tiene ning\u00fan sentido que el edificio no est\u00e9 operativo porque la municipalidad no da un permiso, esto es absolutamente raro\u201d, espet\u00f3.<\/p>\n<p>&nbsp;<\/p>\n<p>Respecto a la denuncia del Concejal Octavio Arellano, por la ca\u00edda de un trabajador de Correos al foso del ascensor, manifest\u00f3 que existen dudas razonables respecto a la ocurrencia de los hechos que originaron la ola de cr\u00edticas de parte del municipio.<\/p>\n<p>\u201cNosotros hemos hecho una investigaci\u00f3n seria al respecto, tenemos todos los antecedentes del caso y yo quiero decirlo con todas sus letras, que esto de llegar y lanzar noticia y darla por cierta, por muy concejal y abogado que sea (Octavio Arellano) no tiene ning\u00fan derecho a hacer lo que est\u00e1 diciendo. Aqu\u00ed estamos en una cuesti\u00f3n seria, no se puede jugar con este tipo de temas\u201d, asever\u00f3.<\/p>\n<p>En este contexto, afirm\u00f3 que los hechos no son como los denunci\u00f3 Arellano, \u201cpues tal vez \u00e9l (Arellano) se gan\u00f3 la primera plana nuevamente con esta historia sensacionalista y con morbo, y adem\u00e1s gan\u00f3 5.000 visitas en las redes sociales, pero nosotros cuando la aclaramos no tuvimos el mismo impacto medi\u00e1tico\u201d.<\/p>\n<p>Agreg\u00f3 que a\u00fan no concluye la investigaci\u00f3n de la Mutual de Seguridad respecto a este caso y que aclarar\u00e1n lo que realmente ocurri\u00f3.<\/p>\n<p>\u201cNuevamente el marketing, de la noticia f\u00e1cil provoca estas situaciones que no le hace bien a Chile ni a Los Andes, y menos que se juegue con las personas. Estamos todos dando explicaciones porque alguien se quiere dar un gusto en pol\u00edtica, y eso me parece impresentable\u201d, argument\u00f3.<\/p>\n<p>Precis\u00f3 que al momento del accidente el ascensor contaba con la debida se\u00f1al\u00e9tica que no se pod\u00eda ocupar, \u201cy aparentemente todo parece indicar que la persona no cay\u00f3 por el foso del ascensor, sino por la escala que da hacia la bodega subterr\u00e1nea. Me parece s\u00faper extra\u00f1o todo, y estos son los antecedentes que nosotros hemos recogido y ahora ser\u00e1 la mutual que tendr\u00e1 que investigarlo en detalle y ellos decidir\u00e1n qu\u00e9 fue lo que verdaderamente ocurri\u00f3. Si tenemos que ir a la justicia lo haremos con todos estos antecedentes\u201d.<\/p>\n<p>Indic\u00f3 que el ascensor no tiene ning\u00fan da\u00f1o que evidencie que una persona cay\u00f3 sobre el techo, \u201cya que incluso fue revisado por los prevencionistas de riesgo de la Seremi del MOP, mutual de seguridad y la empresa que instal\u00f3 el elevador y no se identific\u00f3 ninguna falla\u201d.<\/p>\n<p>&nbsp;<\/p>\n","protected":false},"excerpt":{"rendered":"<p>LOS ANDES.&#8211; El Seremi de Obras P\u00fablicas, Pedro Sariego, responsabiliz\u00f3 en forma directa al municipio por no haber recibido las obras del edificio de la Gobernaci\u00f3n Provincial y que fueron blanco de&#8230;<\/p>\n","protected":false},"author":482,"featured_media":44016,"comment_status":"open","ping_status":"closed","sticky":false,"template":"","format":"standard","meta":{"advanced_seo_description":"","jetpack_seo_html_title":"","jetpack_seo_noindex":false,"_jetpack_memberships_contains_paid_content":false,"footnotes":""},"categories":[15],"tags":[],"class_list":["post-44015","post","type-post","status-publish","format-standard","has-post-thumbnail","hentry","category-comunidad"],"jetpack_featured_media_url":"https:\/\/i0.wp.com\/eltrabajo.cl\/portal\/wp-content\/uploads\/2014\/03\/pedro-sariego-gob.jpg?fit=529%2C489&ssl=1","jetpack_sharing_enabled":true,"jetpack_likes_enabled":true,"jetpack-related-posts":[],"_links":{"self":[{"href":"https:\/\/eltrabajo.cl\/portal\/wp-json\/wp\/v2\/posts\/44015","targetHints":{"allow":["GET"]}}],"collection":[{"href":"https:\/\/eltrabajo.cl\/portal\/wp-json\/wp\/v2\/posts"}],"about":[{"href":"https:\/\/eltrabajo.cl\/portal\/wp-json\/wp\/v2\/types\/post"}],"author":[{"embeddable":true,"href":"https:\/\/eltrabajo.cl\/portal\/wp-json\/wp\/v2\/users\/482"}],"replies":[{"embeddable":true,"href":"https:\/\/eltrabajo.cl\/portal\/wp-json\/wp\/v2\/comments?post=44015"}],"version-history":[{"count":0,"href":"https:\/\/eltrabajo.cl\/portal\/wp-json\/wp\/v2\/posts\/44015\/revisions"}],"wp:featuredmedia":[{"embeddable":true,"href":"https:\/\/eltrabajo.cl\/portal\/wp-json\/wp\/v2\/media\/44016"}],"wp:attachment":[{"href":"https:\/\/eltrabajo.cl\/portal\/wp-json\/wp\/v2\/media?parent=44015"}],"wp:term":[{"taxonomy":"category","embeddable":true,"href":"https:\/\/eltrabajo.cl\/portal\/wp-json\/wp\/v2\/categories?post=44015"},{"taxonomy":"post_tag","embeddable":true,"href":"https:\/\/eltrabajo.cl\/portal\/wp-json\/wp\/v2\/tags?post=44015"}],"curies":[{"name":"wp","href":"https:\/\/api.w.org\/{rel}","templated":true}]}}